{"id":111952,"date":"2017-04-05T11:24:28","date_gmt":"2017-04-05T13:24:28","guid":{"rendered":"http:\/\/aconteceunovale.com.br\/portal\/?p=111952"},"modified":"2017-04-05T11:24:28","modified_gmt":"2017-04-05T13:24:28","slug":"senado-aprova-medida-provisoria-que-cria-o-cartao-reforma","status":"publish","type":"post","link":"https:\/\/aconteceunovale.com.br\/portal\/?p=111952","title":{"rendered":"Senado aprova medida provis\u00f3ria que cria o Cart\u00e3o Reforma"},"content":{"rendered":"<p>O plen\u00e1rio do Senado aprovou hoje (4) a Medida Provis\u00f3ria 751\/16, que cria o Programa Cart\u00e3o Reforma, que vai subsidiar a compra de materiais de constru\u00e7\u00e3o destinados \u00e0 reforma, amplia\u00e7\u00e3o, promo\u00e7\u00e3o da acessibilidade ou conclus\u00e3o de obras em im\u00f3veis de fam\u00edlias de baixa renda.<\/p>\n<p>A proposta foi encaminhada pelo governo em novembro do ano passado. Os senadores aprovaram o texto da relatora na comiss\u00e3o mista, senadora Ana Am\u00e9lia (PP-RS), estabelecendo que ter\u00e3o direito ao benef\u00edcio do cart\u00e3o as fam\u00edlias com renda mensal de at\u00e9 R$ 2,8 mil. A proposta do governo previa acesso ao cart\u00e3o para as fam\u00edlias com renda mensal de R$ 1,8 mil.<\/p>\n<p>O programa ter\u00e1 cerca de R$ 1 bilh\u00e3o em recursos e a estimativa do governo \u00e9 beneficiar 100 mil fam\u00edlias. Quando o texto passou pela C\u00e2mara, os deputados aprovaram uma emenda do PT que aumenta de 10% para 20% os recursos destinados a resid\u00eancias localizadas em \u00e1rea rural, que foi mantida pela senadora Ana Am\u00e9lia.<\/p>\n<p>De acordo com o texto, ter\u00e3o prioridade no atendimento fam\u00edlias cujo respons\u00e1vel pela subsist\u00eancia seja a mulher, tenham idosos e pessoas com defici\u00eancia.<\/p>\n<p>O benef\u00edcio do Cart\u00e3o Reforma n\u00e3o poder\u00e1 ser acumulado com outros subs\u00eddios concedidos pelo governo, exceto os concedidos a pessoas f\u00edsicas h\u00e1 mais de dez anos.<\/p>\n<p>A administra\u00e7\u00e3o dos recursos do Cart\u00e3o Reforma ficar\u00e1 a cargo da Caixa Econ\u00f4mica Federal, mas bancos estaduais tamb\u00e9m poder\u00e3o operacionalizar o programa. O texto seguiu para san\u00e7\u00e3o presidencial.<\/p>\n<p><strong>VER PRIMEIRO<\/strong><\/p>\n<p><strong>Receba as not\u00edcias do Aconteceu no Vale em primeira m\u00e3o. Clique em curtir no endere\u00e7o <a href=\"https:\/\/www.facebook.com\/aconteceunovale\" target=\"_blank\"><font color=\"red\">www.facebook.com\/aconteceunovale<\/font><\/a> ou no box abaixo:<\/strong><\/p>\n<div class=\"fb-like\" data-href=\"https:\/\/www.facebook.com\/aconteceunovale\" data-width=\"120\" data-layout=\"standard\" data-action=\"like\" data-size=\"small\" data-show-faces=\"true\" data-share=\"true\"><\/div>\n<p><\/br><\/p>\n<p><em>(Fonte: Ag\u00eancia Brasil)<\/em><\/p>\n","protected":false},"excerpt":{"rendered":"<p>O plen\u00e1rio do Senado aprovou hoje (4) a Medida Provis\u00f3ria 751\/16, que cria o Programa Cart\u00e3o Reforma, que vai subsidiar a compra de materiais de constru\u00e7\u00e3o destinados \u00e0 reforma, amplia\u00e7\u00e3o, promo\u00e7\u00e3o da acessibilidade ou conclus\u00e3o de obras em im\u00f3veis de fam\u00edlias de baixa renda. A proposta foi encaminhada pelo governo em novembro do ano passado. [&hellip;]<\/p>\n","protected":false},"author":1,"featured_media":111412,"comment_status":"open","ping_status":"closed","sticky":false,"template":"","format":"standard","meta":{"amp_status":"","footnotes":""},"categories":[6],"tags":[28214,21888,143956,143958,143960,143959,21882,143957,21938,144844],"class_list":["post-111952","post","type-post","status-publish","format-standard","has-post-thumbnail","hentry","category-br","tag-caixa-economica-federal","tag-camara","tag-camara-aprova-medida-provisoria-que-cria-programa-cartao-reforma","tag-cartao-reforma","tag-compra-de-materiais-de-construcao","tag-criacao-do-cartao-reforma","tag-mp","tag-programa-cartao-reforma","tag-senado","tag-senado-aprova-medida-provisoria-que-cria-o-cartao-reforma"],"_links":{"self":[{"href":"https:\/\/aconteceunovale.com.br\/portal\/index.php?rest_route=\/wp\/v2\/posts\/111952","targetHints":{"allow":["GET"]}}],"collection":[{"href":"https:\/\/aconteceunovale.com.br\/portal\/index.php?rest_route=\/wp\/v2\/posts"}],"about":[{"href":"https:\/\/aconteceunovale.com.br\/portal\/index.php?rest_route=\/wp\/v2\/types\/post"}],"author":[{"embeddable":true,"href":"https:\/\/aconteceunovale.com.br\/portal\/index.php?rest_route=\/wp\/v2\/users\/1"}],"replies":[{"embeddable":true,"href":"https:\/\/aconteceunovale.com.br\/portal\/index.php?rest_route=%2Fwp%2Fv2%2Fcomments&post=111952"}],"version-history":[{"count":0,"href":"https:\/\/aconteceunovale.com.br\/portal\/index.php?rest_route=\/wp\/v2\/posts\/111952\/revisions"}],"wp:featuredmedia":[{"embeddable":true,"href":"https:\/\/aconteceunovale.com.br\/portal\/index.php?rest_route=\/wp\/v2\/media\/111412"}],"wp:attachment":[{"href":"https:\/\/aconteceunovale.com.br\/portal\/index.php?rest_route=%2Fwp%2Fv2%2Fmedia&parent=111952"}],"wp:term":[{"taxonomy":"category","embeddable":true,"href":"https:\/\/aconteceunovale.com.br\/portal\/index.php?rest_route=%2Fwp%2Fv2%2Fcategories&post=111952"},{"taxonomy":"post_tag","embeddable":true,"href":"https:\/\/aconteceunovale.com.br\/portal\/index.php?rest_route=%2Fwp%2Fv2%2Ftags&post=111952"}],"curies":[{"name":"wp","href":"https:\/\/api.w.org\/{rel}","templated":true}]}}