{"id":111498,"date":"2017-03-29T21:14:50","date_gmt":"2017-03-29T23:14:50","guid":{"rendered":"http:\/\/aconteceunovale.com.br\/portal\/?p=111498"},"modified":"2017-03-29T21:14:50","modified_gmt":"2017-03-29T23:14:50","slug":"recursos-do-cartao-reforma-serao-repassados-a-partir-de-maio","status":"publish","type":"post","link":"https:\/\/aconteceunovale.com.br\/portal\/?p=111498","title":{"rendered":"Recursos do Cart\u00e3o Reforma ser\u00e3o repassados a partir de maio"},"content":{"rendered":"<p>O ministro das Cidades, Bruno Ara\u00fajo, anunciou hoje (29) que os recursos do Cart\u00e3o Reforma devem come\u00e7ar a ser repassados em maio. A previs\u00e3o depende da aprova\u00e7\u00e3o, pelo Senado, da Medida Provis\u00f3ria 751\/2016, que cria o beneficio. O texto foi aprovado ontem (28) pela C\u00e2mara dos Deputados.<\/p>\n<p>Segundo Ara\u00fajo, os primeiros cart\u00f5es ser\u00e3o entregues no munic\u00edpio de Caruaru, em Pernambuco. Podem ser benefici\u00e1rias do Cart\u00e3o Reforma fam\u00edlias de baixa renda \u2013 com ganho bruto mensal de R$ 2,8 mil \u2013 que necessitam de reformas em casa. O programa tem or\u00e7amento inicial de R$ 1 bilh\u00e3o, e a previs\u00e3o do governo \u00e9 atender a 100 mil pessoas na primeira etapa. O valor m\u00e9dio a ser distribu\u00eddo \u00e9 de R$ 5 mil por fam\u00edlia.<\/p>\n<p>O ministro participou hoje, em S\u00e3o Paulo, da cerim\u00f4nia de entrega de 192 moradias do Residencial Am\u00e9rica do Sul, no bairro do Graja\u00fa, na zona sul da cidade. O empreendimento, que integra o Programa Minha Casa, Minha Vida, ter\u00e1 1.188 apartamentos e deve beneficiar 4,7 mil pessoas que viviam em \u00e1reas de risco nas comunidades Alto da Alegria e Jardim Pabreu\/Prainha e em \u00e1reas de mananciais das comunidades Jardim Noronha e Vila Rubi.<\/p>\n<p><strong>Mudan\u00e7a nas regras<\/strong><\/p>\n<p>Durante discurso na solenidade de entrega das chaves, Ara\u00fajo disse que o governo federal mudou as regras do programa para corrigir o que considerou uma discrimina\u00e7\u00e3o contra as fam\u00edlias carentes de cidades pequenas do interior.<\/p>\n<p>\u201c\u00c9 importante lembrar que n\u00e3o permitiam que esse programa chegasse a munic\u00edpios com menos de 50 mil habitantes, mas, com as regras novas de contrata\u00e7\u00e3o, logo, logo o governador [Geraldo] Alckmin estar\u00e1 inaugurando conosco empreendimentos naquelas cidades pequenas de 3 mil, 4 mil habitantes, que tamb\u00e9m merecem o Minha Casa, Minha Vida e estavam esquecidas pelo governo federal.\u201d Alckmin e o prefeito de S\u00e3o Paulo, Jo\u00e3o Doria, tamb\u00e9m participaram da entrega das moradias.<\/p>\n<p>De acordo com o ministro das Cidades, mais 170 mil unidades do Minha Casa, Minha Vida devem ser entregues este ano.<\/p>\n<p>O conjunto habitacional inaugurado hoje custou R$ 118,3 milh\u00f5es, sendo R$ 90,3 milh\u00f5es do governo federal e R$ 28 milh\u00f5es repassados pelo governo paulista. As moradias t\u00eam \u00e1rea total de 47,83 metros quadrados, com dois dormit\u00f3rios, sala, cozinha, banheiro e \u00e1rea de servi\u00e7o. Distribu\u00eddas em 99 blocos, as casas foram erguidas dentro de um condom\u00ednio com ruas pavimentadas, jardim, ilumina\u00e7\u00e3o p\u00fablica, redes el\u00e9trica, de \u00e1gua e de coleta de esgoto, ilumina\u00e7\u00e3o p\u00fablica, quadra poliesportiva,\u00a0<em>playground<\/em>, \u00e1rea de lazer, centro comunit\u00e1rio, espa\u00e7o para estacionamento e portaria.<\/p>\n<p><strong>VER PRIMEIRO<\/strong><\/p>\n<p><strong>Receba as not\u00edcias do Aconteceu no Vale em primeira m\u00e3o. Clique em curtir no endere\u00e7o <a href=\"https:\/\/www.facebook.com\/aconteceunovale\" target=\"_blank\"><font color=\"red\">www.facebook.com\/aconteceunovale<\/font><\/a> ou no box abaixo:<\/strong><\/p>\n<div class=\"fb-like\" data-href=\"https:\/\/www.facebook.com\/aconteceunovale\" data-width=\"120\" data-layout=\"standard\" data-action=\"like\" data-size=\"small\" data-show-faces=\"true\" data-share=\"true\"><\/div>\n<p><\/br><\/p>\n<p><em>(Fonte: Ag\u00eancia Brasil)<\/em><\/p>\n","protected":false},"excerpt":{"rendered":"<p>O ministro das Cidades, Bruno Ara\u00fajo, anunciou hoje (29) que os recursos do Cart\u00e3o Reforma devem come\u00e7ar a ser repassados em maio. A previs\u00e3o depende da aprova\u00e7\u00e3o, pelo Senado, da Medida Provis\u00f3ria 751\/2016, que cria o beneficio. O texto foi aprovado ontem (28) pela C\u00e2mara dos Deputados. Segundo Ara\u00fajo, os primeiros cart\u00f5es ser\u00e3o entregues no [&hellip;]<\/p>\n","protected":false},"author":1,"featured_media":111412,"comment_status":"open","ping_status":"closed","sticky":false,"template":"","format":"standard","meta":{"amp_status":"","footnotes":""},"categories":[6],"tags":[21888,143956,143958,143960,143959,98405,59555,59556,27849,21882,143957,144048],"class_list":["post-111498","post","type-post","status-publish","format-standard","has-post-thumbnail","hentry","category-br","tag-camara","tag-camara-aprova-medida-provisoria-que-cria-programa-cartao-reforma","tag-cartao-reforma","tag-compra-de-materiais-de-construcao","tag-criacao-do-cartao-reforma","tag-habitacao","tag-minha-casa","tag-minha-vida","tag-ministerio-das-cidades","tag-mp","tag-programa-cartao-reforma","tag-recursos-do-cartao-reforma-serao-repassados-a-partir-de-maio"],"_links":{"self":[{"href":"https:\/\/aconteceunovale.com.br\/portal\/index.php?rest_route=\/wp\/v2\/posts\/111498","targetHints":{"allow":["GET"]}}],"collection":[{"href":"https:\/\/aconteceunovale.com.br\/portal\/index.php?rest_route=\/wp\/v2\/posts"}],"about":[{"href":"https:\/\/aconteceunovale.com.br\/portal\/index.php?rest_route=\/wp\/v2\/types\/post"}],"author":[{"embeddable":true,"href":"https:\/\/aconteceunovale.com.br\/portal\/index.php?rest_route=\/wp\/v2\/users\/1"}],"replies":[{"embeddable":true,"href":"https:\/\/aconteceunovale.com.br\/portal\/index.php?rest_route=%2Fwp%2Fv2%2Fcomments&post=111498"}],"version-history":[{"count":0,"href":"https:\/\/aconteceunovale.com.br\/portal\/index.php?rest_route=\/wp\/v2\/posts\/111498\/revisions"}],"wp:featuredmedia":[{"embeddable":true,"href":"https:\/\/aconteceunovale.com.br\/portal\/index.php?rest_route=\/wp\/v2\/media\/111412"}],"wp:attachment":[{"href":"https:\/\/aconteceunovale.com.br\/portal\/index.php?rest_route=%2Fwp%2Fv2%2Fmedia&parent=111498"}],"wp:term":[{"taxonomy":"category","embeddable":true,"href":"https:\/\/aconteceunovale.com.br\/portal\/index.php?rest_route=%2Fwp%2Fv2%2Fcategories&post=111498"},{"taxonomy":"post_tag","embeddable":true,"href":"https:\/\/aconteceunovale.com.br\/portal\/index.php?rest_route=%2Fwp%2Fv2%2Ftags&post=111498"}],"curies":[{"name":"wp","href":"https:\/\/api.w.org\/{rel}","templated":true}]}}