{"id":111495,"date":"2017-03-29T21:12:06","date_gmt":"2017-03-29T23:12:06","guid":{"rendered":"http:\/\/aconteceunovale.com.br\/portal\/?p=111495"},"modified":"2017-03-29T21:12:16","modified_gmt":"2017-03-29T23:12:16","slug":"stj-revoga-mais-uma-liminar-que-impedia-governo-de-leiloar-hidreletrica-em-minas","status":"publish","type":"post","link":"https:\/\/aconteceunovale.com.br\/portal\/?p=111495","title":{"rendered":"STJ revoga mais uma liminar que impedia governo de leiloar hidrel\u00e9trica em Minas"},"content":{"rendered":"<p>A ministra Regina Helena, do Superior Tribunal de Justi\u00e7a (STJ), revogou hoje (29) uma liminar que mantinha a Cemig Gera\u00e7\u00e3o e Transmiss\u00e3o no controle da Usina Hidrel\u00e9trica de Miranda, no munic\u00edpio de Indian\u00f3polis, sudeste de Minas Gerais.<\/p>\n<p>O contrato de concess\u00e3o que garantia o controle da hidrel\u00e9trica pela empresa venceu em 13 de dezembro, e a Companhia Energ\u00e9tica de Minas Gerais (Cemig) mantinha o controle por for\u00e7a de liminar, impedindo que o governo federal prosseguisse com os planos de leiloar a usina. <\/p>\n<p>Ontem (28), o ministro do STJ Mauro Campbell revogou outra liminar em um caso semelhante, referente \u00e0 Usina Hidrel\u00e9trica S\u00e3o Sim\u00e3o, tamb\u00e9m em Minas Gerais. A decis\u00e3o afirmava que a revoga\u00e7\u00e3o n\u00e3o ter\u00e1 implica\u00e7\u00e3o imediata na interrup\u00e7\u00e3o dos servi\u00e7os prestados pela concession\u00e1ria e que a Cemig poder\u00e1 manter a presta\u00e7\u00e3o dos servi\u00e7os at\u00e9 que n\u00e3o haja novo leil\u00e3o.<\/p>\n<p>Em ambos os casos, os ministros do STJ acataram pedido de reconsidera\u00e7\u00e3o apresentado na semana passada pela Advocacia-Geral da Uni\u00e3o (AGU). No documento, a AGU argumentou que foi aberto precedente a partir da decis\u00e3o do ministro Dias Toffoli, do Supremo Tribunal Federal (STF), que, na quinta-feira (23), reconsiderou decis\u00e3o relativa a outra usina mineira que tamb\u00e9m era controlada pela Cemig por for\u00e7a de liminar, a de Jaguar\u00e1.<\/p>\n<p>Na decis\u00e3o de hoje, a ministra Regina Helena destacou que o STF considerou necess\u00e1ria uma uma nova licita\u00e7\u00e3o para que contratos de concess\u00e3o possam ser renovados, como pretendia a Cemig.<\/p>\n<p>Em nota, a AGU informou que a expectativa do governo \u00e9 de que os leil\u00f5es das usinas de S\u00e3o Sim\u00e3o, Jaguar\u00e1 e Miranda possam render at\u00e9 R$ 10 bilh\u00f5es aos cofres da Uni\u00e3o.<\/p>\n<p><strong>VER PRIMEIRO<\/strong><\/p>\n<p><strong>Receba as not\u00edcias do Aconteceu no Vale em primeira m\u00e3o. Clique em curtir no endere\u00e7o <a href=\"https:\/\/www.facebook.com\/aconteceunovale\" target=\"_blank\"><font color=\"red\">www.facebook.com\/aconteceunovale<\/font><\/a> ou no box abaixo:<\/strong><\/p>\n<div class=\"fb-like\" data-href=\"https:\/\/www.facebook.com\/aconteceunovale\" data-width=\"120\" data-layout=\"standard\" data-action=\"like\" data-size=\"small\" data-show-faces=\"true\" data-share=\"true\"><\/div>\n<p><\/br><\/p>\n<p><em>(Fonte: Ag\u00eancia Brasil)<\/em><\/p>\n","protected":false},"excerpt":{"rendered":"<p>A ministra Regina Helena, do Superior Tribunal de Justi\u00e7a (STJ), revogou hoje (29) uma liminar que mantinha a Cemig Gera\u00e7\u00e3o e Transmiss\u00e3o no controle da Usina Hidrel\u00e9trica de Miranda, no munic\u00edpio de Indian\u00f3polis, sudeste de Minas Gerais. O contrato de concess\u00e3o que garantia o controle da hidrel\u00e9trica pela empresa venceu em 13 de dezembro, e [&hellip;]<\/p>\n","protected":false},"author":1,"featured_media":111496,"comment_status":"open","ping_status":"closed","sticky":false,"template":"","format":"standard","meta":{"amp_status":"","footnotes":""},"categories":[123],"tags":[347,18567,143954,143948,143955,143953,131,143952,46510,143949,144047,61747,143951,143950,88250,144045,144046,143947],"class_list":["post-111495","post","type-post","status-publish","format-standard","has-post-thumbnail","hentry","category-gerais","tag-cemig","tag-companhia-energetica-de-minas-gerais","tag-jaguara","tag-leilao-da-usina-hidreletrica-de-sao-simao","tag-leilao-de-usinas-hidreletricas","tag-mauro-campbell","tag-minas-gerais","tag-ministro-mauro-campbell","tag-miranda","tag-novo-leilao-da-usina-hidreletrica-de-sao-simao","tag-regina-helena","tag-stj","tag-stj-revoga-liminar-que-impedia-novo-leilao-da-usina-hidreletrica-de-sao-simao","tag-stj-revoga-liminar-que-impedia-novo-leilao-de-usina-hidreletrica-em-minas","tag-superior-tribunal-de-justica","tag-supremo-tribunal-de-justica","tag-usina-hidreletrica-de-miranda","tag-usina-hidreletrica-de-sao-simao"],"_links":{"self":[{"href":"https:\/\/aconteceunovale.com.br\/portal\/index.php?rest_route=\/wp\/v2\/posts\/111495","targetHints":{"allow":["GET"]}}],"collection":[{"href":"https:\/\/aconteceunovale.com.br\/portal\/index.php?rest_route=\/wp\/v2\/posts"}],"about":[{"href":"https:\/\/aconteceunovale.com.br\/portal\/index.php?rest_route=\/wp\/v2\/types\/post"}],"author":[{"embeddable":true,"href":"https:\/\/aconteceunovale.com.br\/portal\/index.php?rest_route=\/wp\/v2\/users\/1"}],"replies":[{"embeddable":true,"href":"https:\/\/aconteceunovale.com.br\/portal\/index.php?rest_route=%2Fwp%2Fv2%2Fcomments&post=111495"}],"version-history":[{"count":0,"href":"https:\/\/aconteceunovale.com.br\/portal\/index.php?rest_route=\/wp\/v2\/posts\/111495\/revisions"}],"wp:featuredmedia":[{"embeddable":true,"href":"https:\/\/aconteceunovale.com.br\/portal\/index.php?rest_route=\/wp\/v2\/media\/111496"}],"wp:attachment":[{"href":"https:\/\/aconteceunovale.com.br\/portal\/index.php?rest_route=%2Fwp%2Fv2%2Fmedia&parent=111495"}],"wp:term":[{"taxonomy":"category","embeddable":true,"href":"https:\/\/aconteceunovale.com.br\/portal\/index.php?rest_route=%2Fwp%2Fv2%2Fcategories&post=111495"},{"taxonomy":"post_tag","embeddable":true,"href":"https:\/\/aconteceunovale.com.br\/portal\/index.php?rest_route=%2Fwp%2Fv2%2Ftags&post=111495"}],"curies":[{"name":"wp","href":"https:\/\/api.w.org\/{rel}","templated":true}]}}