{"id":111491,"date":"2017-03-29T20:52:21","date_gmt":"2017-03-29T22:52:21","guid":{"rendered":"http:\/\/aconteceunovale.com.br\/portal\/?p=111491"},"modified":"2017-03-29T20:52:21","modified_gmt":"2017-03-29T22:52:21","slug":"camara-arquiva-pec-que-permitiria-cobranca-por-cursos-em-universidades-publicas","status":"publish","type":"post","link":"https:\/\/aconteceunovale.com.br\/portal\/?p=111491","title":{"rendered":"C\u00e2mara arquiva PEC que permitiria cobran\u00e7a por cursos em universidades p\u00fablicas"},"content":{"rendered":"<p>A proposta de Emenda \u00e0 Constitui\u00e7\u00e3o (PEC) 395\/14, que permitiria \u00e0s universidades cobrarem por cursos de p\u00f3s-gradua\u00e7\u00e3o lato sensu (especializa\u00e7\u00e3o), de extens\u00e3o e de mestrado profissional foi arquivada. Eram necess\u00e1rios 308 votos para a a aprova\u00e7\u00e3o da mat\u00e9ria em segundo turno na C\u00e2mara dos Deputados, mas 304 parlamentares se posicionaram e 139, contra.<\/p>\n<p>O texto j\u00e1 havia passado pela C\u00e2mara em primeiro turno alterava o artigo 206 da Constitui\u00e7\u00e3o Federal, que determina a gratuidade do ensino p\u00fablico em estabelecimentos oficiais. Na ocasi\u00e3o, os deputados aprovaram um substitutivo do deputado Cl\u00e9ber Verde (PRB-MA), que alterou a proposta inicial para incluir o mestrado profissional como pass\u00edvel de cobran\u00e7a. O tema foi o principal ponto de pol\u00eamica entre os deputados. Parte da base aliada defendeu a medida e a oposi\u00e7\u00e3o contestou os argumentos dos governistas, alegando que a proposta poderia levar \u00e0 privatiza\u00e7\u00e3o do ensino p\u00fablico.<\/p>\n<p>Antes da rejei\u00e7\u00e3o da PEC, o deputado Celso Pansera (PMDB-RJ) negou a inten\u00e7\u00e3o de privatizar o ensino p\u00fablico. Para o deputado a iniciativa iria suprir uma demanda do mercado por cursos de especializa\u00e7\u00e3o. \u201cA moderniza\u00e7\u00e3o do sistema produtivo cria demandas pontuais por cursos de p\u00f3s-gradua\u00e7\u00e3o lato sensu. As universidades p\u00fablicas t\u00eam quadros preparados para prestar esse servi\u00e7o ao futuro do pa\u00eds e n\u00e3o conseguem porque a legisla\u00e7\u00e3o n\u00e3o permite\u201d, sustentou.<\/p>\n<p>O l\u00edder do PSOL, deputado Glauber Braga (RJ), disse que a cobran\u00e7a de mensalidades flexibiliza o direito \u00e0 educa\u00e7\u00e3o assegurado na Constitui\u00e7\u00e3o e que a medida poderia acabar sendo estendida para outras etapas de ensino. \u201cOnde a gente vai parar? Primeiro \u00e9 a v\u00edrgula da p\u00f3s-gradua\u00e7\u00e3o, depois a gradua\u00e7\u00e3o e depois a educa\u00e7\u00e3o b\u00e1sica\u201d, disse.<\/p>\n<p><img decoding=\"async\" src=\"http:\/\/aconteceunovale.com.br\/portal\/wp-content\/uploads\/2017\/03\/pec_mensalidades.jpg\" alt=\"\" \/><em>PEC 395\/14 foi arquivada (Foto: Ag\u00eancia Brasil\/Arquivo)<\/em><br \/>\n<\/br><\/p>\n<p><strong>VER PRIMEIRO<\/strong><\/p>\n<p><strong>Receba as not\u00edcias do Aconteceu no Vale em primeira m\u00e3o. Clique em curtir no endere\u00e7o <a href=\"https:\/\/www.facebook.com\/aconteceunovale\" target=\"_blank\"><font color=\"red\">www.facebook.com\/aconteceunovale<\/font><\/a> ou no box abaixo:<\/strong><\/p>\n<div class=\"fb-like\" data-href=\"https:\/\/www.facebook.com\/aconteceunovale\" data-width=\"120\" data-layout=\"standard\" data-action=\"like\" data-size=\"small\" data-show-faces=\"true\" data-share=\"true\"><\/div>\n<p><\/br><\/p>\n<p><em>(Fonte: Ag\u00eancia Brasil)<\/em><\/p>\n","protected":false},"excerpt":{"rendered":"<p>A proposta de Emenda \u00e0 Constitui\u00e7\u00e3o (PEC) 395\/14, que permitiria \u00e0s universidades cobrarem por cursos de p\u00f3s-gradua\u00e7\u00e3o lato sensu (especializa\u00e7\u00e3o), de extens\u00e3o e de mestrado profissional foi arquivada. Eram necess\u00e1rios 308 votos para a a aprova\u00e7\u00e3o da mat\u00e9ria em segundo turno na C\u00e2mara dos Deputados, mas 304 parlamentares se posicionaram e 139, contra. O texto [&hellip;]<\/p>\n","protected":false},"author":1,"featured_media":111492,"comment_status":"open","ping_status":"closed","sticky":false,"template":"","format":"standard","meta":{"amp_status":"","footnotes":""},"categories":[6,40238],"tags":[144044,20922,144042,144040,144041,1018,144043,63753,63752],"class_list":["post-111491","post","type-post","status-publish","format-standard","has-post-thumbnail","hentry","category-br","category-educacao-2","tag-camara-arquiva-pec-que-permitiria-cobranca-por-cursos-em-universidades-publicas","tag-camara-dos-deputados","tag-cobranca-de-mensalidades-em-universidades-publicas","tag-cobranca-por-especializacao-em-universidades-publicas","tag-cobranca-por-pos-graduacao-em-universidades-publicas","tag-destaque","tag-mensalidades-em-universidades-publicas","tag-pec-395","tag-pec-39514"],"_links":{"self":[{"href":"https:\/\/aconteceunovale.com.br\/portal\/index.php?rest_route=\/wp\/v2\/posts\/111491","targetHints":{"allow":["GET"]}}],"collection":[{"href":"https:\/\/aconteceunovale.com.br\/portal\/index.php?rest_route=\/wp\/v2\/posts"}],"about":[{"href":"https:\/\/aconteceunovale.com.br\/portal\/index.php?rest_route=\/wp\/v2\/types\/post"}],"author":[{"embeddable":true,"href":"https:\/\/aconteceunovale.com.br\/portal\/index.php?rest_route=\/wp\/v2\/users\/1"}],"replies":[{"embeddable":true,"href":"https:\/\/aconteceunovale.com.br\/portal\/index.php?rest_route=%2Fwp%2Fv2%2Fcomments&post=111491"}],"version-history":[{"count":0,"href":"https:\/\/aconteceunovale.com.br\/portal\/index.php?rest_route=\/wp\/v2\/posts\/111491\/revisions"}],"wp:featuredmedia":[{"embeddable":true,"href":"https:\/\/aconteceunovale.com.br\/portal\/index.php?rest_route=\/wp\/v2\/media\/111492"}],"wp:attachment":[{"href":"https:\/\/aconteceunovale.com.br\/portal\/index.php?rest_route=%2Fwp%2Fv2%2Fmedia&parent=111491"}],"wp:term":[{"taxonomy":"category","embeddable":true,"href":"https:\/\/aconteceunovale.com.br\/portal\/index.php?rest_route=%2Fwp%2Fv2%2Fcategories&post=111491"},{"taxonomy":"post_tag","embeddable":true,"href":"https:\/\/aconteceunovale.com.br\/portal\/index.php?rest_route=%2Fwp%2Fv2%2Ftags&post=111491"}],"curies":[{"name":"wp","href":"https:\/\/api.w.org\/{rel}","templated":true}]}}