{"id":111470,"date":"2017-03-29T19:47:32","date_gmt":"2017-03-29T21:47:32","guid":{"rendered":"http:\/\/aconteceunovale.com.br\/portal\/?p=111470"},"modified":"2017-03-29T19:47:32","modified_gmt":"2017-03-29T21:47:32","slug":"57a-exposicao-estadual-do-cavalo-mangalarga-marchador-sera-em-uberlandia-2","status":"publish","type":"post","link":"https:\/\/aconteceunovale.com.br\/portal\/?p=111470","title":{"rendered":"57\u00aa Exposi\u00e7\u00e3o Estadual do Cavalo Mangalarga Marchador ser\u00e1 em Uberl\u00e2ndia"},"content":{"rendered":"<p>A Associa\u00e7\u00e3o Brasileira dos Criadores do Cavalo Mangalarga Marchador (ABCCMM) e o N\u00facleo Marchadores do Tri\u00e2ngulo, em parceria com o Sindicato Rural de Uberl\u00e2ndia, realizar\u00e3o a 57\u00aa Exposi\u00e7\u00e3o Estadual da ra\u00e7a, de 30 de mar\u00e7o a 1\u00ba de abril, no parque de Exposi\u00e7\u00f5es Camaru. Mais de 120 animais j\u00e1 est\u00e3o inscritos para a prova que ter\u00e1 a participa\u00e7\u00e3o de criadores mineiros e de Goi\u00e1s e S\u00e3o Paulo. A abertura oficial do evento ser\u00e1 nesta quinta-feira (30), \u00e0s 8 horas, seguida do in\u00edcio dos julgamentos de morfologia e marcha da categoria potros.<\/p>\n<p>Avalia\u00e7\u00f5es de morfologia e marcha de animais adultos ser\u00e3o a partir das 14 horas de quinta-feira e tamb\u00e9m na sexta-feira (31) durante todo o dia. A conclus\u00e3o desta categoria ser\u00e1 na parte da manh\u00e3 de s\u00e1bado (1\u00ba), na sequ\u00eancia, a partir das 14 horas, ser\u00e3o julgados os Grandes Campeonatos machos e f\u00eameas da ra\u00e7a, principal premia\u00e7\u00e3o da prova.<\/p>\n<p>Na \u00faltima edi\u00e7\u00e3o do evento, tamb\u00e9m realizado em Uberl\u00e2ndia em 2016, com mais de 200 animais na pista de julgamentos, o t\u00edtulo de Grande Campe\u00e3o adulto da ra\u00e7a e Campe\u00e3o dos Campe\u00f5es em marcha ficou com \u2018Radical da Seriema\u2019, do expositor Daniel Borja, de Jaboticatubas. J\u00e1 a Grande Campe\u00e3 f\u00eamea adulta foi \u2018Quixote Vit\u00f3ria\u2019, do expositor Jorge Ferreira da Silva, do Haras Quixote, de Itu. Entre as f\u00eameas, \u2018Ternura do Yuri\u2019, do criador Yuri Engle, faturou o t\u00edtulo de Campe\u00e3 das Campe\u00e3s em marcha.<\/p>\n<p><img decoding=\"async\" src=\"http:\/\/aconteceunovale.com.br\/portal\/wp-content\/uploads\/2017\/03\/exposicao_mangalarga_marchador.jpg\" alt=\"\" \/><em>Exposi\u00e7\u00e3o j\u00e1 tem 120 animais inscritos (Foto: Roberto Pinheiro\/Divulga\u00e7\u00e3o FAEMG)<\/em><br \/>\n<\/br><\/p>\n<p><strong>Mangalarga Marchador, um cavalo multifuncional<\/strong><\/p>\n<p>O Mangalarga Marchador \u00e9 um cavalo de sela e obedece aos padr\u00f5es internacionais. Trata-se de um animal que pode ser usado para cavalgadas, lida no campo, passeios e competi\u00e7\u00f5es de marcha. No esporte, a ra\u00e7a \u00e9 utilizada em enduros equestres, team penning e provas de maneabilidade, baliza e tambores.  Marchador tamb\u00e9m \u00e9 muito requisitado na equoterapia.<\/p>\n<p>A docilidade \u00e9 uma das importantes caracter\u00edsticas, permitindo que possa ser montado por crian\u00e7as, jovens, adultos e idosos. Ressaltam-se ainda o rendimento, a rusticidade \u2013 um cavalo que se adapta a qualquer tipo de clima e solo \u2013 al\u00e9m de ser um animal resistente. O andamento pode ser de marcha batida ou picada. Trata-se de um andamento natural, sim\u00e9trico, a quatro tempos, com apoios alternados dos b\u00edpedes laterais e diagonais, intercalados por momentos de tr\u00edplice apoio, que proporcionam ao cavaleiro maior comodidade.<\/p>\n<p>As principais caracter\u00edsticas da ra\u00e7a definidas no padr\u00e3o racial s\u00e3o: porte m\u00e9dio; temperamento ativo e d\u00f3cil; cabe\u00e7a triangular com fronte larga e plana, olhos afastados, salientes e expressivos; tronco forte, profundo e arqueado; membros corretos, bem aprumados e articulados e grande qualidade de movimentos.<\/p>\n<p><strong>VER PRIMEIRO<\/strong><\/p>\n<p><strong>Receba as not\u00edcias do Aconteceu no Vale em primeira m\u00e3o. Clique em curtir no endere\u00e7o <a href=\"https:\/\/www.facebook.com\/aconteceunovale\" target=\"_blank\"><font color=\"red\">www.facebook.com\/aconteceunovale<\/font><\/a> ou no box abaixo:<\/strong><\/p>\n<div class=\"fb-like\" data-href=\"https:\/\/www.facebook.com\/aconteceunovale\" data-width=\"120\" data-layout=\"standard\" data-action=\"like\" data-size=\"small\" data-show-faces=\"true\" data-share=\"true\"><\/div>\n<p><\/br><\/p>\n<p><em>(Ascom FAEMG)<\/em><\/p>\n","protected":false},"excerpt":{"rendered":"<p>A Associa\u00e7\u00e3o Brasileira dos Criadores do Cavalo Mangalarga Marchador (ABCCMM) e o N\u00facleo Marchadores do Tri\u00e2ngulo, em parceria com o Sindicato Rural de Uberl\u00e2ndia, realizar\u00e3o a 57\u00aa Exposi\u00e7\u00e3o Estadual da ra\u00e7a, de 30 de mar\u00e7o a 1\u00ba de abril, no parque de Exposi\u00e7\u00f5es Camaru. Mais de 120 animais j\u00e1 est\u00e3o inscritos para a prova que [&hellip;]<\/p>\n","protected":false},"author":1,"featured_media":111468,"comment_status":"open","ping_status":"closed","sticky":false,"template":"","format":"standard","meta":{"amp_status":"","footnotes":""},"categories":[125,123],"tags":[144014,52933,52932,144016,144019,144017,144015,48247,144018,144022,144020,221,144021],"class_list":["post-111470","post","type-post","status-publish","format-standard","has-post-thumbnail","hentry","category-noticias","category-gerais","tag-57a-exposicao-estadual-do-cavalo-mangalarga-marchador-sera-em-uberlandia","tag-abccmm","tag-associacao-brasileira-dos-criadores-do-cavalo-mangalarga-marchador","tag-cavalo-mangalarga-marchador","tag-evento-cavalo-mangalarga-marchador","tag-exposicao-cavalo-mangalarga-marchador","tag-exposicao-mineira-do-cavalo-mangalarga-marchador-sera-em-uberlandia","tag-faemg","tag-festa-cavalo-mangalarga-marchador","tag-mangalarga-marchador","tag-sindicato-rural-de-uberlandia","tag-uberlandia","tag-yuri-engle"],"_links":{"self":[{"href":"https:\/\/aconteceunovale.com.br\/portal\/index.php?rest_route=\/wp\/v2\/posts\/111470","targetHints":{"allow":["GET"]}}],"collection":[{"href":"https:\/\/aconteceunovale.com.br\/portal\/index.php?rest_route=\/wp\/v2\/posts"}],"about":[{"href":"https:\/\/aconteceunovale.com.br\/portal\/index.php?rest_route=\/wp\/v2\/types\/post"}],"author":[{"embeddable":true,"href":"https:\/\/aconteceunovale.com.br\/portal\/index.php?rest_route=\/wp\/v2\/users\/1"}],"replies":[{"embeddable":true,"href":"https:\/\/aconteceunovale.com.br\/portal\/index.php?rest_route=%2Fwp%2Fv2%2Fcomments&post=111470"}],"version-history":[{"count":0,"href":"https:\/\/aconteceunovale.com.br\/portal\/index.php?rest_route=\/wp\/v2\/posts\/111470\/revisions"}],"wp:featuredmedia":[{"embeddable":true,"href":"https:\/\/aconteceunovale.com.br\/portal\/index.php?rest_route=\/wp\/v2\/media\/111468"}],"wp:attachment":[{"href":"https:\/\/aconteceunovale.com.br\/portal\/index.php?rest_route=%2Fwp%2Fv2%2Fmedia&parent=111470"}],"wp:term":[{"taxonomy":"category","embeddable":true,"href":"https:\/\/aconteceunovale.com.br\/portal\/index.php?rest_route=%2Fwp%2Fv2%2Fcategories&post=111470"},{"taxonomy":"post_tag","embeddable":true,"href":"https:\/\/aconteceunovale.com.br\/portal\/index.php?rest_route=%2Fwp%2Fv2%2Ftags&post=111470"}],"curies":[{"name":"wp","href":"https:\/\/api.w.org\/{rel}","templated":true}]}}