{"id":111464,"date":"2017-03-29T19:38:27","date_gmt":"2017-03-29T21:38:27","guid":{"rendered":"http:\/\/aconteceunovale.com.br\/portal\/?p=111464"},"modified":"2017-03-30T11:32:41","modified_gmt":"2017-03-30T13:32:41","slug":"%e2%80%8b%e2%80%8bregiao-do-semiarido-passa-a-incluir-83-novos-municipios-mineiros","status":"publish","type":"post","link":"https:\/\/aconteceunovale.com.br\/portal\/?p=111464","title":{"rendered":"??Regi\u00e3o do Semi\u00e1rido passa a incluir 83 novos munic\u00edpios mineiros"},"content":{"rendered":"<p>A Comiss\u00e3o de Finan\u00e7as e Tributa\u00e7\u00e3o (CFT) da C\u00e2mara dos Deputados aprovou, nesta quarta-feira (29\/03), projeto de autoria do deputado Z\u00e9 Silva (Solidariedade\/MG), que determina a inclus\u00e3o de novos munic\u00edpios na \u00e1rea de delimita\u00e7\u00e3o do Semi\u00e1rido brasileiro. Com a aprova\u00e7\u00e3o, a regi\u00e3o do Semi\u00e1rido passa a integrar outros 83 munic\u00edpios, localizados em Minas Gerais, que fazem parte da \u00e1rea de atua\u00e7\u00e3o da Superintend\u00eancia do Desenvolvimento do Nordeste (Sudene).<\/p>\n<p>Z\u00e9 Silva destaca que na regi\u00e3o do Semi\u00e1rido vivem mais de 22 milh\u00f5es de pessoas, na \u00e1rea rural e urbana, e a \u00faltima atualiza\u00e7\u00e3o da metodologia para inclus\u00e3o de novos munic\u00edpios no \u00e2mbito da Sudene ocorreu em 2005.<\/p>\n<p>Para o deputado, os 83 munic\u00edpios que at\u00e9 ent\u00e3o n\u00e3o haviam sido inclu\u00eddos no Semi\u00e1rido est\u00e3o em vis\u00edvel desigualdade no padr\u00e3o do desenvolvimento, pois comungam as mesmas caracter\u00edsticas socioecon\u00f4micas e geogr\u00e1ficas dos demais munic\u00edpios, mas n\u00e3o t\u00eam acesso aos mesmos benef\u00edcios. \u201cO projeto que propusemos pretende n\u00e3o somente inserir os munic\u00edpios no Semi\u00e1rido, mas, sobretudo, dar oportunidade de acesso \u00e0s pol\u00edticas p\u00fablicas \u00e0 popula\u00e7\u00e3o que vive nesta \u00e1rea do Pa\u00eds, que passa grande parte do ano sob os rigores da seca\u201d, justifica o parlamentar.<\/p>\n<p><strong>INCLUS\u00c3O MINEIRA<\/strong><\/p>\n<p>No Estado de Minas Gerais, 168 munic\u00edpios fazem parte da Sudene, localizados nos vales do Jequitinhonha e Mucuri, e nas regi\u00f5es Norte e Noroeste. Destes munic\u00edpios, apenas 85 est\u00e3o inseridos no Semi\u00e1rido.<\/p>\n<p>O parlamentar mineiro explica que ao serem inclu\u00eddos no Semi\u00e1rido, os munic\u00edpios passam a receber alguns benef\u00edcios, como flexibiliza\u00e7\u00e3o das condi\u00e7\u00f5es financeiras (redu\u00e7\u00e3o da taxa de juros, expans\u00e3o da car\u00eancia, aumento do limite de recursos por contrato); amplia\u00e7\u00e3o dos benefici\u00e1rios (mulheres, jovens, ribeirinhos, extrativistas, ind\u00edgenas, quilombolas, pescadores artesanais, agricultores com maiores rendas, grandes cooperativas); diversifica\u00e7\u00e3o das atividades econ\u00f4micas apoiadas (turismo rural, agroecologia); e, principalmente, a simplifica\u00e7\u00e3o das condi\u00e7\u00f5es de acesso e a redu\u00e7\u00e3o de alguns entraves banc\u00e1rios.<\/p>\n<p>O Projeto de Lei 4.961\/2013, de autoria do deputado Z\u00e9 Silva, que tamb\u00e9m inclui 28 munic\u00edpios do Norte do Esp\u00edrito Santo, j\u00e1 foi aprovado na Comiss\u00e3o de Integra\u00e7\u00e3o Nacional, Desenvolvimento Regional e da Amaz\u00f4nia e ser\u00e1 apreciado, nos pr\u00f3ximos dias, pela Comiss\u00e3o de Constitui\u00e7\u00e3o e Justi\u00e7a.<\/p>\n<p>Confira a lista dos munic\u00edpios mineiros que passam a integrar o Semi\u00e1rido:<\/p>\n<p>1. \u00c1guas Formosas<br \/>\n2. Angel\u00e2ndia<br \/>\n3. Aricanduva<br \/>\n4. Aricanduva<br \/>\n5. Arinos<br \/>\n6. Atal\u00e9ia<br \/>\n7. Bert\u00f3polis<br \/>\n8. Bocaiuva<br \/>\n9. Botumirim<br \/>\n10. Bras\u00edlia de Minas<br \/>\n11. Buritizeiro<br \/>\n12. Campan\u00e1rio<br \/>\n13. Campo Azul<br \/>\n14. Capelinha<br \/>\n15. Carbonita<br \/>\n16. Carlos Chagas<br \/>\n17. Catuti<br \/>\n18. Chapada Ga\u00facha<br \/>\n19. Claro dos Po\u00e7\u00f5es<br \/>\n20. Cora\u00e7\u00e3o de Jesus<br \/>\n21. Couto de Magalh\u00e3es de Minas<br \/>\n22. Cris\u00f3lita<br \/>\n23. Datas<br \/>\n24. Diamantina<br \/>\n25. Engenheiro Navarro<br \/>\n26. Fel\u00edcio dos Santos<br \/>\n27. Formoso<br \/>\n28. Francisco Dumont<br \/>\n29. Francisc\u00f3polis<br \/>\n30. Frei Gaspar<br \/>\n31. Fronteira dos Vales<br \/>\n32. Glaucil\u00e2ndia<br \/>\n33. Guaraciama<br \/>\n34. Ibia\u00ed<br \/>\n35. Icara\u00ed de Minas<br \/>\n36. Itacambira<br \/>\n37. Itaip\u00e9<br \/>\n38. Itamarandiba<br \/>\n39. Itambacuri<br \/>\n40. Jequita\u00ed<br \/>\n41. Juramento<br \/>\n42. Ladainha<br \/>\n43. Lagoa dos Patos<br \/>\n44. Lassance<br \/>\n45. Leme do Prado<br \/>\n46. Luisl\u00e2ndia<br \/>\n47. Machacalis<br \/>\n48. Malacacheta<br \/>\n49. Minas Novas<br \/>\n50. Mirabela<br \/>\n51. Nanuque<br \/>\n52. Novorizonte<br \/>\n53. Olhos D\u2019\u00c1gua<br \/>\n54. Ouro verde de Minas<br \/>\n55. Palm\u00f3polis<br \/>\n56. Pav\u00e3o<br \/>\n57. Pescador<br \/>\n58. Pint\u00f3polis<br \/>\n59. Pirapora<br \/>\n60. Ponto Chique<br \/>\n61. Pot\u00e9<br \/>\n62. Riachinho<br \/>\n63. Rio do Prado<br \/>\n64. Rio Vermelho<br \/>\n65. Santa F\u00e9 de Minas<br \/>\n66. Santa Helena de Minas<br \/>\n67. Santo Ant\u00f4nio do Jacinto<br \/>\n68. S\u00e3o Francisco<br \/>\n69. S\u00e3o Gon\u00e7alo do Rio Preto<br \/>\n70. S\u00e3o Jo\u00e3o da Lagoa<br \/>\n71. S\u00e3o Jo\u00e3o do Pacu\u00ed<br \/>\n72. S\u00e3o Rom\u00e3o<br \/>\n73. Senador Modestino Gon\u00e7alves<br \/>\n74. Serra dos Aimor\u00e9s<br \/>\n75. Serro<br \/>\n6. Setubinha<br \/>\n77. Te\u00f3filo Otoni<br \/>\n78. Turmalina<br \/>\n79. Uba\u00ed<br \/>\n80. Umburatiba<br \/>\n81. Urucuia<br \/>\n82. V\u00e1rzea da Palma<br \/>\n83. Veredinha<\/p>\n<p><strong>VER PRIMEIRO<\/strong><\/p>\n<p><strong>Receba as not\u00edcias do Aconteceu no Vale em primeira m\u00e3o. Clique em curtir no endere\u00e7o <a href=\"https:\/\/www.facebook.com\/aconteceunovale\" target=\"_blank\"><font color=\"red\">www.facebook.com\/aconteceunovale<\/font><\/a> ou no box abaixo:<\/strong><\/p>\n<div class=\"fb-like\" data-href=\"https:\/\/www.facebook.com\/aconteceunovale\" data-width=\"120\" data-layout=\"standard\" data-action=\"like\" data-size=\"small\" data-show-faces=\"true\" data-share=\"true\"><\/div>\n<p><\/br><\/p>\n<p><em>(Por Jerusia Arruda)<\/em><\/p>\n","protected":false},"excerpt":{"rendered":"<p>A Comiss\u00e3o de Finan\u00e7as e Tributa\u00e7\u00e3o (CFT) da C\u00e2mara dos Deputados aprovou, nesta quarta-feira (29\/03), projeto de autoria do deputado Z\u00e9 Silva (Solidariedade\/MG), que determina a inclus\u00e3o de novos munic\u00edpios na \u00e1rea de delimita\u00e7\u00e3o do Semi\u00e1rido brasileiro. Com a aprova\u00e7\u00e3o, a regi\u00e3o do Semi\u00e1rido passa a integrar outros 83 munic\u00edpios, localizados em Minas Gerais, que [&hellip;]<\/p>\n","protected":false},"author":1,"featured_media":111465,"comment_status":"open","ping_status":"closed","sticky":false,"template":"","format":"standard","meta":{"amp_status":"","footnotes":""},"categories":[123],"tags":[144009,144008,1536,657,551,253,183,1798,645,1714,195,1535,20922,277,1703,132,557,1175,1800,3057,2801,1801,4115,2453,3279,135447,198,1691,879,334,1692,1089,3136,510,1693,1694,1695,1803,1696,191,149,188,3724,1697,344,1698,2941,480,1707,2236,226,137,1699,144011,144012,252,4532,973,1806,411,447,307,1710,254,1711,3139,1797,3928,445,1809,990,674,1522,783,3725,1701,1811,144013,144010,439,2793,154,168,122679,31446,31445,164,178,1712,1812,1813,1340,916,122566],"class_list":["post-111464","post","type-post","status-publish","format-standard","has-post-thumbnail","hentry","category-gerais","tag-regiao-do-semiarido","tag-regiao-do-semiarido-passa-a-incluir-83-novos-municipios-mineiros","tag-aguas-formosas","tag-angelandia","tag-aricanduva","tag-arinos","tag-ataleia","tag-bertopolis","tag-bocaiuva","tag-botumirim","tag-brasilia-de-minas","tag-buritizeiro","tag-camara-dos-deputados","tag-campanario","tag-campo-azul","tag-capelinha","tag-carbonita","tag-carlos-chagas","tag-catuti","tag-chapada-gaucha","tag-claro-dos-pocoes","tag-coracao-de-jesus","tag-couto-de-magalhaes-de-minas","tag-crisolita","tag-datas","tag-deputado-ze-silva","tag-diamantina","tag-engenheiro-navarro","tag-felicio-dos-santos","tag-formoso","tag-francisco-dumont","tag-franciscopolis","tag-frei-gaspar","tag-fronteira-dos-vales","tag-glaucilandia","tag-guaraciama","tag-ibiai","tag-icarai-de-minas","tag-itacambira","tag-itaipe","tag-itamarandiba","tag-itambacuri","tag-jequitai","tag-juramento","tag-ladainha","tag-lagoa-dos-patos","tag-lassance","tag-leme-do-prado","tag-luislandia","tag-machacalis","tag-malacacheta","tag-minas-novas","tag-mirabela","tag-municipios-de-minas-gerais-no-semiarido","tag-municipios-mineiros-na-regiao-do-semiarido","tag-nanuque","tag-novorizonte","tag-olhos-dagua","tag-ouro-verde-de-minas","tag-palmopolis","tag-pavao","tag-pescador","tag-pintopolis","tag-pirapora","tag-ponto-chique","tag-pote","tag-riachinho","tag-rio-do-prado","tag-rio-vermelho","tag-santa-fe-de-minas","tag-santa-helena-de-minas","tag-santo-antonio-do-jacinto","tag-sao-francisco","tag-sao-goncalo-do-rio-preto","tag-sao-joao-da-lagoa","tag-sao-joao-do-pacui","tag-sao-romao","tag-semiarido-brasileiro","tag-semiarido-mineiro","tag-senador-modestino-goncalves","tag-serra-dos-aimores","tag-serro","tag-setubinha","tag-solidariedade","tag-sudene","tag-superintendencia-do-desenvolvimento-do-nordeste","tag-teofilo-otoni","tag-turmalina","tag-ubai","tag-umburatiba","tag-urucuia","tag-varzea-da-palma","tag-veredinha","tag-ze-silva"],"_links":{"self":[{"href":"https:\/\/aconteceunovale.com.br\/portal\/index.php?rest_route=\/wp\/v2\/posts\/111464","targetHints":{"allow":["GET"]}}],"collection":[{"href":"https:\/\/aconteceunovale.com.br\/portal\/index.php?rest_route=\/wp\/v2\/posts"}],"about":[{"href":"https:\/\/aconteceunovale.com.br\/portal\/index.php?rest_route=\/wp\/v2\/types\/post"}],"author":[{"embeddable":true,"href":"https:\/\/aconteceunovale.com.br\/portal\/index.php?rest_route=\/wp\/v2\/users\/1"}],"replies":[{"embeddable":true,"href":"https:\/\/aconteceunovale.com.br\/portal\/index.php?rest_route=%2Fwp%2Fv2%2Fcomments&post=111464"}],"version-history":[{"count":0,"href":"https:\/\/aconteceunovale.com.br\/portal\/index.php?rest_route=\/wp\/v2\/posts\/111464\/revisions"}],"wp:featuredmedia":[{"embeddable":true,"href":"https:\/\/aconteceunovale.com.br\/portal\/index.php?rest_route=\/wp\/v2\/media\/111465"}],"wp:attachment":[{"href":"https:\/\/aconteceunovale.com.br\/portal\/index.php?rest_route=%2Fwp%2Fv2%2Fmedia&parent=111464"}],"wp:term":[{"taxonomy":"category","embeddable":true,"href":"https:\/\/aconteceunovale.com.br\/portal\/index.php?rest_route=%2Fwp%2Fv2%2Fcategories&post=111464"},{"taxonomy":"post_tag","embeddable":true,"href":"https:\/\/aconteceunovale.com.br\/portal\/index.php?rest_route=%2Fwp%2Fv2%2Ftags&post=111464"}],"curies":[{"name":"wp","href":"https:\/\/api.w.org\/{rel}","templated":true}]}}