{"id":111460,"date":"2017-03-29T18:50:51","date_gmt":"2017-03-29T20:50:51","guid":{"rendered":"http:\/\/aconteceunovale.com.br\/portal\/?p=111460"},"modified":"2017-03-29T18:50:51","modified_gmt":"2017-03-29T20:50:51","slug":"divulgada-a-programacao-de-shows-do-capelinhense-ausente-2017","status":"publish","type":"post","link":"https:\/\/aconteceunovale.com.br\/portal\/?p=111460","title":{"rendered":"Divulgada a programa\u00e7\u00e3o de shows do Capelinhense Ausente 2017"},"content":{"rendered":"<p>A Prefeitura Municipal de Capelinha (MG) divulgou na tarde desta quarta-feira, 29 de mar\u00e7o, a programa\u00e7\u00e3o de shows da 31\u00aa Festa do Capelinhense Ausente. O processo licitat\u00f3rio, que definiu a empresa produtora do evento, foi realizado nos dias 27 e 28 deste m\u00eas. Ficou definido que a festa acontecer\u00e1 no per\u00edodo de 26 a 30 de julho e ter\u00e1 sete shows de renome nacional, al\u00e9m de artistas locais. <\/p>\n<p>A \u00fanica empresa a apresentar proposta foi a JR Produ\u00e7\u00f5es e Eventos (Minas Eventos), comandada pelo empres\u00e1rio \u00c1lvaro Pedra, que foi considerada vencedora por atender a todos os requisitos constantes no edital de licita\u00e7\u00e3o. <\/p>\n<p>Com a defini\u00e7\u00e3o da produtora, tamb\u00e9m foram conhecidas as atra\u00e7\u00f5es principais do evento, que neste ano iniciar\u00e1 na quarta-feira e ter\u00e1 dois dias com entrada franca (quarta e domingo). Confira a lista de shows:<\/p>\n<p>&#8211; Quarta-feira (26\/07): Matheus &#038; Kauan + 2 shows locais\/regionais (entrada franca)<br \/>\n&#8211; Quinta-feira (27\/07): Jorge &#038; Mateus + 2 shows locais\/regionais<br \/>\n&#8211; Sexta-feira (28\/07): C\u00e9sar Menotti &#038; Fabiano + Tianast\u00e1cia + 1 show local\/regional<br \/>\n&#8211; S\u00e1bado (29\/07): Marcos &#038; Belutti + Parangol\u00e9 + 1 show local\/regional<br \/>\n&#8211; Domingo (30\/07): Trio Parada Dura + 5 shows locais\/regionais (entrada franca)<\/p>\n<p><img decoding=\"async\" src=\"http:\/\/aconteceunovale.com.br\/portal\/wp-content\/uploads\/2017\/03\/banner_cap_1.png\" alt=\"\" \/><em>Programa\u00e7\u00e3o oficial do Capelinhense (Foto: Divulga\u00e7\u00e3o\/Prefeitura de Capelinha)<\/em><br \/>\n<\/br><\/p>\n<p><strong>Passaporte com valor de R$ 50,00<\/strong><\/p>\n<p>Conforme edital, o primeiro lote de passaporte de ingressos custar\u00e1 R$ 50 para os tr\u00eas dias com cobran\u00e7a de entrada. O m\u00e1ximo de valor que o passaporte pode chegar \u00e9 R$ 100. Segundo \u00c1lvaro Pedra, a previs\u00e3o inicial \u00e9 a de que os passaportes e ingressos come\u00e7ar\u00e3o a ser vendidos a partir do dia 10 de abril.<\/p>\n<p>Ser\u00e1 marcada uma reuni\u00e3o entre \u00c1lvaro Pedra e a Comiss\u00e3o do Capelinhense Ausente para definir o valor dos ingressos individuais, o valor do aluguel dos espa\u00e7os de barracas e os shows locais e regionais, entre outros detalhes.<\/p>\n<p><strong>Galp\u00e3o Cultural<\/strong><\/p>\n<p>O funcionamento do Galp\u00e3o Cultural, tradi\u00e7\u00e3o da Festa do Capelinhense Ausente que valoriza a cultura da terra, a exemplo de todos os anos, come\u00e7a uma semana antes da Festa. Neste ano, ser\u00e1 de 22 a 30 de julho. Em breve ser\u00e3o definidas as atra\u00e7\u00f5es musicais e atividades culturais.<\/p>\n<p><strong>VER PRIMEIRO<\/strong><\/p>\n<p><strong>Receba as not\u00edcias do Aconteceu no Vale em primeira m\u00e3o. Clique em curtir no endere\u00e7o <a href=\"https:\/\/www.facebook.com\/aconteceunovale\" target=\"_blank\"><font color=\"red\">www.facebook.com\/aconteceunovale<\/font><\/a> ou no box abaixo:<\/strong><\/p>\n<div class=\"fb-like\" data-href=\"https:\/\/www.facebook.com\/aconteceunovale\" data-width=\"120\" data-layout=\"standard\" data-action=\"like\" data-size=\"small\" data-show-faces=\"true\" data-share=\"true\"><\/div>\n<p><\/br><\/p>\n<p><em>(Com Ascom da Prefeitura de Capelinha)<\/em><\/p>\n","protected":false},"excerpt":{"rendered":"<p>A Prefeitura Municipal de Capelinha (MG) divulgou na tarde desta quarta-feira, 29 de mar\u00e7o, a programa\u00e7\u00e3o de shows da 31\u00aa Festa do Capelinhense Ausente. O processo licitat\u00f3rio, que definiu a empresa produtora do evento, foi realizado nos dias 27 e 28 deste m\u00eas. Ficou definido que a festa acontecer\u00e1 no per\u00edodo de 26 a 30 [&hellip;]<\/p>\n","protected":false},"author":1,"featured_media":111462,"comment_status":"open","ping_status":"closed","sticky":false,"template":"","format":"standard","meta":{"amp_status":"","footnotes":""},"categories":[125,120],"tags":[143782,143762,143758,143781,98331,143759,143780,143760,143756,143772,143778,2482,143754,157,143766,143770,143761,143757,143783,1018,144007,143771,144005,77732,143764,143768,143776,143765,143769,143774,143763,143767,143075,144004,144006,143779,98330,143755,143773,143775,143777],"class_list":["post-111460","post","type-post","status-publish","format-standard","has-post-thumbnail","hentry","category-noticias","category-jequi","tag-agenda-capelinhense-2017","tag-agenda-capelinhense-ausente","tag-agenda-capelinhense-ausente-2017","tag-atracoes-capelinhense-2017","tag-atracoes-capelinhense-ausente","tag-atracoes-capelinhense-ausente-2017","tag-bandas-capelinhense-2017","tag-bandas-capelinhense-ausente","tag-bandas-capelinhense-ausente-2017","tag-bandas-festa-de-capelinha","tag-capelinhense-2017","tag-capelinhense-ausente","tag-capelinhense-ausente-2017","tag-cesar-menotti-fabiano","tag-cesar-menotti-fabiano-no-capelinhense-ausente","tag-cesar-menotti-fabiano-no-capelinhense-ausente-2017","tag-data-capelinhense-ausente","tag-data-capelinhense-ausente-2017","tag-datas-capelinhense-2017","tag-destaque","tag-divulgada-a-programacao-de-shows-do-capelinhense-ausente-2017","tag-festa-de-capelinha","tag-ingressos-para-o-capelinhense-ausente-2017","tag-jorge-mateus","tag-jorge-mateus-no-capelinhense-ausente","tag-jorge-mateus-no-capelinhense-ausente-2017","tag-marcos-belutti","tag-marcos-belutti-no-capelinhense-ausente","tag-marcos-belutti-no-capelinhense-ausente-2017","tag-matheus-kauan","tag-matheus-kauan-no-capelinhense-ausente","tag-matheus-kauan-no-capelinhense-ausente-2017","tag-parangole","tag-prefeitura-define-produtora-e-principais-atracoes-do-capelinhense-ausente-2017","tag-programacao-oficial-do-capelinhense","tag-shows-capelinhense-2017","tag-shows-capelinhense-ausente","tag-shows-capelinhense-ausente-2017","tag-shows-festa-de-capelinha","tag-tianastacia","tag-trio-parada-dura"],"_links":{"self":[{"href":"https:\/\/aconteceunovale.com.br\/portal\/index.php?rest_route=\/wp\/v2\/posts\/111460","targetHints":{"allow":["GET"]}}],"collection":[{"href":"https:\/\/aconteceunovale.com.br\/portal\/index.php?rest_route=\/wp\/v2\/posts"}],"about":[{"href":"https:\/\/aconteceunovale.com.br\/portal\/index.php?rest_route=\/wp\/v2\/types\/post"}],"author":[{"embeddable":true,"href":"https:\/\/aconteceunovale.com.br\/portal\/index.php?rest_route=\/wp\/v2\/users\/1"}],"replies":[{"embeddable":true,"href":"https:\/\/aconteceunovale.com.br\/portal\/index.php?rest_route=%2Fwp%2Fv2%2Fcomments&post=111460"}],"version-history":[{"count":0,"href":"https:\/\/aconteceunovale.com.br\/portal\/index.php?rest_route=\/wp\/v2\/posts\/111460\/revisions"}],"wp:featuredmedia":[{"embeddable":true,"href":"https:\/\/aconteceunovale.com.br\/portal\/index.php?rest_route=\/wp\/v2\/media\/111462"}],"wp:attachment":[{"href":"https:\/\/aconteceunovale.com.br\/portal\/index.php?rest_route=%2Fwp%2Fv2%2Fmedia&parent=111460"}],"wp:term":[{"taxonomy":"category","embeddable":true,"href":"https:\/\/aconteceunovale.com.br\/portal\/index.php?rest_route=%2Fwp%2Fv2%2Fcategories&post=111460"},{"taxonomy":"post_tag","embeddable":true,"href":"https:\/\/aconteceunovale.com.br\/portal\/index.php?rest_route=%2Fwp%2Fv2%2Ftags&post=111460"}],"curies":[{"name":"wp","href":"https:\/\/api.w.org\/{rel}","templated":true}]}}