{"id":111458,"date":"2017-03-29T13:56:49","date_gmt":"2017-03-29T15:56:49","guid":{"rendered":"http:\/\/aconteceunovale.com.br\/portal\/?p=111458"},"modified":"2017-03-29T13:56:49","modified_gmt":"2017-03-29T15:56:49","slug":"homem-e-encontrado-morto-em-linha-ferrea-em-montes-claros","status":"publish","type":"post","link":"https:\/\/aconteceunovale.com.br\/portal\/?p=111458","title":{"rendered":"Homem \u00e9 encontrado morto em linha f\u00e9rrea em Montes Claros"},"content":{"rendered":"<p>Um homem de aparentemente 30 anos foi morto na manh\u00e3 desta quarta-feira (29\/03), em Montes Claros. O corpo dele foi encontrado na linha f\u00e9rrea no Bairro Santa Cec\u00edlia. Segundo as primeiras informa\u00e7\u00f5es da Pol\u00edcia Militar, a v\u00edtima foi alvejada por dois tiros na cabe\u00e7a e um nas costas. <\/p>\n<p>A PM informou ainda que ele morava no bairro e tinha passagens por roubo, uso de drogas e furto. A per\u00edcia foi acionada e liberou o corpo para o IML. A pol\u00edcia ainda n\u00e3o tem pistas dos suspeitos e a motiva\u00e7\u00e3o do crime \u00e9 desconhecida.<\/p>\n<p><strong>Carro bate em poste no Alto S\u00e3o Jo\u00e3o<\/strong><\/p>\n<p>Um carro colidiu com um poste na madrugada de ter\u00e7a-feira (28), no bairro Alto S\u00e3o Jo\u00e3o, em Montes Claros. Um homem, de 45 anos, que estava no ve\u00edculo teve ferimentos leves e foi levado para a Santa Casa.<\/p>\n<p><strong>Homem sofre parada cardiorrespirat\u00f3ria e \u00e9 reanimado com ajuda de amigos<\/strong><\/p>\n<p>Um homem precisou ser reanimado por 60 minutos depois de sofrer uma parada cardiorrespirat\u00f3ria, na noite desta ter\u00e7a-feira (28), no bairro Vila Regina, em Montes Claros. A v\u00edtima, de 54 anos, estava jogando bola com um grupo de amigos e acabou passando mal.<\/p>\n<p>Os colegas solicitaram a presen\u00e7a do SAMU atrav\u00e9s do 192. No momento em que a ambul\u00e2ncia saia da base para atender a ocorr\u00eancia, o m\u00e9dico do SAMU, por telefone, orientou as pessoas que estavam no local a iniciar as manobras de ressuscita\u00e7\u00e3o, e que, de dois em dois minutos, trocassem a pessoa que estava fazendo a massagem para que n\u00e3o se cansassem at\u00e9 a chegada da equipe.<\/p>\n<p>Quando os socorristas chegaram ao local eles deram continuidade \u00e0 massagem card\u00edaca, em seguida, colocaram o paciente na prancha e tiveram todo o cuidado para utilizar o desfibrilador, pois no momento chovia muito. Depois de uma hora de reanima\u00e7\u00e3o, a equipe do SAMU, com ajuda dos colegas das v\u00edtimas que fizeram a massagem card\u00edaca corretamente, assim que o homem desfaleceu, conseguiram trazer a v\u00edtima de volta. O homem foi levado para a Santa Casa.<\/p>\n<p><strong>Atendimentos do Samu Macro Norte<\/strong><\/p>\n<p>As unidades do SAMU Macro Norte receberam 1.350 liga\u00e7\u00f5es no intervalo de 6h da manh\u00e3 do dia 28\/03 \u00e0s 6h da manh\u00e3 do dia 29\/03. Foram realizados 75 atendimentos em toda a Macro Norte.<\/p>\n<p>Na Macro Norte foram 44 casos cl\u00ednicos, 12 atendimentos de tr\u00e2nsito (5 envolvendo moto), 5 atendimentos psiqui\u00e1tricos, 2 casos de queda da pr\u00f3pria altura, e 6 atendimentos a gestante.<\/p>\n<p>Em Montes Claros foram 24 casos cl\u00ednicos, 4 atendimentos de tr\u00e2nsito (2 envolvendo moto), 1 atendimentos psiqui\u00e1tricos, nenhum caso de queda da pr\u00f3pria altura, e 3 atendimentos a gestante.<\/p>\n<p><strong>VER PRIMEIRO<\/strong><\/p>\n<p><strong>Receba as not\u00edcias do Aconteceu no Vale em primeira m\u00e3o. Clique em curtir no endere\u00e7o <a href=\"https:\/\/www.facebook.com\/aconteceunovale\" target=\"_blank\"><font color=\"red\">www.facebook.com\/aconteceunovale<\/font><\/a> ou no box abaixo:<\/strong><\/p>\n<div class=\"fb-like\" data-href=\"https:\/\/www.facebook.com\/aconteceunovale\" data-width=\"120\" data-layout=\"standard\" data-action=\"like\" data-size=\"small\" data-show-faces=\"true\" data-share=\"true\"><\/div>\n<p><\/br><\/p>\n<p><em>(Fonte: G1 Grande Minas e Ascom do CISRUN)<\/em><\/p>\n","protected":false},"excerpt":{"rendered":"<p>Um homem de aparentemente 30 anos foi morto na manh\u00e3 desta quarta-feira (29\/03), em Montes Claros. O corpo dele foi encontrado na linha f\u00e9rrea no Bairro Santa Cec\u00edlia. Segundo as primeiras informa\u00e7\u00f5es da Pol\u00edcia Militar, a v\u00edtima foi alvejada por dois tiros na cabe\u00e7a e um nas costas. A PM informou ainda que ele morava [&hellip;]<\/p>\n","protected":false},"author":1,"featured_media":71442,"comment_status":"open","ping_status":"closed","sticky":false,"template":"","format":"standard","meta":{"amp_status":"","footnotes":""},"categories":[1236],"tags":[53918,22467,144003,25220,210,53916,63142,77640,4040],"class_list":["post-111458","post","type-post","status-publish","format-standard","has-post-thumbnail","hentry","category-norte_de_minas","tag-assassinato-em-montes-claros","tag-atendimentos-do-samu-macro-norte","tag-homem-e-encontrado-morto-em-linha-ferrea-em-montes-claros","tag-homicidio-em-montes-claros","tag-montes-claros","tag-morte-em-montes-claros","tag-morto-em-montes-claros","tag-ocorrencias-em-montes-claros","tag-samu-macro-norte"],"_links":{"self":[{"href":"https:\/\/aconteceunovale.com.br\/portal\/index.php?rest_route=\/wp\/v2\/posts\/111458","targetHints":{"allow":["GET"]}}],"collection":[{"href":"https:\/\/aconteceunovale.com.br\/portal\/index.php?rest_route=\/wp\/v2\/posts"}],"about":[{"href":"https:\/\/aconteceunovale.com.br\/portal\/index.php?rest_route=\/wp\/v2\/types\/post"}],"author":[{"embeddable":true,"href":"https:\/\/aconteceunovale.com.br\/portal\/index.php?rest_route=\/wp\/v2\/users\/1"}],"replies":[{"embeddable":true,"href":"https:\/\/aconteceunovale.com.br\/portal\/index.php?rest_route=%2Fwp%2Fv2%2Fcomments&post=111458"}],"version-history":[{"count":0,"href":"https:\/\/aconteceunovale.com.br\/portal\/index.php?rest_route=\/wp\/v2\/posts\/111458\/revisions"}],"wp:featuredmedia":[{"embeddable":true,"href":"https:\/\/aconteceunovale.com.br\/portal\/index.php?rest_route=\/wp\/v2\/media\/71442"}],"wp:attachment":[{"href":"https:\/\/aconteceunovale.com.br\/portal\/index.php?rest_route=%2Fwp%2Fv2%2Fmedia&parent=111458"}],"wp:term":[{"taxonomy":"category","embeddable":true,"href":"https:\/\/aconteceunovale.com.br\/portal\/index.php?rest_route=%2Fwp%2Fv2%2Fcategories&post=111458"},{"taxonomy":"post_tag","embeddable":true,"href":"https:\/\/aconteceunovale.com.br\/portal\/index.php?rest_route=%2Fwp%2Fv2%2Ftags&post=111458"}],"curies":[{"name":"wp","href":"https:\/\/api.w.org\/{rel}","templated":true}]}}