{"id":111431,"date":"2017-03-29T12:13:26","date_gmt":"2017-03-29T14:13:26","guid":{"rendered":"http:\/\/aconteceunovale.com.br\/portal\/?p=111431"},"modified":"2017-03-29T12:13:26","modified_gmt":"2017-03-29T14:13:26","slug":"policia-militar-apreende-armas-e-drogas-em-itaobim-no-vale-do-jequitinhonha","status":"publish","type":"post","link":"https:\/\/aconteceunovale.com.br\/portal\/?p=111431","title":{"rendered":"Pol\u00edcia Militar apreende armas e drogas em Itaobim, no Vale do Jequitinhonha"},"content":{"rendered":"<p>Na tarde de segunda-feira (27\/03), durante patrulhamento, uma guarni\u00e7\u00e3o da Pol\u00edcia Militar (PM) de Itaobim, no Vale do Jequitinhonha, avistou um homem em atitude suspeita, com um volume na cintura, aparentando ser uma arma.<\/p>\n<p>Ao perceber a aproxima\u00e7\u00e3o da pol\u00edcia, o suspeito  fugiu pelo fundo de uma casa abandonada, que habitualmente \u00e9 utilizada para pr\u00e1tica de tr\u00e1fico de drogas local.<\/p>\n<p>Ao realizar buscas no im\u00f3vel,  os militares encontraram uma pistola Imbel calibre .380, carregada com 8  muni\u00e7\u00f5es intactas. Os objetos foram apreendidos e encaminhados \u00e0 delegacia. O suspeito n\u00e3o foi localizado.<\/p>\n<p><img decoding=\"async\" src=\"http:\/\/aconteceunovale.com.br\/portal\/wp-content\/uploads\/2017\/03\/arma_itaobim_1.jpg\" alt=\"\" \/><em>A arma e as muni\u00e7\u00f5es foram entregues na delegacia de Pol\u00edcia Civil (Foto: Divulga\u00e7\u00e3o)<\/em><br \/>\n<\/br><\/p>\n<h3>Jovem morto a tiros em Itaobim<\/h3>\n<p>Um jovem de 24 anos foi morto a tiros, no domingo (26), em Itaobim. Segundo a Pol\u00edcia Militar, a v\u00edtima foi atingida com seis tiros no t\u00f3rax, abd\u00f4men, bra\u00e7o e cabe\u00e7a. O crime foi no Bairro Santo Ant\u00f4nio, pr\u00f3ximo ao est\u00e1dio municipal.<\/p>\n<p>A PM foi acionada e encontrou o homem sem vida. Ainda n\u00e3o se sabe o que teria motivado o crime e n\u00e3o h\u00e1 informa\u00e7\u00f5es de suspeitos. O corpo do rapaz foi levado para o Instituto M\u00e9dico Legal (IML) em Almenara.<\/p>\n<h3>Preso com arma e drogas em Itaobim<\/h3>\n<p>Um jovem de 19 anos foi preso, na noite de s\u00e1bado (25), durante patrulhamento visando combater explos\u00f5es de caixas eletr\u00f4nicos na cidade de Itaobim. Ele \u00e9 suspeito de trafico de drogas.<\/p>\n<p> Um rev\u00f3lver calibre .28 com tr\u00eas muni\u00e7\u00f5es, 9 pinos de coca\u00edna cheios e 2 vazios, 1 bucha de maconha, 5 pedras de crack e R$ 30,00 em dinheiro foram encontrados com o suspeito.<\/p>\n<p>O rapaz foi conduzido \u00e0 delegacia juntamente com os materiais apreendidos.<\/p>\n<p><img decoding=\"async\" src=\"http:\/\/aconteceunovale.com.br\/portal\/wp-content\/uploads\/2017\/03\/arma_itaobim_2.jpg\" alt=\"\" \/><em>O material apreendido foi entregue na delegacia (Foto: Divulga\u00e7\u00e3o)<\/em><br \/>\n<\/br><\/p>\n<h3>Presos por roubo em Salto da Divisa<\/h3>\n<p>Um rapaz de 18 anos foi preso suspeito de ter roubado uma loja de com\u00e9rcio de g\u00e1s, juntamente com um receptador da mesma idade, na tarde de s\u00e1bado (25), em Salto da Divisa, no Vale do Jequitinhonha..<\/p>\n<p>A arma  usada no assalto foi apreendida e parte do dinheiro roubado foi recuperado. Os dois jovens confessaram o crime. Eles foram encaminhados para a Delegacia de Almenara, onde a ocorr\u00eancia foi encerrada.<\/p>\n<p><img decoding=\"async\" src=\"http:\/\/aconteceunovale.com.br\/portal\/wp-content\/uploads\/2017\/03\/arma_itaobim_2.jpg\" alt=\"\" \/><em>Dupla usou uma arma artesanal para cometer o roubo (Foto: Divulga\u00e7\u00e3o)<\/em><br \/>\n<\/br><\/p>\n<h3>PM impede confronto armado em Almenara<\/h3>\n<p>Uma opera\u00e7\u00e3o policial foi desencadeada no bairro Cidade Nova, em Almenara, na noite de s\u00e1bado (25), para  impedir  um confronto armado, entre criminosos.<\/p>\n<p>Tr\u00eas armas foram apreendidas e dois suspeitos de 18 e 22 anos  foram presos. Um foi encontrado escondido dentro de um sof\u00e1 e o outro escondido em um quarto.<\/p>\n<p>Os policiais militares flagraram  os dois,  armados na rua. Eles  fugiram para o interior de uma casa que foi cercada  pela PM.<\/p>\n<p>Foram  apreendidos  dois rev\u00f3lveres  calibre 38 carregados com 6 muni\u00e7\u00f5es cada e uma espingarda calibre .44 carregada com um cartucho. Outras 5 muni\u00e7\u00f5es calibre .44, tr\u00eas muni\u00e7\u00f5es calibre .32 e uma muni\u00e7\u00e3o calibre 12 foram apreendidas no interior da casa.<\/p>\n<p>Outros tr\u00eas suspeitos ainda n\u00e3o foram localizados. Os rapazes foram encaminhados para a Delegacia juntamente com as armas e muni\u00e7\u00f5es. A PM acredita que o fato tenha liga\u00e7\u00e3o com o tr\u00e1fico de drogas.<\/p>\n<p><strong>VER PRIMEIRO<\/strong><\/p>\n<p><strong>Receba as not\u00edcias do Aconteceu no Vale em primeira m\u00e3o. Clique em curtir no endere\u00e7o <a href=\"https:\/\/www.facebook.com\/aconteceunovale\" target=\"_blank\"><font color=\"red\">www.facebook.com\/aconteceunovale<\/font><\/a> ou no box abaixo:<\/strong><\/p>\n<div class=\"fb-like\" data-href=\"https:\/\/www.facebook.com\/aconteceunovale\" data-width=\"120\" data-layout=\"standard\" data-action=\"like\" data-size=\"small\" data-show-faces=\"true\" data-share=\"true\"><\/div>\n<p><\/br><\/p>\n<p><em>(Fonte: Gazeta de Ara\u00e7ua\u00ed)<\/em><\/p>\n","protected":false},"excerpt":{"rendered":"<p>Na tarde de segunda-feira (27\/03), durante patrulhamento, uma guarni\u00e7\u00e3o da Pol\u00edcia Militar (PM) de Itaobim, no Vale do Jequitinhonha, avistou um homem em atitude suspeita, com um volume na cintura, aparentando ser uma arma. Ao perceber a aproxima\u00e7\u00e3o da pol\u00edcia, o suspeito fugiu pelo fundo de uma casa abandonada, que habitualmente \u00e9 utilizada para pr\u00e1tica [&hellip;]<\/p>\n","protected":false},"author":1,"featured_media":111432,"comment_status":"open","ping_status":"closed","sticky":false,"template":"","format":"standard","meta":{"amp_status":"","footnotes":""},"categories":[120],"tags":[142,143980,143979,143981,143986,10597,143989,10598,391,143988,143983,143987,143984,143985,409,130809,143982],"class_list":["post-111431","post","type-post","status-publish","format-standard","has-post-thumbnail","hentry","category-jequi","tag-almenara","tag-apreensao-de-arma-em-itaobim","tag-apreensao-de-armas-em-itaobim","tag-arma-apreendida-em-itaobim","tag-assalto-em-salto-da-divisa","tag-assassinato-em-itaobim","tag-confronto-armado-em-almenara","tag-homicidio-em-itaobim","tag-itaobim","tag-pm-impede-confronto-armado-em-almenara","tag-policia-militar-apreende-armas-e-drogas-em-itaobim","tag-presos-em-salto-da-divisa","tag-presos-por-roubo-em-salto-da-divisa","tag-roubo-em-salto-da-divisa","tag-salto-da-divisa","tag-trafico-de-drogas-em-itaobim","tag-trafico-em-itaobim"],"_links":{"self":[{"href":"https:\/\/aconteceunovale.com.br\/portal\/index.php?rest_route=\/wp\/v2\/posts\/111431","targetHints":{"allow":["GET"]}}],"collection":[{"href":"https:\/\/aconteceunovale.com.br\/portal\/index.php?rest_route=\/wp\/v2\/posts"}],"about":[{"href":"https:\/\/aconteceunovale.com.br\/portal\/index.php?rest_route=\/wp\/v2\/types\/post"}],"author":[{"embeddable":true,"href":"https:\/\/aconteceunovale.com.br\/portal\/index.php?rest_route=\/wp\/v2\/users\/1"}],"replies":[{"embeddable":true,"href":"https:\/\/aconteceunovale.com.br\/portal\/index.php?rest_route=%2Fwp%2Fv2%2Fcomments&post=111431"}],"version-history":[{"count":0,"href":"https:\/\/aconteceunovale.com.br\/portal\/index.php?rest_route=\/wp\/v2\/posts\/111431\/revisions"}],"wp:featuredmedia":[{"embeddable":true,"href":"https:\/\/aconteceunovale.com.br\/portal\/index.php?rest_route=\/wp\/v2\/media\/111432"}],"wp:attachment":[{"href":"https:\/\/aconteceunovale.com.br\/portal\/index.php?rest_route=%2Fwp%2Fv2%2Fmedia&parent=111431"}],"wp:term":[{"taxonomy":"category","embeddable":true,"href":"https:\/\/aconteceunovale.com.br\/portal\/index.php?rest_route=%2Fwp%2Fv2%2Fcategories&post=111431"},{"taxonomy":"post_tag","embeddable":true,"href":"https:\/\/aconteceunovale.com.br\/portal\/index.php?rest_route=%2Fwp%2Fv2%2Ftags&post=111431"}],"curies":[{"name":"wp","href":"https:\/\/api.w.org\/{rel}","templated":true}]}}