{"id":111428,"date":"2017-03-29T11:53:39","date_gmt":"2017-03-29T13:53:39","guid":{"rendered":"http:\/\/aconteceunovale.com.br\/portal\/?p=111428"},"modified":"2017-03-29T13:07:56","modified_gmt":"2017-03-29T15:07:56","slug":"suspeita-de-trafico-internacional-de-armas-se-entrega-a-policia-em-aracuai","status":"publish","type":"post","link":"https:\/\/aconteceunovale.com.br\/portal\/?p=111428","title":{"rendered":"Suspeita de tr\u00e1fico internacional de armas se entrega \u00e0 pol\u00edcia em Ara\u00e7ua\u00ed"},"content":{"rendered":"<p>Foi presa em Ara\u00e7ua\u00ed, no Vale do Jequitinhonha, uma mulher que estava sendo procurada por causa da suspeita do envolvimento com o tr\u00e1fico internacional de armas. J\u00e9ssica K.R, de 22 anos, tinha mandado de pris\u00e3o expedido pela Justi\u00e7a do Paran\u00e1 e, acompanhada de um advogado, se entregou na delegacia de Ara\u00e7ua\u00ed, no final da tarde desta ter\u00e7a-feira (28\/03).<\/p>\n<p>No ano passado, J\u00e9ssica foi presa numa abordagem da Policia Rodovi\u00e1ria Federal no munic\u00edpio de Gua\u00edra (PR), na fronteira do Brasil com o Paraguai. A jovem estava com v\u00e1rias pistolas autom\u00e1ticas presas \u00e0 cintura. As armas teriam sa\u00eddo do Paraguai.  A pris\u00e3o foi registrada em um v\u00eddeo gravado pela PRF, que mostrou a mulher com pelo menos oito pistolas autom\u00e1ticas amarradas na cintura com fita adesiva. O v\u00eddeo foi amplamente divulgado nas redes sociais.<\/p>\n<p><img decoding=\"async\" src=\"http:\/\/aconteceunovale.com.br\/portal\/wp-content\/uploads\/2017\/03\/presa_aracuai2.jpg\" alt=\"\" \/><em>J\u00e9ssica se apresentou ao Delegado de Ara\u00e7ua\u00ed (Foto: Divulga\u00e7\u00e3o\/Gazeta de Ara\u00e7ua\u00ed)<\/em><br \/>\n<\/br><\/p>\n<p>Conforme o delegado de Ara\u00e7ua\u00ed, Cristiano Arantes, J\u00e9ssica ficou presa no Paran\u00e1 por algum tempo. Ap\u00f3s ter sido solta por excesso de prazo, ela deveria atender medidas cautelares e comparecer \u00e0 Justi\u00e7a periodicamente. Por\u00e9m, desapareceu e teve a pris\u00e3o decretada novamente, passando a ser procurada.<\/p>\n<p>A mulher envolvida com o tr\u00e1fico internacional de armas viajou para a cidade do Vale do Jequitinhonha, onde mora a fam\u00edlia dela. De acordo com o delegado Cristiano Arantes, a Justi\u00e7a do Paran\u00e1 pediu a colabora\u00e7\u00e3o da pol\u00edcia mineira para localizar J\u00e9ssica. Tamb\u00e9m foi expedido mandado de pris\u00e3o contra ela pelo juiz da comarca de Ara\u00e7ua\u00ed.<\/p>\n<p>Cristiano Arantes disse que foram feitas v\u00e1rias tentativas para prender a jovem. &#8220;Ao perceber que o cerco estava fechado, ela se apresentou na delegacia&#8221;, afirmou o delegado.<\/p>\n<p>Ele disse ainda que Jessica \u00e9 oriunda de fam\u00edlia humilde de Ara\u00e7ua\u00ed e, dos 17 para 18 anos, mudou-se para Belo Horizonte, onde teria se envolvido com traficantes na Pedreira Prado Lopes. Dali, foi para o Paran\u00e1, onde acabou presa por tr\u00e1fico internacional de armas. &#8220;Ao se apresentar na delegacia, ela disse que a partir de agora quer uma nova vida, do bem&#8221;, relatou o delegado. A mulher est\u00e1 recolhida no Pres\u00eddio de Ara\u00e7ua\u00ed e ainda n\u00e3o se sabe se ser\u00e1 transferida para o Paran\u00e1.<\/p>\n<p><strong><em>Imagens abaixo s\u00e3o da PRF do Paran\u00e1 e mostram a pris\u00e3o da jovem, no ano passado, no momento em que carregava nove pistolas autom\u00e1ticas:<\/em><\/strong><\/p>\n<p><iframe loading=\"lazy\" width=\"640\" height=\"360\" src=\"https:\/\/www.youtube.com\/embed\/mcA5OLBa3rQ\" frameborder=\"0\" allowfullscreen><\/iframe><br \/>\n<\/br><\/p>\n<p><strong>VER PRIMEIRO<\/strong><\/p>\n<p><strong>Receba as not\u00edcias do Aconteceu no Vale em primeira m\u00e3o. Clique em curtir no endere\u00e7o <a href=\"https:\/\/www.facebook.com\/aconteceunovale\" target=\"_blank\"><font color=\"red\">www.facebook.com\/aconteceunovale<\/font><\/a> ou no box abaixo:<\/strong><\/p>\n<div class=\"fb-like\" data-href=\"https:\/\/www.facebook.com\/aconteceunovale\" data-width=\"120\" data-layout=\"standard\" data-action=\"like\" data-size=\"small\" data-show-faces=\"true\" data-share=\"true\"><\/div>\n<p><\/br><\/p>\n<p><em>(Fonte: Estado de Minas\/Luiz Ribeiro)<\/em><\/p>\n","protected":false},"excerpt":{"rendered":"<p>Foi presa em Ara\u00e7ua\u00ed, no Vale do Jequitinhonha, uma mulher que estava sendo procurada por causa da suspeita do envolvimento com o tr\u00e1fico internacional de armas. J\u00e9ssica K.R, de 22 anos, tinha mandado de pris\u00e3o expedido pela Justi\u00e7a do Paran\u00e1 e, acompanhada de um advogado, se entregou na delegacia de Ara\u00e7ua\u00ed, no final da tarde [&hellip;]<\/p>\n","protected":false},"author":1,"featured_media":111429,"comment_status":"open","ping_status":"closed","sticky":false,"template":"","format":"standard","meta":{"amp_status":"","footnotes":""},"categories":[120],"tags":[186,84903,10454,143974,143990,143977,54230,143975,143976,143978],"class_list":["post-111428","post","type-post","status-publish","format-standard","has-post-thumbnail","hentry","category-jequi","tag-aracuai","tag-cristiano-castelucci","tag-guaira","tag-jessica-helen-ramalho","tag-jessica-kelen-ramalho","tag-jessica-ramalho","tag-policia-civil-de-aracuai","tag-presa-por-trafico-de-armas-em-aracuai","tag-presa-por-trafico-internacional-de-armas-em-aracuai","tag-suspeita-de-trafico-internacional-de-armas-se-entrega-a-policia-em-aracuai"],"_links":{"self":[{"href":"https:\/\/aconteceunovale.com.br\/portal\/index.php?rest_route=\/wp\/v2\/posts\/111428","targetHints":{"allow":["GET"]}}],"collection":[{"href":"https:\/\/aconteceunovale.com.br\/portal\/index.php?rest_route=\/wp\/v2\/posts"}],"about":[{"href":"https:\/\/aconteceunovale.com.br\/portal\/index.php?rest_route=\/wp\/v2\/types\/post"}],"author":[{"embeddable":true,"href":"https:\/\/aconteceunovale.com.br\/portal\/index.php?rest_route=\/wp\/v2\/users\/1"}],"replies":[{"embeddable":true,"href":"https:\/\/aconteceunovale.com.br\/portal\/index.php?rest_route=%2Fwp%2Fv2%2Fcomments&post=111428"}],"version-history":[{"count":0,"href":"https:\/\/aconteceunovale.com.br\/portal\/index.php?rest_route=\/wp\/v2\/posts\/111428\/revisions"}],"wp:featuredmedia":[{"embeddable":true,"href":"https:\/\/aconteceunovale.com.br\/portal\/index.php?rest_route=\/wp\/v2\/media\/111429"}],"wp:attachment":[{"href":"https:\/\/aconteceunovale.com.br\/portal\/index.php?rest_route=%2Fwp%2Fv2%2Fmedia&parent=111428"}],"wp:term":[{"taxonomy":"category","embeddable":true,"href":"https:\/\/aconteceunovale.com.br\/portal\/index.php?rest_route=%2Fwp%2Fv2%2Fcategories&post=111428"},{"taxonomy":"post_tag","embeddable":true,"href":"https:\/\/aconteceunovale.com.br\/portal\/index.php?rest_route=%2Fwp%2Fv2%2Ftags&post=111428"}],"curies":[{"name":"wp","href":"https:\/\/api.w.org\/{rel}","templated":true}]}}