{"id":111423,"date":"2017-03-29T11:39:07","date_gmt":"2017-03-29T13:39:07","guid":{"rendered":"http:\/\/aconteceunovale.com.br\/portal\/?p=111423"},"modified":"2017-03-29T11:39:07","modified_gmt":"2017-03-29T13:39:07","slug":"temporal-alaga-ruas-de-aracuai-no-vale-do-jequitinhonha","status":"publish","type":"post","link":"https:\/\/aconteceunovale.com.br\/portal\/?p=111423","title":{"rendered":"Temporal alaga ruas de Ara\u00e7ua\u00ed, no Vale do Jequitinhonha"},"content":{"rendered":"<p>Uma chuva forte assustou moradores de Ara\u00e7ua\u00ed, no Vale do Jequitinhonha, na tarde desta ter\u00e7a-feira (28\/03\/2017). V\u00e1rias ruas ficaram alagadas durante o temporal, que durou cerca de uma hora, entre 16h30 e 17h30, e causou alguns preju\u00edzos para a popula\u00e7\u00e3o e tamb\u00e9m para a administra\u00e7\u00e3o municipal.<\/p>\n<p>Segundo o prefeito Armando Jardim Paix\u00e3o (PT), o cal\u00e7amento de algumas ruas foi arrancado, assim como tampas de bueiros que foram levadas. H\u00e1 registros de casas que ficaram alagadas e tamb\u00e9m de uma escola.<\/p>\n<p>\u201cHoje estamos fazendo a limpeza da cidade e contabilizando os preju\u00edzos, para saber o que vai precisar de manuten\u00e7\u00e3o e como podemos ajudar quem tiver sido mais prejudicado\u201d, afirma o prefeito.<\/p>\n<p>Apesar do tempo em que a chuva foi intensa, n\u00e3o houve registro de transbordamento do Rio Ara\u00e7ua\u00ed, que passa ao lado da cidade e \u00e9 afluente do Rio Jequitinhonha. Ainda segundo o prefeito, n\u00e3o h\u00e1 registro de feridos. O Corpo de Bombeiros informou que n\u00e3o recebeu nenhum chamado para atua\u00e7\u00e3o durante a tempestade ou ap\u00f3s a chuva.<\/p>\n<p><img decoding=\"async\" src=\"http:\/\/aconteceunovale.com.br\/portal\/wp-content\/uploads\/2017\/03\/chuva_aracuai_1.jpg\" alt=\"\" \/><em>Chuva alaga ruas de Ara\u00e7ua\u00ed (foto: Welton Franco\/R\u00e1dio Auto FM)<\/em><br \/>\n<\/br><\/p>\n<p><img decoding=\"async\" src=\"http:\/\/aconteceunovale.com.br\/portal\/wp-content\/uploads\/2017\/03\/chuva_aracuai_2.jpg\" alt=\"\" \/><em>Chuva alaga ruas de Ara\u00e7ua\u00ed (foto: Welton Franco\/R\u00e1dio Auto FM)<\/em><br \/>\n<\/br><\/p>\n<p><img decoding=\"async\" src=\"http:\/\/aconteceunovale.com.br\/portal\/wp-content\/uploads\/2017\/03\/chuva_aracuai_3.jpg\" alt=\"\" \/><em>Chuva alaga ruas de Ara\u00e7ua\u00ed (foto: Welton Franco\/R\u00e1dio Auto FM)<\/em><br \/>\n<\/br><\/p>\n<p><strong>VER PRIMEIRO<\/strong><\/p>\n<p><strong>Receba as not\u00edcias do Aconteceu no Vale em primeira m\u00e3o. Clique em curtir no endere\u00e7o <a href=\"https:\/\/www.facebook.com\/aconteceunovale\" target=\"_blank\"><font color=\"red\">www.facebook.com\/aconteceunovale<\/font><\/a> ou no box abaixo:<\/strong><\/p>\n<div class=\"fb-like\" data-href=\"https:\/\/www.facebook.com\/aconteceunovale\" data-width=\"120\" data-layout=\"standard\" data-action=\"like\" data-size=\"small\" data-show-faces=\"true\" data-share=\"true\"><\/div>\n<p><\/br><\/p>\n<p><em>(Fonte: Estado de Minas)<\/em><\/p>\n","protected":false},"excerpt":{"rendered":"<p>Uma chuva forte assustou moradores de Ara\u00e7ua\u00ed, no Vale do Jequitinhonha, na tarde desta ter\u00e7a-feira (28\/03\/2017). V\u00e1rias ruas ficaram alagadas durante o temporal, que durou cerca de uma hora, entre 16h30 e 17h30, e causou alguns preju\u00edzos para a popula\u00e7\u00e3o e tamb\u00e9m para a administra\u00e7\u00e3o municipal. Segundo o prefeito Armando Jardim Paix\u00e3o (PT), o cal\u00e7amento [&hellip;]<\/p>\n","protected":false},"author":1,"featured_media":111425,"comment_status":"open","ping_status":"closed","sticky":false,"template":"","format":"standard","meta":{"amp_status":"","footnotes":""},"categories":[120],"tags":[186,22785,1018,143973,21752,143972,143970,143971],"class_list":["post-111423","post","type-post","status-publish","format-standard","has-post-thumbnail","hentry","category-jequi","tag-aracuai","tag-chuva-em-aracuai","tag-destaque","tag-enchente-em-aracuai","tag-rio-aracuai","tag-ruas-alagadas-em-aracuai","tag-temporal-alaga-ruas-de-aracuai","tag-temporal-em-aracuai"],"_links":{"self":[{"href":"https:\/\/aconteceunovale.com.br\/portal\/index.php?rest_route=\/wp\/v2\/posts\/111423","targetHints":{"allow":["GET"]}}],"collection":[{"href":"https:\/\/aconteceunovale.com.br\/portal\/index.php?rest_route=\/wp\/v2\/posts"}],"about":[{"href":"https:\/\/aconteceunovale.com.br\/portal\/index.php?rest_route=\/wp\/v2\/types\/post"}],"author":[{"embeddable":true,"href":"https:\/\/aconteceunovale.com.br\/portal\/index.php?rest_route=\/wp\/v2\/users\/1"}],"replies":[{"embeddable":true,"href":"https:\/\/aconteceunovale.com.br\/portal\/index.php?rest_route=%2Fwp%2Fv2%2Fcomments&post=111423"}],"version-history":[{"count":0,"href":"https:\/\/aconteceunovale.com.br\/portal\/index.php?rest_route=\/wp\/v2\/posts\/111423\/revisions"}],"wp:featuredmedia":[{"embeddable":true,"href":"https:\/\/aconteceunovale.com.br\/portal\/index.php?rest_route=\/wp\/v2\/media\/111425"}],"wp:attachment":[{"href":"https:\/\/aconteceunovale.com.br\/portal\/index.php?rest_route=%2Fwp%2Fv2%2Fmedia&parent=111423"}],"wp:term":[{"taxonomy":"category","embeddable":true,"href":"https:\/\/aconteceunovale.com.br\/portal\/index.php?rest_route=%2Fwp%2Fv2%2Fcategories&post=111423"},{"taxonomy":"post_tag","embeddable":true,"href":"https:\/\/aconteceunovale.com.br\/portal\/index.php?rest_route=%2Fwp%2Fv2%2Ftags&post=111423"}],"curies":[{"name":"wp","href":"https:\/\/api.w.org\/{rel}","templated":true}]}}