{"id":111408,"date":"2017-03-29T09:29:31","date_gmt":"2017-03-29T11:29:31","guid":{"rendered":"http:\/\/aconteceunovale.com.br\/portal\/?p=111408"},"modified":"2017-03-29T09:29:42","modified_gmt":"2017-03-29T11:29:42","slug":"stj-revoga-liminar-que-impedia-novo-leilao-de-usina-hidreletrica-em-minas","status":"publish","type":"post","link":"https:\/\/aconteceunovale.com.br\/portal\/?p=111408","title":{"rendered":"STJ revoga liminar que impedia novo leil\u00e3o de usina hidrel\u00e9trica em Minas"},"content":{"rendered":"<p>O ministro Mauro Campbell, do Superior Tribunal de Justi\u00e7a (STJ), revogou ontem (28) liminar que mantinha a companhia Cemig Gera\u00e7\u00e3o e Transmiss\u00e3o S\/A no controle da Usina Hidrel\u00e9trica de S\u00e3o Sim\u00e3o, em Minas Gerais, conforme contrato de concess\u00e3o original da usina, que venceu em 2015. A liminar derrubada nesta ter\u00e7a-feira impedia os planos do governo federal de promover um novo leil\u00e3o da usina.<\/p>\n<p>O ministro do STJ acatou pedido de reconsidera\u00e7\u00e3o apresentado na semana passada pela Advocacia-Geral da Uni\u00e3o (AGU). No documento, a AGU argumentou que foi aberto precedente a partir da decis\u00e3o do ministro Dias Toffoli, do Supremo Tribunal Federal, que, na quinta-feira (23), reconsiderou decis\u00e3o relativa a outra usina mineira que tamb\u00e9m era controlada pela Cemig por for\u00e7a de liminar, a de Jaguar\u00e1.<\/p>\n<p>Na sua decis\u00e3o, Campbell disse que a reconsidera\u00e7\u00e3o n\u00e3o ter\u00e1 implica\u00e7\u00e3o imediata na interrup\u00e7\u00e3o dos servi\u00e7os prestados pela concession\u00e1ria e que a Cemig poder\u00e1 manter a presta\u00e7\u00e3o dos servi\u00e7os at\u00e9 que n\u00e3o haja novo leil\u00e3o.<\/p>\n<p>Em nota, a AGU informou que aguarda ainda decis\u00e3o sobre a revoga\u00e7\u00e3o de outra liminar, tamb\u00e9m do Superior Tribunal de Justi\u00e7a, que mant\u00e9m sob controle da Cemig a Usina de Miranda. A relatora do caso \u00e9 a ministra Regina Helena.<\/p>\n<p>A expectativa do governo \u00e9 de que o leil\u00e3o das usinas de S\u00e3o Sim\u00e3o, Jaguar\u00e1 e Miranda possam render at\u00e9 R$ 10 bilh\u00f5es aos cofres da Uni\u00e3o.<\/p>\n<p><strong>VER PRIMEIRO<\/strong><\/p>\n<p><strong>Receba as not\u00edcias do Aconteceu no Vale em primeira m\u00e3o. Clique em curtir no endere\u00e7o <a href=\"https:\/\/www.facebook.com\/aconteceunovale\" target=\"_blank\"><font color=\"red\">www.facebook.com\/aconteceunovale<\/font><\/a> ou no box abaixo:<\/strong><\/p>\n<div class=\"fb-like\" data-href=\"https:\/\/www.facebook.com\/aconteceunovale\" data-width=\"120\" data-layout=\"standard\" data-action=\"like\" data-size=\"small\" data-show-faces=\"true\" data-share=\"true\"><\/div>\n<p><\/br><\/p>\n<p><em>(Fonte: Ag\u00eancia Brasil)<\/em><\/p>\n","protected":false},"excerpt":{"rendered":"<p>O ministro Mauro Campbell, do Superior Tribunal de Justi\u00e7a (STJ), revogou ontem (28) liminar que mantinha a companhia Cemig Gera\u00e7\u00e3o e Transmiss\u00e3o S\/A no controle da Usina Hidrel\u00e9trica de S\u00e3o Sim\u00e3o, em Minas Gerais, conforme contrato de concess\u00e3o original da usina, que venceu em 2015. A liminar derrubada nesta ter\u00e7a-feira impedia os planos do governo [&hellip;]<\/p>\n","protected":false},"author":1,"featured_media":111409,"comment_status":"open","ping_status":"closed","sticky":false,"template":"","format":"standard","meta":{"amp_status":"","footnotes":""},"categories":[123],"tags":[347,143954,143948,143955,143953,143952,46510,143949,61747,143951,143950,88250,143947],"class_list":["post-111408","post","type-post","status-publish","format-standard","has-post-thumbnail","hentry","category-gerais","tag-cemig","tag-jaguara","tag-leilao-da-usina-hidreletrica-de-sao-simao","tag-leilao-de-usinas-hidreletricas","tag-mauro-campbell","tag-ministro-mauro-campbell","tag-miranda","tag-novo-leilao-da-usina-hidreletrica-de-sao-simao","tag-stj","tag-stj-revoga-liminar-que-impedia-novo-leilao-da-usina-hidreletrica-de-sao-simao","tag-stj-revoga-liminar-que-impedia-novo-leilao-de-usina-hidreletrica-em-minas","tag-superior-tribunal-de-justica","tag-usina-hidreletrica-de-sao-simao"],"_links":{"self":[{"href":"https:\/\/aconteceunovale.com.br\/portal\/index.php?rest_route=\/wp\/v2\/posts\/111408","targetHints":{"allow":["GET"]}}],"collection":[{"href":"https:\/\/aconteceunovale.com.br\/portal\/index.php?rest_route=\/wp\/v2\/posts"}],"about":[{"href":"https:\/\/aconteceunovale.com.br\/portal\/index.php?rest_route=\/wp\/v2\/types\/post"}],"author":[{"embeddable":true,"href":"https:\/\/aconteceunovale.com.br\/portal\/index.php?rest_route=\/wp\/v2\/users\/1"}],"replies":[{"embeddable":true,"href":"https:\/\/aconteceunovale.com.br\/portal\/index.php?rest_route=%2Fwp%2Fv2%2Fcomments&post=111408"}],"version-history":[{"count":0,"href":"https:\/\/aconteceunovale.com.br\/portal\/index.php?rest_route=\/wp\/v2\/posts\/111408\/revisions"}],"wp:featuredmedia":[{"embeddable":true,"href":"https:\/\/aconteceunovale.com.br\/portal\/index.php?rest_route=\/wp\/v2\/media\/111409"}],"wp:attachment":[{"href":"https:\/\/aconteceunovale.com.br\/portal\/index.php?rest_route=%2Fwp%2Fv2%2Fmedia&parent=111408"}],"wp:term":[{"taxonomy":"category","embeddable":true,"href":"https:\/\/aconteceunovale.com.br\/portal\/index.php?rest_route=%2Fwp%2Fv2%2Fcategories&post=111408"},{"taxonomy":"post_tag","embeddable":true,"href":"https:\/\/aconteceunovale.com.br\/portal\/index.php?rest_route=%2Fwp%2Fv2%2Ftags&post=111408"}],"curies":[{"name":"wp","href":"https:\/\/api.w.org\/{rel}","templated":true}]}}