{"id":111406,"date":"2017-03-29T09:22:19","date_gmt":"2017-03-29T11:22:19","guid":{"rendered":"http:\/\/aconteceunovale.com.br\/portal\/?p=111406"},"modified":"2017-03-29T09:22:19","modified_gmt":"2017-03-29T11:22:19","slug":"policia-investiga-violencia-contra-quilombolas-em-comunidade-no-municipio-de-almenara-no-vale-do-jequitinhonha","status":"publish","type":"post","link":"https:\/\/aconteceunovale.com.br\/portal\/?p=111406","title":{"rendered":"Pol\u00edcia investiga viol\u00eancia contra quilombolas em comunidade no munic\u00edpio de Almenara, no Vale do Jequitinhonha"},"content":{"rendered":"<p>A Pol\u00edcia Civil de Minas Gerais instaurou inqu\u00e9rito para apurar den\u00fancia de viol\u00eancia contra moradores da comunidade quilombola Marob\u00e1 dos Teixeira, situada no munic\u00edpio de Almenara (MG). O caso ocorreu na noite da \u00faltima sexta-feira (24).<\/p>\n<p>Segundo informa\u00e7\u00f5es de moradores da \u00e1rea e da Comiss\u00e3o Pastoral da Terra (CPT), tr\u00eas homens armados e encapuzados torturaram um casal que vive na comunidade. O homem, chamado Jurandir, chegou a ser amarrado em um poste e espancado at\u00e9 desmaiar.<\/p>\n<p>O grupo levou pertences da casa e documentos da associa\u00e7\u00e3o comunit\u00e1ria, al\u00e9m de pap\u00e9is relativos aos processos administrativos e judiciais sobre o territ\u00f3rio quilombola. No texto divulgado para denunciar a a\u00e7\u00e3o, os moradores levantam a hip\u00f3tese do epis\u00f3dio estar relacionado \u00e0 disputa por terras.<\/p>\n<p>\u201cAcreditamos que isto est\u00e1 ligado ao conflito agr\u00e1rio e \u00e0s lutas em defesa do territ\u00f3rio. Em outros momentos, v\u00e1rios momentos de conflitos foram registrados, muitas amea\u00e7as j\u00e1 foram feitas, tamb\u00e9m agress\u00e3o f\u00edsica e verbal. As burocracias e a omiss\u00e3o dos \u00f3rg\u00e3os de governo e at\u00e9 a morosidade do Judici\u00e1rio t\u00eam contribu\u00eddo para acirrar o conflito\u201d, diz o texto.<\/p>\n<p>Em nota, a Pol\u00edcia Civil mineira informou que fez uma per\u00edcia no local no dia do epis\u00f3dio e que todas as dilig\u00eancias est\u00e3o sendo feitas pela equipe de investiga\u00e7\u00e3o. \u201cN\u00e3o \u00e9 poss\u00edvel detalhar os procedimentos para n\u00e3o prejudicar o trabalho investigativo, mas esperamos nos pr\u00f3ximos dias concluir a apura\u00e7\u00e3o e remet\u00ea-la \u00e0 Justi\u00e7a.\u201d<\/p>\n<p><strong>Leia a nota da CPT<\/strong><\/p>\n<p><em>Na noite de ontem (24\/03\/2017), por volta das 20 horas, tr\u00eas homens armados e encapuzados, chegaram \u00e0 resid\u00eancia do casal na comunidade Quilombola Marob\u00e1 dos Teixeira no munic\u00edpio de Almenara. Eles estavam em um ve\u00edculo Novo Uno de cor branca. Ao chegarem, chamaram os moradores pelos nomes e quando atenderam acreditando que seria algu\u00e9m conhecido, foram abordados por um dos homens, o qual afirmou que \u201cgra\u00e7as a Deus\u201d encontrou Jurandir, pois ele era um homem dif\u00edcil de ser encontrado e j\u00e1 estavam procurando ele h\u00e1 dias.<\/p>\n<p>Inicialmente, torturaram Maria Rosa (esposa do Jurandir e tamb\u00e9m \u00e9 agente volunt\u00e1ria da Comiss\u00e3o Pastoral da Terra). Segundo ela, al\u00e9m de espanc\u00e1-la, deu a ela alguma subst\u00e2ncia que parecia ter chumbinho dentro e quiseram obrig\u00e1-la a tomar, mas ela disfar\u00e7ou e n\u00e3o engoliu. Al\u00e9m disso, ela foi obrigada a deitar no ch\u00e3o e foi coberta por um pano e insistentemente, perguntavam onde estavam as armas. Enquanto isso, um deles procurou o Jurandir (presidente da associa\u00e7\u00e3o da comunidade) e quando o encontraram, amarra-o ao poste de energia el\u00e9trica e o espancou e tamb\u00e9m tentou enforc\u00e1-lo com uma corda, at\u00e9 ele desmaiar. Acreditando que ele estava morto, sa\u00edram e vasculharam a casa, al\u00e9m de levar pertences da casa, levaram documentos da associa\u00e7\u00e3o comunit\u00e1ria, documentos relativos aos processos administrativos e judiciais relacionados ao territ\u00f3rio.<\/p>\n<p>Acreditamos que isto est\u00e1 ligado ao conflito agr\u00e1rio de lutas em defesa do Territ\u00f3rio. Em outras ocasi\u00f5es, v\u00e1rios momentos de conflitos foram registrados, muitas amea\u00e7as j\u00e1 foram feitas, tamb\u00e9m agress\u00e3o f\u00edsica e verbal. Muitas outras evid\u00eancias nos levam fazer tal liga\u00e7\u00e3o. As burocracias, a morosidade e a omiss\u00e3o dos \u00f3rg\u00e3os de governo e at\u00e9 a morosidade do Judici\u00e1rio, t\u00eam contribu\u00eddo para acirrar o conflito.<\/p>\n<p>Diante do exposto a Comiss\u00e3o Pastoral da Terra e a comunidade Quilombola Marob\u00e1 dos Teixeira v\u00eam denunciar este atentado e exigimos que seja investigado e punido os respons\u00e1veis.<\/p>\n<p>Belo Horizonte \u2013 25\/03\/2017<\/p>\n<p>Comiss\u00e3o Pastoral da Terra \u2013 MG<\/p>\n<p>Comunidade Quilombola Marob\u00e1 dos Teixeira.<\/em><\/p>\n<p><strong>VER PRIMEIRO<\/strong><\/p>\n<p><strong>Receba as not\u00edcias do Aconteceu no Vale em primeira m\u00e3o. Clique em curtir no endere\u00e7o <a href=\"https:\/\/www.facebook.com\/aconteceunovale\" target=\"_blank\"><font color=\"red\">www.facebook.com\/aconteceunovale<\/font><\/a> ou no box abaixo:<\/strong><\/p>\n<div class=\"fb-like\" data-href=\"https:\/\/www.facebook.com\/aconteceunovale\" data-width=\"120\" data-layout=\"standard\" data-action=\"like\" data-size=\"small\" data-show-faces=\"true\" data-share=\"true\"><\/div>\n<p><\/br><\/p>\n<p><em>(Com Ag\u00eancia Brasil)<\/em><\/p>\n","protected":false},"excerpt":{"rendered":"<p>A Pol\u00edcia Civil de Minas Gerais instaurou inqu\u00e9rito para apurar den\u00fancia de viol\u00eancia contra moradores da comunidade quilombola Marob\u00e1 dos Teixeira, situada no munic\u00edpio de Almenara (MG). O caso ocorreu na noite da \u00faltima sexta-feira (24). Segundo informa\u00e7\u00f5es de moradores da \u00e1rea e da Comiss\u00e3o Pastoral da Terra (CPT), tr\u00eas homens armados e encapuzados torturaram [&hellip;]<\/p>\n","protected":false},"author":1,"featured_media":71442,"comment_status":"open","ping_status":"closed","sticky":false,"template":"","format":"standard","meta":{"amp_status":"","footnotes":""},"categories":[120],"tags":[142,143942,109646,143943,143945,143944,143940,44644,143946,37878,143941,143939],"class_list":{"0":"post-111406","1":"post","2":"type-post","3":"status-publish","4":"format-standard","5":"has-post-thumbnail","6":"hentry","7":"category-jequi","8":"tag-almenara","9":"tag-comissao-pastoral-da-terra","10":"tag-comunidade-quilombola-maroba-dos-teixeira","11":"tag-cpt","12":"tag-disputa-fundiaria","14":"tag-maroba-dos-teixeira","15":"tag-policia-civil-de-minas-gerais","16":"tag-policia-investiga-violencia-contra-quilombolas-em-comunidade-no-municipio-de-almenara","17":"tag-quilombolas","18":"tag-violencia-contra-quilombolas-da-comunidade-maroba-dos-teixeira","19":"tag-violencia-contra-quilombolas-em-almenara"},"_links":{"self":[{"href":"https:\/\/aconteceunovale.com.br\/portal\/index.php?rest_route=\/wp\/v2\/posts\/111406","targetHints":{"allow":["GET"]}}],"collection":[{"href":"https:\/\/aconteceunovale.com.br\/portal\/index.php?rest_route=\/wp\/v2\/posts"}],"about":[{"href":"https:\/\/aconteceunovale.com.br\/portal\/index.php?rest_route=\/wp\/v2\/types\/post"}],"author":[{"embeddable":true,"href":"https:\/\/aconteceunovale.com.br\/portal\/index.php?rest_route=\/wp\/v2\/users\/1"}],"replies":[{"embeddable":true,"href":"https:\/\/aconteceunovale.com.br\/portal\/index.php?rest_route=%2Fwp%2Fv2%2Fcomments&post=111406"}],"version-history":[{"count":0,"href":"https:\/\/aconteceunovale.com.br\/portal\/index.php?rest_route=\/wp\/v2\/posts\/111406\/revisions"}],"wp:featuredmedia":[{"embeddable":true,"href":"https:\/\/aconteceunovale.com.br\/portal\/index.php?rest_route=\/wp\/v2\/media\/71442"}],"wp:attachment":[{"href":"https:\/\/aconteceunovale.com.br\/portal\/index.php?rest_route=%2Fwp%2Fv2%2Fmedia&parent=111406"}],"wp:term":[{"taxonomy":"category","embeddable":true,"href":"https:\/\/aconteceunovale.com.br\/portal\/index.php?rest_route=%2Fwp%2Fv2%2Fcategories&post=111406"},{"taxonomy":"post_tag","embeddable":true,"href":"https:\/\/aconteceunovale.com.br\/portal\/index.php?rest_route=%2Fwp%2Fv2%2Ftags&post=111406"}],"curies":[{"name":"wp","href":"https:\/\/api.w.org\/{rel}","templated":true}]}}