{"id":111404,"date":"2017-03-29T09:13:30","date_gmt":"2017-03-29T11:13:30","guid":{"rendered":"http:\/\/aconteceunovale.com.br\/portal\/?p=111404"},"modified":"2017-03-29T10:09:36","modified_gmt":"2017-03-29T12:09:36","slug":"justica-e-mineradoras-assinam-termo-para-acelerar-indenizacoes-em-governador-valadares","status":"publish","type":"post","link":"https:\/\/aconteceunovale.com.br\/portal\/?p=111404","title":{"rendered":"Justi\u00e7a e mineradoras assinam termo para acelerar indeniza\u00e7\u00f5es em Governador Valadares"},"content":{"rendered":"<p>O Tribunal de Justi\u00e7a de Minas Gerais (TJMG) assinou ontem (28) um termo de colabora\u00e7\u00e3o com a mineradora Samarco, e suas acionistas Vale e BHP Billiton, para acelerar a resolu\u00e7\u00e3o das a\u00e7\u00f5es judiciais relacionadas com a interrup\u00e7\u00e3o do fornecimento de \u00e1gua em Governador Valadares (MG) no final de 2015. O problema ocorreu ap\u00f3s o rompimento da barragem de Fund\u00e3o, em Mariana (MG).  Considerado a maior trag\u00e9dia ambiental do pa\u00eds, o desastre levou devasta\u00e7\u00e3o \u00e0 vegeta\u00e7\u00e3o nativa, poluiu a bacia do Rio Doce, destruiu comunidades e provocou 19 mortes.<\/p>\n<p>Segundo o acordo, ser\u00e1 instalado um Posto Avan\u00e7ado de Autocomposi\u00e7\u00e3o (PAA), onde os atingidos poder\u00e3o buscar uma concilia\u00e7\u00e3o com a Funda\u00e7\u00e3o Renova, que foi criada pela Samarco para gerir as a\u00e7\u00f5es de repara\u00e7\u00e3o dos danos da trag\u00e9dia e tamb\u00e9m assina o termo. Ela prop\u00f5e uma indeniza\u00e7\u00e3o individual no valor de R$ 1 mil, sendo que vulner\u00e1veis &#8211; pessoas com necessidades especiais, menores de 12 anos, gestantes e idosos &#8211; receberiam um acr\u00e9scimo de 10%.<\/p>\n<p>Em nota, a Funda\u00e7\u00e3o Renova explica que Governador Valadares ficou sem abastecimento de \u00e1gua por sete dias. &#8220;Considerando esse per\u00edodo, foi feita uma avalia\u00e7\u00e3o do valor m\u00e9dio das contas de \u00e1gua da popula\u00e7\u00e3o e se prop\u00f4s a indeniza\u00e7\u00e3o individual de R$ 1 mil&#8221;, diz o texto. Com esses valores, uma fam\u00edlia composta por cinco pessoas, sendo um casal e tr\u00eas filhos menores de 12 anos, teria direito a R$ 5,3 mil. A Funda\u00e7\u00e3o Renova tem a expectativa de encerrar a indeniza\u00e7\u00e3o de todos os impactados na cidade ainda este ano.<\/p>\n<p><strong>Processos suspensos<\/strong><\/p>\n<p>A cria\u00e7\u00e3o de uma estrutura para estimular a concilia\u00e7\u00e3o entre os atingidos do munic\u00edpio mineiro e a Funda\u00e7\u00e3o Renova \u00e9 uma tentativa de reduzir o volume de a\u00e7\u00f5es judiciais envolvendo a interrup\u00e7\u00e3o do fornecimento de \u00e1gua ap\u00f3s a trag\u00e9dia e ao mesmo tempo acelerar a resolu\u00e7\u00e3o do impasse. Na semana passada, o TJMG chegou a suspender os processos sobre o tema que tramitavam em juizados especiais de Governador Valadares e de outras comarcas.<\/p>\n<p>Com um alto volume de a\u00e7\u00f5es sobre o assunto, foram emitidas senten\u00e7as contradit\u00f3rias. Em algumas delas, os magistrados extinguiram o processo por entender que os juizados especiais n\u00e3o seriam competentes para tal julgamento e, em outras, a Samarco foi condenada ao pagamento de indeniza\u00e7\u00f5es que, em alguns casos, foram de R$ 10 mil por morador atingido. A suspens\u00e3o foi determinada at\u00e9 que seja definida a inst\u00e2ncia com compet\u00eancia para o julgamento desses processos.<\/p>\n<p><img decoding=\"async\" src=\"http:\/\/aconteceunovale.com.br\/portal\/wp-content\/uploads\/2017\/03\/acordo_samarco.jpg\" alt=\"\" \/><em>A solenidade para a assinatura do acordo aconteceu em BH (Marcelo Albert\/TJMG)<\/em><br \/>\n<\/br><\/p>\n<p><strong>VER PRIMEIRO<\/strong><\/p>\n<p><strong>Receba as not\u00edcias do Aconteceu no Vale em primeira m\u00e3o. Clique em curtir no endere\u00e7o <a href=\"https:\/\/www.facebook.com\/aconteceunovale\" target=\"_blank\"><font color=\"red\">www.facebook.com\/aconteceunovale<\/font><\/a> ou no box abaixo:<\/strong><\/p>\n<div class=\"fb-like\" data-href=\"https:\/\/www.facebook.com\/aconteceunovale\" data-width=\"120\" data-layout=\"standard\" data-action=\"like\" data-size=\"small\" data-show-faces=\"true\" data-share=\"true\"><\/div>\n<p><\/br><\/p>\n<p><em>(Fonte: Ag\u00eancia Brasil)<\/em><\/p>\n","protected":false},"excerpt":{"rendered":"<p>O Tribunal de Justi\u00e7a de Minas Gerais (TJMG) assinou ontem (28) um termo de colabora\u00e7\u00e3o com a mineradora Samarco, e suas acionistas Vale e BHP Billiton, para acelerar a resolu\u00e7\u00e3o das a\u00e7\u00f5es judiciais relacionadas com a interrup\u00e7\u00e3o do fornecimento de \u00e1gua em Governador Valadares (MG) no final de 2015. O problema ocorreu ap\u00f3s o rompimento [&hellip;]<\/p>\n","protected":false},"author":1,"featured_media":111420,"comment_status":"open","ping_status":"closed","sticky":false,"template":"","format":"standard","meta":{"amp_status":"","footnotes":""},"categories":[121],"tags":[52411,971,273,21801,65265,67903,59520,76275,143813,143812,143811,1018,92258,122011,292,247,143810,7363,217,309,66993,32642,66484,270,65508,129360,2910],"class_list":["post-111404","post","type-post","status-publish","format-standard","has-post-thumbnail","hentry","category-leste","tag-abastecimento-de-agua-em-governador-valadares","tag-acucena","tag-aimores","tag-bacia-do-rio-doce","tag-barragem-de-fundao","tag-barragem-do-fundao","tag-bento-rodrigues","tag-bhp-billiton-brasil","tag-complexo-de-germano","tag-complexo-minerario-de-germano","tag-conflito-sobre-abastecimento-de-agua-em-governador-valadares","tag-destaque","tag-distrito-de-bento-rodrigues","tag-fundacao-renova","tag-galileia","tag-governador-valadares","tag-justica-busca-solucao-para-conflito-sobre-abastecimento-de-agua-em-governador-valadares","tag-mariana","tag-ponte-nova","tag-resplendor","tag-rompimento-da-barragem-de-fundao","tag-samarco","tag-samarco-mineracao","tag-tjmg","tag-tragedia-de-mariana","tag-tribunal-de-justica-do-estado-de-minas-gerais","tag-vale"],"yoast_head":"<!-- This site is optimized with the Yoast SEO plugin v28.3 - https:\/\/yoast.com\/product\/yoast-seo-wordpress\/ -->\n<title>Justi\u00e7a e mineradoras assinam termo para acelerar indeniza\u00e7\u00f5es em Governador Valadares - Aconteceu no Vale<\/title>\n<meta name=\"robots\" content=\"index, follow, max-snippet:-1, max-image-preview:large, max-video-preview:-1\" \/>\n<link rel=\"canonical\" href=\"https:\/\/aconteceunovale.com.br\/portal\/?p=111404\" \/>\n<meta property=\"og:locale\" content=\"pt_BR\" \/>\n<meta property=\"og:type\" content=\"article\" \/>\n<meta property=\"og:title\" content=\"Justi\u00e7a e mineradoras assinam termo para acelerar indeniza\u00e7\u00f5es em Governador Valadares - Aconteceu no Vale\" \/>\n<meta property=\"og:description\" content=\"O Tribunal de Justi\u00e7a de Minas Gerais (TJMG) assinou ontem (28) um termo de colabora\u00e7\u00e3o com a mineradora Samarco, e suas acionistas Vale e BHP Billiton, para acelerar a resolu\u00e7\u00e3o das a\u00e7\u00f5es judiciais relacionadas com a interrup\u00e7\u00e3o do fornecimento de \u00e1gua em Governador Valadares (MG) no final de 2015. O problema ocorreu ap\u00f3s o rompimento [&hellip;]\" \/>\n<meta property=\"og:url\" content=\"https:\/\/aconteceunovale.com.br\/portal\/?p=111404\" \/>\n<meta property=\"og:site_name\" content=\"Aconteceu no Vale\" \/>\n<meta property=\"article:publisher\" content=\"https:\/\/www.facebook.com\/aconteceunovale\/\" \/>\n<meta property=\"article:published_time\" content=\"2017-03-29T11:13:30+00:00\" \/>\n<meta property=\"article:modified_time\" content=\"2017-03-29T12:09:36+00:00\" \/>\n<meta property=\"og:image\" content=\"https:\/\/aconteceunovale.com.br\/portal\/wp-content\/uploads\/2017\/03\/acordo_samarco.jpg\" \/>\n\t<meta property=\"og:image:width\" content=\"675\" \/>\n\t<meta property=\"og:image:height\" content=\"450\" \/>\n\t<meta property=\"og:image:type\" content=\"image\/jpeg\" \/>\n<meta name=\"author\" content=\"Aconteceu no Vale\" \/>\n<meta name=\"twitter:card\" content=\"summary_large_image\" \/>\n<meta name=\"twitter:creator\" content=\"@noticiadosvales\" \/>\n<meta name=\"twitter:site\" content=\"@noticiadosvales\" \/>\n<meta name=\"twitter:label1\" content=\"Escrito por\" \/>\n\t<meta name=\"twitter:data1\" content=\"Aconteceu no Vale\" \/>\n\t<meta name=\"twitter:label2\" content=\"Est. tempo de leitura\" \/>\n\t<meta name=\"twitter:data2\" content=\"2 minutos\" \/>\n<script type=\"application\/ld+json\" class=\"yoast-schema-graph\">{\"@context\":\"https:\\\/\\\/schema.org\",\"@graph\":[{\"@type\":\"Article\",\"@id\":\"https:\\\/\\\/aconteceunovale.com.br\\\/portal\\\/?p=111404#article\",\"isPartOf\":{\"@id\":\"https:\\\/\\\/aconteceunovale.com.br\\\/portal\\\/?p=111404\"},\"author\":{\"name\":\"Aconteceu no Vale\",\"@id\":\"https:\\\/\\\/aconteceunovale.com.br\\\/portal\\\/#\\\/schema\\\/person\\\/633529146f2c94272bef50ac2953d589\"},\"headline\":\"Justi\u00e7a e mineradoras assinam termo para acelerar indeniza\u00e7\u00f5es em Governador Valadares\",\"datePublished\":\"2017-03-29T11:13:30+00:00\",\"dateModified\":\"2017-03-29T12:09:36+00:00\",\"mainEntityOfPage\":{\"@id\":\"https:\\\/\\\/aconteceunovale.com.br\\\/portal\\\/?p=111404\"},\"wordCount\":498,\"commentCount\":3,\"image\":{\"@id\":\"https:\\\/\\\/aconteceunovale.com.br\\\/portal\\\/?p=111404#primaryimage\"},\"thumbnailUrl\":\"https:\\\/\\\/aconteceunovale.com.br\\\/portal\\\/wp-content\\\/uploads\\\/2017\\\/03\\\/acordo_samarco.jpg\",\"keywords\":[\"Abastecimento de \u00e1gua em Governador Valadares\",\"A\u00e7ucena\",\"Aimor\u00e9s\",\"Bacia do Rio Doce\",\"Barragem de Fund\u00e3o\",\"Barragem do Fund\u00e3o\",\"Bento Rodrigues\",\"BHP Billiton Brasil\",\"complexo de Germano\",\"complexo miner\u00e1rio de Germano\",\"Conflito sobre abastecimento de \u00e1gua em Governador Valadares\",\"destaque\",\"Distrito de Bento Rodrigues\",\"Funda\u00e7\u00e3o Renova\",\"Galil\u00e9ia\",\"Governador Valadares\",\"Justi\u00e7a busca solu\u00e7\u00e3o para conflito sobre abastecimento de \u00e1gua em Governador Valadares\",\"Mariana\",\"Ponte Nova\",\"Resplendor\",\"rompimento da barragem de Fund\u00e3o\",\"Samarco\",\"Samarco Minera\u00e7\u00e3o\",\"TJMG\",\"trag\u00e9dia de mariana\",\"Tribunal de Justi\u00e7a do Estado de Minas Gerais\",\"Vale\"],\"articleSection\":[\"Leste de Minas\"],\"inLanguage\":\"pt-BR\",\"potentialAction\":[{\"@type\":\"CommentAction\",\"name\":\"Comment\",\"target\":[\"https:\\\/\\\/aconteceunovale.com.br\\\/portal\\\/?p=111404#respond\"]}]},{\"@type\":\"WebPage\",\"@id\":\"https:\\\/\\\/aconteceunovale.com.br\\\/portal\\\/?p=111404\",\"url\":\"https:\\\/\\\/aconteceunovale.com.br\\\/portal\\\/?p=111404\",\"name\":\"Justi\u00e7a e mineradoras assinam termo para acelerar indeniza\u00e7\u00f5es em Governador Valadares - Aconteceu no Vale\",\"isPartOf\":{\"@id\":\"https:\\\/\\\/aconteceunovale.com.br\\\/portal\\\/#website\"},\"primaryImageOfPage\":{\"@id\":\"https:\\\/\\\/aconteceunovale.com.br\\\/portal\\\/?p=111404#primaryimage\"},\"image\":{\"@id\":\"https:\\\/\\\/aconteceunovale.com.br\\\/portal\\\/?p=111404#primaryimage\"},\"thumbnailUrl\":\"https:\\\/\\\/aconteceunovale.com.br\\\/portal\\\/wp-content\\\/uploads\\\/2017\\\/03\\\/acordo_samarco.jpg\",\"datePublished\":\"2017-03-29T11:13:30+00:00\",\"dateModified\":\"2017-03-29T12:09:36+00:00\",\"author\":{\"@id\":\"https:\\\/\\\/aconteceunovale.com.br\\\/portal\\\/#\\\/schema\\\/person\\\/633529146f2c94272bef50ac2953d589\"},\"breadcrumb\":{\"@id\":\"https:\\\/\\\/aconteceunovale.com.br\\\/portal\\\/?p=111404#breadcrumb\"},\"inLanguage\":\"pt-BR\",\"potentialAction\":[{\"@type\":\"ReadAction\",\"target\":[\"https:\\\/\\\/aconteceunovale.com.br\\\/portal\\\/?p=111404\"]}]},{\"@type\":\"ImageObject\",\"inLanguage\":\"pt-BR\",\"@id\":\"https:\\\/\\\/aconteceunovale.com.br\\\/portal\\\/?p=111404#primaryimage\",\"url\":\"https:\\\/\\\/aconteceunovale.com.br\\\/portal\\\/wp-content\\\/uploads\\\/2017\\\/03\\\/acordo_samarco.jpg\",\"contentUrl\":\"https:\\\/\\\/aconteceunovale.com.br\\\/portal\\\/wp-content\\\/uploads\\\/2017\\\/03\\\/acordo_samarco.jpg\",\"width\":675,\"height\":450},{\"@type\":\"BreadcrumbList\",\"@id\":\"https:\\\/\\\/aconteceunovale.com.br\\\/portal\\\/?p=111404#breadcrumb\",\"itemListElement\":[{\"@type\":\"ListItem\",\"position\":1,\"name\":\"In\u00edcio\",\"item\":\"https:\\\/\\\/aconteceunovale.com.br\\\/portal\\\/\"},{\"@type\":\"ListItem\",\"position\":2,\"name\":\"Justi\u00e7a e mineradoras assinam termo para acelerar indeniza\u00e7\u00f5es em Governador Valadares\"}]},{\"@type\":\"WebSite\",\"@id\":\"https:\\\/\\\/aconteceunovale.com.br\\\/portal\\\/#website\",\"url\":\"https:\\\/\\\/aconteceunovale.com.br\\\/portal\\\/\",\"name\":\"Aconteceu no Vale\",\"description\":\"Portal de Not\u00edcias\",\"potentialAction\":[{\"@type\":\"SearchAction\",\"target\":{\"@type\":\"EntryPoint\",\"urlTemplate\":\"https:\\\/\\\/aconteceunovale.com.br\\\/portal\\\/?s={search_term_string}\"},\"query-input\":{\"@type\":\"PropertyValueSpecification\",\"valueRequired\":true,\"valueName\":\"search_term_string\"}}],\"inLanguage\":\"pt-BR\"},{\"@type\":\"Person\",\"@id\":\"https:\\\/\\\/aconteceunovale.com.br\\\/portal\\\/#\\\/schema\\\/person\\\/633529146f2c94272bef50ac2953d589\",\"name\":\"Aconteceu no Vale\",\"description\":\"Equipe de reportagem do Aconteceu no Vale, portal de not\u00edcias do Vale do Jequitinhonha, em Minas Gerais. Cobrimos as 51 cidades do Vale desde 2013. Sugest\u00f5es de pauta e pedidos de corre\u00e7\u00e3o: contato@aconteceunovale.com.br\",\"sameAs\":[\"http:\\\/\\\/www.aconteceunovale.com.br\"],\"url\":\"https:\\\/\\\/aconteceunovale.com.br\\\/portal\\\/?author=1\"}]}<\/script>\n<!-- \/ Yoast SEO plugin. -->","yoast_head_json":{"title":"Justi\u00e7a e mineradoras assinam termo para acelerar indeniza\u00e7\u00f5es em Governador Valadares - Aconteceu no Vale","robots":{"index":"index","follow":"follow","max-snippet":"max-snippet:-1","max-image-preview":"max-image-preview:large","max-video-preview":"max-video-preview:-1"},"canonical":"https:\/\/aconteceunovale.com.br\/portal\/?p=111404","og_locale":"pt_BR","og_type":"article","og_title":"Justi\u00e7a e mineradoras assinam termo para acelerar indeniza\u00e7\u00f5es em Governador Valadares - Aconteceu no Vale","og_description":"O Tribunal de Justi\u00e7a de Minas Gerais (TJMG) assinou ontem (28) um termo de colabora\u00e7\u00e3o com a mineradora Samarco, e suas acionistas Vale e BHP Billiton, para acelerar a resolu\u00e7\u00e3o das a\u00e7\u00f5es judiciais relacionadas com a interrup\u00e7\u00e3o do fornecimento de \u00e1gua em Governador Valadares (MG) no final de 2015. O problema ocorreu ap\u00f3s o rompimento [&hellip;]","og_url":"https:\/\/aconteceunovale.com.br\/portal\/?p=111404","og_site_name":"Aconteceu no Vale","article_publisher":"https:\/\/www.facebook.com\/aconteceunovale\/","article_published_time":"2017-03-29T11:13:30+00:00","article_modified_time":"2017-03-29T12:09:36+00:00","og_image":[{"width":675,"height":450,"url":"https:\/\/aconteceunovale.com.br\/portal\/wp-content\/uploads\/2017\/03\/acordo_samarco.jpg","type":"image\/jpeg"}],"author":"Aconteceu no Vale","twitter_card":"summary_large_image","twitter_creator":"@noticiadosvales","twitter_site":"@noticiadosvales","twitter_misc":{"Escrito por":"Aconteceu no Vale","Est. tempo de leitura":"2 minutos"},"schema":{"@context":"https:\/\/schema.org","@graph":[{"@type":"Article","@id":"https:\/\/aconteceunovale.com.br\/portal\/?p=111404#article","isPartOf":{"@id":"https:\/\/aconteceunovale.com.br\/portal\/?p=111404"},"author":{"name":"Aconteceu no Vale","@id":"https:\/\/aconteceunovale.com.br\/portal\/#\/schema\/person\/633529146f2c94272bef50ac2953d589"},"headline":"Justi\u00e7a e mineradoras assinam termo para acelerar indeniza\u00e7\u00f5es em Governador Valadares","datePublished":"2017-03-29T11:13:30+00:00","dateModified":"2017-03-29T12:09:36+00:00","mainEntityOfPage":{"@id":"https:\/\/aconteceunovale.com.br\/portal\/?p=111404"},"wordCount":498,"commentCount":3,"image":{"@id":"https:\/\/aconteceunovale.com.br\/portal\/?p=111404#primaryimage"},"thumbnailUrl":"https:\/\/aconteceunovale.com.br\/portal\/wp-content\/uploads\/2017\/03\/acordo_samarco.jpg","keywords":["Abastecimento de \u00e1gua em Governador Valadares","A\u00e7ucena","Aimor\u00e9s","Bacia do Rio Doce","Barragem de Fund\u00e3o","Barragem do Fund\u00e3o","Bento Rodrigues","BHP Billiton Brasil","complexo de Germano","complexo miner\u00e1rio de Germano","Conflito sobre abastecimento de \u00e1gua em Governador Valadares","destaque","Distrito de Bento Rodrigues","Funda\u00e7\u00e3o Renova","Galil\u00e9ia","Governador Valadares","Justi\u00e7a busca solu\u00e7\u00e3o para conflito sobre abastecimento de \u00e1gua em Governador Valadares","Mariana","Ponte Nova","Resplendor","rompimento da barragem de Fund\u00e3o","Samarco","Samarco Minera\u00e7\u00e3o","TJMG","trag\u00e9dia de mariana","Tribunal de Justi\u00e7a do Estado de Minas Gerais","Vale"],"articleSection":["Leste de Minas"],"inLanguage":"pt-BR","potentialAction":[{"@type":"CommentAction","name":"Comment","target":["https:\/\/aconteceunovale.com.br\/portal\/?p=111404#respond"]}]},{"@type":"WebPage","@id":"https:\/\/aconteceunovale.com.br\/portal\/?p=111404","url":"https:\/\/aconteceunovale.com.br\/portal\/?p=111404","name":"Justi\u00e7a e mineradoras assinam termo para acelerar indeniza\u00e7\u00f5es em Governador Valadares - Aconteceu no Vale","isPartOf":{"@id":"https:\/\/aconteceunovale.com.br\/portal\/#website"},"primaryImageOfPage":{"@id":"https:\/\/aconteceunovale.com.br\/portal\/?p=111404#primaryimage"},"image":{"@id":"https:\/\/aconteceunovale.com.br\/portal\/?p=111404#primaryimage"},"thumbnailUrl":"https:\/\/aconteceunovale.com.br\/portal\/wp-content\/uploads\/2017\/03\/acordo_samarco.jpg","datePublished":"2017-03-29T11:13:30+00:00","dateModified":"2017-03-29T12:09:36+00:00","author":{"@id":"https:\/\/aconteceunovale.com.br\/portal\/#\/schema\/person\/633529146f2c94272bef50ac2953d589"},"breadcrumb":{"@id":"https:\/\/aconteceunovale.com.br\/portal\/?p=111404#breadcrumb"},"inLanguage":"pt-BR","potentialAction":[{"@type":"ReadAction","target":["https:\/\/aconteceunovale.com.br\/portal\/?p=111404"]}]},{"@type":"ImageObject","inLanguage":"pt-BR","@id":"https:\/\/aconteceunovale.com.br\/portal\/?p=111404#primaryimage","url":"https:\/\/aconteceunovale.com.br\/portal\/wp-content\/uploads\/2017\/03\/acordo_samarco.jpg","contentUrl":"https:\/\/aconteceunovale.com.br\/portal\/wp-content\/uploads\/2017\/03\/acordo_samarco.jpg","width":675,"height":450},{"@type":"BreadcrumbList","@id":"https:\/\/aconteceunovale.com.br\/portal\/?p=111404#breadcrumb","itemListElement":[{"@type":"ListItem","position":1,"name":"In\u00edcio","item":"https:\/\/aconteceunovale.com.br\/portal\/"},{"@type":"ListItem","position":2,"name":"Justi\u00e7a e mineradoras assinam termo para acelerar indeniza\u00e7\u00f5es em Governador Valadares"}]},{"@type":"WebSite","@id":"https:\/\/aconteceunovale.com.br\/portal\/#website","url":"https:\/\/aconteceunovale.com.br\/portal\/","name":"Aconteceu no Vale","description":"Portal de Not\u00edcias","potentialAction":[{"@type":"SearchAction","target":{"@type":"EntryPoint","urlTemplate":"https:\/\/aconteceunovale.com.br\/portal\/?s={search_term_string}"},"query-input":{"@type":"PropertyValueSpecification","valueRequired":true,"valueName":"search_term_string"}}],"inLanguage":"pt-BR"},{"@type":"Person","@id":"https:\/\/aconteceunovale.com.br\/portal\/#\/schema\/person\/633529146f2c94272bef50ac2953d589","name":"Aconteceu no Vale","description":"Equipe de reportagem do Aconteceu no Vale, portal de not\u00edcias do Vale do Jequitinhonha, em Minas Gerais. Cobrimos as 51 cidades do Vale desde 2013. Sugest\u00f5es de pauta e pedidos de corre\u00e7\u00e3o: contato@aconteceunovale.com.br","sameAs":["http:\/\/www.aconteceunovale.com.br"],"url":"https:\/\/aconteceunovale.com.br\/portal\/?author=1"}]}},"_links":{"self":[{"href":"https:\/\/aconteceunovale.com.br\/portal\/index.php?rest_route=\/wp\/v2\/posts\/111404","targetHints":{"allow":["GET"]}}],"collection":[{"href":"https:\/\/aconteceunovale.com.br\/portal\/index.php?rest_route=\/wp\/v2\/posts"}],"about":[{"href":"https:\/\/aconteceunovale.com.br\/portal\/index.php?rest_route=\/wp\/v2\/types\/post"}],"author":[{"embeddable":true,"href":"https:\/\/aconteceunovale.com.br\/portal\/index.php?rest_route=\/wp\/v2\/users\/1"}],"replies":[{"embeddable":true,"href":"https:\/\/aconteceunovale.com.br\/portal\/index.php?rest_route=%2Fwp%2Fv2%2Fcomments&post=111404"}],"version-history":[{"count":0,"href":"https:\/\/aconteceunovale.com.br\/portal\/index.php?rest_route=\/wp\/v2\/posts\/111404\/revisions"}],"wp:featuredmedia":[{"embeddable":true,"href":"https:\/\/aconteceunovale.com.br\/portal\/index.php?rest_route=\/wp\/v2\/media\/111420"}],"wp:attachment":[{"href":"https:\/\/aconteceunovale.com.br\/portal\/index.php?rest_route=%2Fwp%2Fv2%2Fmedia&parent=111404"}],"wp:term":[{"taxonomy":"category","embeddable":true,"href":"https:\/\/aconteceunovale.com.br\/portal\/index.php?rest_route=%2Fwp%2Fv2%2Fcategories&post=111404"},{"taxonomy":"post_tag","embeddable":true,"href":"https:\/\/aconteceunovale.com.br\/portal\/index.php?rest_route=%2Fwp%2Fv2%2Ftags&post=111404"}],"curies":[{"name":"wp","href":"https:\/\/api.w.org\/{rel}","templated":true}]}}