{"id":111298,"date":"2017-03-27T13:09:45","date_gmt":"2017-03-27T15:09:45","guid":{"rendered":"http:\/\/aconteceunovale.com.br\/portal\/?p=111298"},"modified":"2017-03-27T13:09:45","modified_gmt":"2017-03-27T15:09:45","slug":"circuito-mineiro-da-cafeicultura-tera-mais-de-30-etapas-em-2017","status":"publish","type":"post","link":"https:\/\/aconteceunovale.com.br\/portal\/?p=111298","title":{"rendered":"Circuito Mineiro da Cafeicultura ter\u00e1 mais de 30 etapas em 2017"},"content":{"rendered":"<p>O Circuito Mineiro da Cafeicultura de 2017 ter\u00e1 in\u00edcio nesta quarta-feira (29\/3) em Concei\u00e7\u00e3o da Aparecida, no Sul de Minas. Esta \u00e9 a 17\u00aa edi\u00e7\u00e3o do Circuito, que tem o objetivo de divulgar as tecnologias do setor e promover a troca de informa\u00e7\u00f5es entre t\u00e9cnicos, empres\u00e1rios e agricultores para melhorar a qualidade do caf\u00e9, reduzir custos na produ\u00e7\u00e3o e aumentar a renda dos produtores.<\/p>\n<p>O Circuito \u00e9 realizado nas quatro regi\u00f5es produtores de caf\u00e9 de Minas Gerais: Sul de Minas, Cerrado, Matas de Minas e Chapada de Minas.\u00a0 Ser\u00e3o mais de 30 etapas, a maioria com as datas j\u00e1 confirmadas. A participa\u00e7\u00e3o dos produtores \u00e9 gratuita e as inscri\u00e7\u00f5es s\u00e3o feitas nos locais dos eventos.<\/p>\n<p>O Circuito Mineiro da Cafeicultura \u00e9 uma promo\u00e7\u00e3o do\u00a0Governo de Minas Gerais, por meio da\u00a0Emater\u2013MG, em parceria com a\u00a0Secretaria de Estado da Agricultura, Pecu\u00e1ria e Abastecimento (Seapa), Universidade Federal de Lavras e prefeituras.<\/p>\n<p>\u201cO circuito \u00e9 bem direcionado. Os temas abordados em cada etapa s\u00e3o relativos \u00e0quela microrregi\u00e3o produtora.\u00a0 O \u00fanico tema que \u00e9 discutido em todos os munic\u00edpios \u00e9 a quest\u00e3o ambiental, principalmente com esta redu\u00e7\u00e3o da oferta de \u00e1gua\u201d, explica o coordenador estadual de Cafeicultura da Emater-MG, Bernardino Cangussu.<\/p>\n<p>Outro assunto que ser\u00e1 muito abordado este ano \u00e9 gest\u00e3o da propriedade. \u201cMuitos produtores n\u00e3o anotam os gastos com a atividade. Isso dificulta a an\u00e1lise do t\u00e9cnico da Emater-MG na hora de calcular os custos de produ\u00e7\u00e3o naquela propriedade. E o produtor que n\u00e3o sabe quanto custa produzir, ter\u00e1 dificuldades para saber o momento correto de vender o caf\u00e9. Este registro \u00e9 important\u00edssimo para a tomada de decis\u00e3o\u201d, comenta o coordenador.<\/p>\n<p><img decoding=\"async\" src=\"http:\/\/aconteceunovale.com.br\/portal\/wp-content\/uploads\/2017\/03\/cafezal1.jpg\" alt=\"\" \/><em>Circuito Mineiro da Cafeicultura ter\u00e1 mais de 30 etapas em 2017 (Divulga\u00e7\u00e3o\/Emater)<\/em><br \/>\n<\/br><\/p>\n<p><strong>Primeiras etapas<\/strong><\/p>\n<p>A primeira etapa do Circuito em Concei\u00e7\u00e3o da Aparecida, no dia 29 de mar\u00e7o, ser\u00e1 realizada no Gin\u00e1sio Poliesportivo da cidade, a partir das 13h. Entre os assuntos que ser\u00e3o discutidos, est\u00e3o o controle da broca do cafeeiro e a microbiologia do solo.<\/p>\n<p>J\u00e1 no dia 30 de mar\u00e7o, ser\u00e1 a vez da etapa em Nepomuceno, tamb\u00e9m no Sul de Minas. Al\u00e9m de palestras sobre associativismo, fertilidade do solo e sustentabilidade, haver\u00e1 a solenidade de encerramento do Concurso Municipal de Qualidade do Caf\u00e9 de 2016. O evento come\u00e7a \u00e0s 12h30, no Centro de Eventos da prefeitura.<\/p>\n<p>As informa\u00e7\u00f5es sobre as etapas do Circuito podem ser obtidas nos escrit\u00f3rios da Emater-MG.<\/p>\n<p><strong>Programa\u00e7\u00e3o do Circuito Mineiro da Cafeicultura<\/strong><\/p>\n<p><strong>Mar\u00e7o<\/strong><\/p>\n<p>Concei\u00e7\u00e3o da Aparecida \u2013 dia 29<\/p>\n<p>Nepomuceno \u2013 dia 30<\/p>\n<p><strong>Abril<\/strong><\/p>\n<p>Aguanil \u2013 dia 18<\/p>\n<p>Divino \u2013 dia 18<\/p>\n<p>Guaxup\u00e9 \u2013 dia 19<\/p>\n<p>S\u00e3o Francisco do Gl\u00f3ria \u2013 dia 20<\/p>\n<p>Paragua\u00e7u \u2013 dia 25<\/p>\n<p>Santo Ant\u00f4nio do Amparo \u2013\u00a0 dia 26<\/p>\n<p>Fervedouro \u2013 dia 28<\/p>\n<p><strong>Maio<\/strong><\/p>\n<p>Alterosa \u2013 dia 2<\/p>\n<p>Lavras \u2013 dia 3<\/p>\n<p>Pedralva \u2013 dia 4<\/p>\n<p>Jacutinga \u2013 dia 11<\/p>\n<p>Cambuquira \u2013 dia 16<\/p>\n<p><strong>Agosto<\/strong><\/p>\n<p>Campo Belo &#8211;\u00a0 dia 24<\/p>\n<p>S\u00e3o Sebasti\u00e3o do Para\u00edso \u2013\u00a0 dia 31<\/p>\n<p><strong>Setembro<\/strong><\/p>\n<p>Chal\u00e9 \u2013 dia 14<\/p>\n<p>Lambari \u2013 dia 14<\/p>\n<p>Santa Rita do Sapuca\u00ed \u2013 dia 21<\/p>\n<p>Santa Rosa da Serra \u2013 dia 21<\/p>\n<p>C\u00e1ssia \u2013 dia 26<\/p>\n<p>Boa Esperan\u00e7a \u2013 dia 28<\/p>\n<p>Caratinga \u2013 dia 28<\/p>\n<p><strong>Outubro<\/strong><\/p>\n<p>Campos Gerais \u2013 dia 5<\/p>\n<p>Concei\u00e7\u00e3o das Pedras \u2013 dia 11<\/p>\n<p>Piumhi \u2013 dia 17<\/p>\n<p>Carmo da Cachoeira \u2013 dia 19<\/p>\n<p>Angel\u00e2ndia \u2013 dia 22<\/p>\n<p>Santa Margarida \u2013 dia 25<\/p>\n<p>Carea\u00e7u \u2013 dia 26<\/p>\n<p><strong>Novembro<\/strong><\/p>\n<p>Passos \u2013 dia 4<\/p>\n<p>Cristais \u2013 dia 9<\/p>\n<p><strong>Datas a confirmar<\/strong><\/p>\n<p>\u00c1gua Boa<\/p>\n<p>Campos Altos<\/p>\n<p>Monte Carmelo<\/p>\n<p>Nova Resende<\/p>\n<p>Sacramento<\/p>\n<p><strong>VER PRIMEIRO<\/strong><\/p>\n<p><strong>Receba as not\u00edcias do Aconteceu no Vale em primeira m\u00e3o. Clique em curtir no endere\u00e7o <a href=\"https:\/\/www.facebook.com\/aconteceunovale\" target=\"_blank\"><font color=\"red\">www.facebook.com\/aconteceunovale<\/font><\/a> ou no box abaixo:<\/strong><\/p>\n<div class=\"fb-like\" data-href=\"https:\/\/www.facebook.com\/aconteceunovale\" data-width=\"120\" data-layout=\"standard\" data-action=\"like\" data-size=\"small\" data-show-faces=\"true\" data-share=\"true\"><\/div>\n<p><\/br><\/p>\n<p><em>(Fonte: Ag\u00eancia Minas)<\/em><\/p>\n","protected":false},"excerpt":{"rendered":"<p>O Circuito Mineiro da Cafeicultura de 2017 ter\u00e1 in\u00edcio nesta quarta-feira (29\/3) em Concei\u00e7\u00e3o da Aparecida, no Sul de Minas. Esta \u00e9 a 17\u00aa edi\u00e7\u00e3o do Circuito, que tem o objetivo de divulgar as tecnologias do setor e promover a troca de informa\u00e7\u00f5es entre t\u00e9cnicos, empres\u00e1rios e agricultores para melhorar a qualidade do caf\u00e9, reduzir [&hellip;]<\/p>\n","protected":false},"author":1,"featured_media":111299,"comment_status":"open","ping_status":"closed","sticky":false,"template":"","format":"standard","meta":{"amp_status":"","footnotes":""},"categories":[123],"tags":[130,1629,10019,657,143750,14320,90627,1620,3687,1506,1547,237,95936,1626,3688,11866,143751,86696,143748,143753,143749,3689,31130,966,25775,1595,959,848,1623,207,1520,1639,12271,12267,213,1545,1783,143752,1505,1719,9546,1610,25887,1599,1548,27578,76184],"class_list":["post-111298","post","type-post","status-publish","format-standard","has-post-thumbnail","hentry","category-gerais","tag-agua-boa","tag-aguanil","tag-alterosa","tag-angelandia","tag-bernardino-cangussu","tag-boa-esperanca","tag-cafeicultura-da-emater-mg","tag-cambuquira","tag-campo-belo","tag-campos-altos","tag-campos-gerais","tag-caratinga","tag-careacu","tag-carmo-da-cachoeira","tag-cassia","tag-chale","tag-circuito-em-conceicao-da-aparecida","tag-circuito-mineiro-da-cafeicultura","tag-circuito-mineiro-da-cafeicultura-de-2017","tag-circuito-mineiro-da-cafeicultura-tera-mais-de-30-etapas-em-2017","tag-conceicao-da-aparecida","tag-conceicao-das-pedras","tag-cristais","tag-divino","tag-emater-mg","tag-fervedouro","tag-guaxupe","tag-jacutinga","tag-lambari","tag-lavras","tag-monte-carmelo","tag-nepomuceno","tag-nova-resende","tag-paraguacu","tag-passos","tag-pedralva","tag-piumhi","tag-programacao-do-circuito-mineiro-da-cafeicultura","tag-sacramento","tag-santa-margarida","tag-santa-rita-do-sapucai","tag-santa-rosa-da-serra","tag-santo-antonio-do-amparo","tag-sao-francisco-do-gloria","tag-sao-sebastiao-do-paraiso","tag-seapa","tag-universidade-federal-de-lavras"],"yoast_head":"<!-- This site is optimized with the Yoast SEO plugin v28.3 - https:\/\/yoast.com\/product\/yoast-seo-wordpress\/ -->\n<title>Circuito Mineiro da Cafeicultura ter\u00e1 mais de 30 etapas em 2017 - Aconteceu no Vale<\/title>\n<meta name=\"robots\" content=\"index, follow, max-snippet:-1, max-image-preview:large, max-video-preview:-1\" \/>\n<link rel=\"canonical\" href=\"https:\/\/aconteceunovale.com.br\/portal\/?p=111298\" \/>\n<meta property=\"og:locale\" content=\"pt_BR\" \/>\n<meta property=\"og:type\" content=\"article\" \/>\n<meta property=\"og:title\" content=\"Circuito Mineiro da Cafeicultura ter\u00e1 mais de 30 etapas em 2017 - Aconteceu no Vale\" \/>\n<meta property=\"og:description\" content=\"O Circuito Mineiro da Cafeicultura de 2017 ter\u00e1 in\u00edcio nesta quarta-feira (29\/3) em Concei\u00e7\u00e3o da Aparecida, no Sul de Minas. Esta \u00e9 a 17\u00aa edi\u00e7\u00e3o do Circuito, que tem o objetivo de divulgar as tecnologias do setor e promover a troca de informa\u00e7\u00f5es entre t\u00e9cnicos, empres\u00e1rios e agricultores para melhorar a qualidade do caf\u00e9, reduzir [&hellip;]\" \/>\n<meta property=\"og:url\" content=\"https:\/\/aconteceunovale.com.br\/portal\/?p=111298\" \/>\n<meta property=\"og:site_name\" content=\"Aconteceu no Vale\" \/>\n<meta property=\"article:publisher\" content=\"https:\/\/www.facebook.com\/aconteceunovale\/\" \/>\n<meta property=\"article:published_time\" content=\"2017-03-27T15:09:45+00:00\" \/>\n<meta property=\"og:image\" content=\"https:\/\/aconteceunovale.com.br\/portal\/wp-content\/uploads\/2017\/03\/cafezal1.jpg\" \/>\n\t<meta property=\"og:image:width\" content=\"678\" \/>\n\t<meta property=\"og:image:height\" content=\"450\" \/>\n\t<meta property=\"og:image:type\" content=\"image\/jpeg\" \/>\n<meta name=\"author\" content=\"Aconteceu no Vale\" \/>\n<meta name=\"twitter:card\" content=\"summary_large_image\" \/>\n<meta name=\"twitter:creator\" content=\"@noticiadosvales\" \/>\n<meta name=\"twitter:site\" content=\"@noticiadosvales\" \/>\n<meta name=\"twitter:label1\" content=\"Escrito por\" \/>\n\t<meta name=\"twitter:data1\" content=\"Aconteceu no Vale\" \/>\n\t<meta name=\"twitter:label2\" content=\"Est. tempo de leitura\" \/>\n\t<meta name=\"twitter:data2\" content=\"3 minutos\" \/>\n<script type=\"application\/ld+json\" class=\"yoast-schema-graph\">{\"@context\":\"https:\\\/\\\/schema.org\",\"@graph\":[{\"@type\":\"Article\",\"@id\":\"https:\\\/\\\/aconteceunovale.com.br\\\/portal\\\/?p=111298#article\",\"isPartOf\":{\"@id\":\"https:\\\/\\\/aconteceunovale.com.br\\\/portal\\\/?p=111298\"},\"author\":{\"name\":\"Aconteceu no Vale\",\"@id\":\"https:\\\/\\\/aconteceunovale.com.br\\\/portal\\\/#\\\/schema\\\/person\\\/633529146f2c94272bef50ac2953d589\"},\"headline\":\"Circuito Mineiro da Cafeicultura ter\u00e1 mais de 30 etapas em 2017\",\"datePublished\":\"2017-03-27T15:09:45+00:00\",\"mainEntityOfPage\":{\"@id\":\"https:\\\/\\\/aconteceunovale.com.br\\\/portal\\\/?p=111298\"},\"wordCount\":588,\"commentCount\":0,\"image\":{\"@id\":\"https:\\\/\\\/aconteceunovale.com.br\\\/portal\\\/?p=111298#primaryimage\"},\"thumbnailUrl\":\"https:\\\/\\\/aconteceunovale.com.br\\\/portal\\\/wp-content\\\/uploads\\\/2017\\\/03\\\/cafezal1.jpg\",\"keywords\":[\"\u00c1gua Boa\",\"Aguanil\",\"Alterosa\",\"Angel\u00e2ndia\",\"Bernardino Cangussu\",\"Boa Esperan\u00e7a\",\"Cafeicultura da Emater-MG\",\"Cambuquira\",\"Campo Belo\",\"Campos Altos\",\"Campos Gerais\",\"Caratinga\",\"Carea\u00e7u\",\"Carmo da Cachoeira\",\"C\u00e1ssia\",\"Chal\u00e9\",\"Circuito em Concei\u00e7\u00e3o da Aparecida\",\"Circuito Mineiro da Cafeicultura\",\"Circuito Mineiro da Cafeicultura de 2017\",\"Circuito Mineiro da Cafeicultura ter\u00e1 mais de 30 etapas em 2017\",\"Concei\u00e7\u00e3o da Aparecida\",\"Concei\u00e7\u00e3o das Pedras\",\"Cristais\",\"Divino\",\"Emater-MG\",\"Fervedouro\",\"Guaxup\u00e9\",\"jacutinga\",\"Lambari\",\"Lavras\",\"Monte Carmelo\",\"Nepomuceno\",\"Nova Resende\",\"Paragua\u00e7u\",\"Passos\",\"Pedralva\",\"Piumhi\",\"Programa\u00e7\u00e3o do Circuito Mineiro da Cafeicultura\",\"Sacramento\",\"Santa Margarida\",\"Santa Rita do Sapuca\u00ed\",\"Santa Rosa da Serra\",\"Santo Ant\u00f4nio do Amparo\",\"S\u00e3o Francisco do Gl\u00f3ria\",\"S\u00e3o Sebasti\u00e3o do Para\u00edso\",\"Seapa\",\"Universidade Federal de Lavras\"],\"articleSection\":[\"Minas Gerais\"],\"inLanguage\":\"pt-BR\",\"potentialAction\":[{\"@type\":\"CommentAction\",\"name\":\"Comment\",\"target\":[\"https:\\\/\\\/aconteceunovale.com.br\\\/portal\\\/?p=111298#respond\"]}]},{\"@type\":\"WebPage\",\"@id\":\"https:\\\/\\\/aconteceunovale.com.br\\\/portal\\\/?p=111298\",\"url\":\"https:\\\/\\\/aconteceunovale.com.br\\\/portal\\\/?p=111298\",\"name\":\"Circuito Mineiro da Cafeicultura ter\u00e1 mais de 30 etapas em 2017 - Aconteceu no Vale\",\"isPartOf\":{\"@id\":\"https:\\\/\\\/aconteceunovale.com.br\\\/portal\\\/#website\"},\"primaryImageOfPage\":{\"@id\":\"https:\\\/\\\/aconteceunovale.com.br\\\/portal\\\/?p=111298#primaryimage\"},\"image\":{\"@id\":\"https:\\\/\\\/aconteceunovale.com.br\\\/portal\\\/?p=111298#primaryimage\"},\"thumbnailUrl\":\"https:\\\/\\\/aconteceunovale.com.br\\\/portal\\\/wp-content\\\/uploads\\\/2017\\\/03\\\/cafezal1.jpg\",\"datePublished\":\"2017-03-27T15:09:45+00:00\",\"author\":{\"@id\":\"https:\\\/\\\/aconteceunovale.com.br\\\/portal\\\/#\\\/schema\\\/person\\\/633529146f2c94272bef50ac2953d589\"},\"breadcrumb\":{\"@id\":\"https:\\\/\\\/aconteceunovale.com.br\\\/portal\\\/?p=111298#breadcrumb\"},\"inLanguage\":\"pt-BR\",\"potentialAction\":[{\"@type\":\"ReadAction\",\"target\":[\"https:\\\/\\\/aconteceunovale.com.br\\\/portal\\\/?p=111298\"]}]},{\"@type\":\"ImageObject\",\"inLanguage\":\"pt-BR\",\"@id\":\"https:\\\/\\\/aconteceunovale.com.br\\\/portal\\\/?p=111298#primaryimage\",\"url\":\"https:\\\/\\\/aconteceunovale.com.br\\\/portal\\\/wp-content\\\/uploads\\\/2017\\\/03\\\/cafezal1.jpg\",\"contentUrl\":\"https:\\\/\\\/aconteceunovale.com.br\\\/portal\\\/wp-content\\\/uploads\\\/2017\\\/03\\\/cafezal1.jpg\",\"width\":678,\"height\":450},{\"@type\":\"BreadcrumbList\",\"@id\":\"https:\\\/\\\/aconteceunovale.com.br\\\/portal\\\/?p=111298#breadcrumb\",\"itemListElement\":[{\"@type\":\"ListItem\",\"position\":1,\"name\":\"In\u00edcio\",\"item\":\"https:\\\/\\\/aconteceunovale.com.br\\\/portal\\\/\"},{\"@type\":\"ListItem\",\"position\":2,\"name\":\"Circuito Mineiro da Cafeicultura ter\u00e1 mais de 30 etapas em 2017\"}]},{\"@type\":\"WebSite\",\"@id\":\"https:\\\/\\\/aconteceunovale.com.br\\\/portal\\\/#website\",\"url\":\"https:\\\/\\\/aconteceunovale.com.br\\\/portal\\\/\",\"name\":\"Aconteceu no Vale\",\"description\":\"Portal de Not\u00edcias\",\"potentialAction\":[{\"@type\":\"SearchAction\",\"target\":{\"@type\":\"EntryPoint\",\"urlTemplate\":\"https:\\\/\\\/aconteceunovale.com.br\\\/portal\\\/?s={search_term_string}\"},\"query-input\":{\"@type\":\"PropertyValueSpecification\",\"valueRequired\":true,\"valueName\":\"search_term_string\"}}],\"inLanguage\":\"pt-BR\"},{\"@type\":\"Person\",\"@id\":\"https:\\\/\\\/aconteceunovale.com.br\\\/portal\\\/#\\\/schema\\\/person\\\/633529146f2c94272bef50ac2953d589\",\"name\":\"Aconteceu no Vale\",\"description\":\"Equipe de reportagem do Aconteceu no Vale, portal de not\u00edcias do Vale do Jequitinhonha, em Minas Gerais. Cobrimos as 51 cidades do Vale desde 2013. Sugest\u00f5es de pauta e pedidos de corre\u00e7\u00e3o: contato@aconteceunovale.com.br\",\"sameAs\":[\"http:\\\/\\\/www.aconteceunovale.com.br\"],\"url\":\"https:\\\/\\\/aconteceunovale.com.br\\\/portal\\\/?author=1\"}]}<\/script>\n<!-- \/ Yoast SEO plugin. -->","yoast_head_json":{"title":"Circuito Mineiro da Cafeicultura ter\u00e1 mais de 30 etapas em 2017 - Aconteceu no Vale","robots":{"index":"index","follow":"follow","max-snippet":"max-snippet:-1","max-image-preview":"max-image-preview:large","max-video-preview":"max-video-preview:-1"},"canonical":"https:\/\/aconteceunovale.com.br\/portal\/?p=111298","og_locale":"pt_BR","og_type":"article","og_title":"Circuito Mineiro da Cafeicultura ter\u00e1 mais de 30 etapas em 2017 - Aconteceu no Vale","og_description":"O Circuito Mineiro da Cafeicultura de 2017 ter\u00e1 in\u00edcio nesta quarta-feira (29\/3) em Concei\u00e7\u00e3o da Aparecida, no Sul de Minas. Esta \u00e9 a 17\u00aa edi\u00e7\u00e3o do Circuito, que tem o objetivo de divulgar as tecnologias do setor e promover a troca de informa\u00e7\u00f5es entre t\u00e9cnicos, empres\u00e1rios e agricultores para melhorar a qualidade do caf\u00e9, reduzir [&hellip;]","og_url":"https:\/\/aconteceunovale.com.br\/portal\/?p=111298","og_site_name":"Aconteceu no Vale","article_publisher":"https:\/\/www.facebook.com\/aconteceunovale\/","article_published_time":"2017-03-27T15:09:45+00:00","og_image":[{"width":678,"height":450,"url":"https:\/\/aconteceunovale.com.br\/portal\/wp-content\/uploads\/2017\/03\/cafezal1.jpg","type":"image\/jpeg"}],"author":"Aconteceu no Vale","twitter_card":"summary_large_image","twitter_creator":"@noticiadosvales","twitter_site":"@noticiadosvales","twitter_misc":{"Escrito por":"Aconteceu no Vale","Est. tempo de leitura":"3 minutos"},"schema":{"@context":"https:\/\/schema.org","@graph":[{"@type":"Article","@id":"https:\/\/aconteceunovale.com.br\/portal\/?p=111298#article","isPartOf":{"@id":"https:\/\/aconteceunovale.com.br\/portal\/?p=111298"},"author":{"name":"Aconteceu no Vale","@id":"https:\/\/aconteceunovale.com.br\/portal\/#\/schema\/person\/633529146f2c94272bef50ac2953d589"},"headline":"Circuito Mineiro da Cafeicultura ter\u00e1 mais de 30 etapas em 2017","datePublished":"2017-03-27T15:09:45+00:00","mainEntityOfPage":{"@id":"https:\/\/aconteceunovale.com.br\/portal\/?p=111298"},"wordCount":588,"commentCount":0,"image":{"@id":"https:\/\/aconteceunovale.com.br\/portal\/?p=111298#primaryimage"},"thumbnailUrl":"https:\/\/aconteceunovale.com.br\/portal\/wp-content\/uploads\/2017\/03\/cafezal1.jpg","keywords":["\u00c1gua Boa","Aguanil","Alterosa","Angel\u00e2ndia","Bernardino Cangussu","Boa Esperan\u00e7a","Cafeicultura da Emater-MG","Cambuquira","Campo Belo","Campos Altos","Campos Gerais","Caratinga","Carea\u00e7u","Carmo da Cachoeira","C\u00e1ssia","Chal\u00e9","Circuito em Concei\u00e7\u00e3o da Aparecida","Circuito Mineiro da Cafeicultura","Circuito Mineiro da Cafeicultura de 2017","Circuito Mineiro da Cafeicultura ter\u00e1 mais de 30 etapas em 2017","Concei\u00e7\u00e3o da Aparecida","Concei\u00e7\u00e3o das Pedras","Cristais","Divino","Emater-MG","Fervedouro","Guaxup\u00e9","jacutinga","Lambari","Lavras","Monte Carmelo","Nepomuceno","Nova Resende","Paragua\u00e7u","Passos","Pedralva","Piumhi","Programa\u00e7\u00e3o do Circuito Mineiro da Cafeicultura","Sacramento","Santa Margarida","Santa Rita do Sapuca\u00ed","Santa Rosa da Serra","Santo Ant\u00f4nio do Amparo","S\u00e3o Francisco do Gl\u00f3ria","S\u00e3o Sebasti\u00e3o do Para\u00edso","Seapa","Universidade Federal de Lavras"],"articleSection":["Minas Gerais"],"inLanguage":"pt-BR","potentialAction":[{"@type":"CommentAction","name":"Comment","target":["https:\/\/aconteceunovale.com.br\/portal\/?p=111298#respond"]}]},{"@type":"WebPage","@id":"https:\/\/aconteceunovale.com.br\/portal\/?p=111298","url":"https:\/\/aconteceunovale.com.br\/portal\/?p=111298","name":"Circuito Mineiro da Cafeicultura ter\u00e1 mais de 30 etapas em 2017 - Aconteceu no Vale","isPartOf":{"@id":"https:\/\/aconteceunovale.com.br\/portal\/#website"},"primaryImageOfPage":{"@id":"https:\/\/aconteceunovale.com.br\/portal\/?p=111298#primaryimage"},"image":{"@id":"https:\/\/aconteceunovale.com.br\/portal\/?p=111298#primaryimage"},"thumbnailUrl":"https:\/\/aconteceunovale.com.br\/portal\/wp-content\/uploads\/2017\/03\/cafezal1.jpg","datePublished":"2017-03-27T15:09:45+00:00","author":{"@id":"https:\/\/aconteceunovale.com.br\/portal\/#\/schema\/person\/633529146f2c94272bef50ac2953d589"},"breadcrumb":{"@id":"https:\/\/aconteceunovale.com.br\/portal\/?p=111298#breadcrumb"},"inLanguage":"pt-BR","potentialAction":[{"@type":"ReadAction","target":["https:\/\/aconteceunovale.com.br\/portal\/?p=111298"]}]},{"@type":"ImageObject","inLanguage":"pt-BR","@id":"https:\/\/aconteceunovale.com.br\/portal\/?p=111298#primaryimage","url":"https:\/\/aconteceunovale.com.br\/portal\/wp-content\/uploads\/2017\/03\/cafezal1.jpg","contentUrl":"https:\/\/aconteceunovale.com.br\/portal\/wp-content\/uploads\/2017\/03\/cafezal1.jpg","width":678,"height":450},{"@type":"BreadcrumbList","@id":"https:\/\/aconteceunovale.com.br\/portal\/?p=111298#breadcrumb","itemListElement":[{"@type":"ListItem","position":1,"name":"In\u00edcio","item":"https:\/\/aconteceunovale.com.br\/portal\/"},{"@type":"ListItem","position":2,"name":"Circuito Mineiro da Cafeicultura ter\u00e1 mais de 30 etapas em 2017"}]},{"@type":"WebSite","@id":"https:\/\/aconteceunovale.com.br\/portal\/#website","url":"https:\/\/aconteceunovale.com.br\/portal\/","name":"Aconteceu no Vale","description":"Portal de Not\u00edcias","potentialAction":[{"@type":"SearchAction","target":{"@type":"EntryPoint","urlTemplate":"https:\/\/aconteceunovale.com.br\/portal\/?s={search_term_string}"},"query-input":{"@type":"PropertyValueSpecification","valueRequired":true,"valueName":"search_term_string"}}],"inLanguage":"pt-BR"},{"@type":"Person","@id":"https:\/\/aconteceunovale.com.br\/portal\/#\/schema\/person\/633529146f2c94272bef50ac2953d589","name":"Aconteceu no Vale","description":"Equipe de reportagem do Aconteceu no Vale, portal de not\u00edcias do Vale do Jequitinhonha, em Minas Gerais. Cobrimos as 51 cidades do Vale desde 2013. Sugest\u00f5es de pauta e pedidos de corre\u00e7\u00e3o: contato@aconteceunovale.com.br","sameAs":["http:\/\/www.aconteceunovale.com.br"],"url":"https:\/\/aconteceunovale.com.br\/portal\/?author=1"}]}},"_links":{"self":[{"href":"https:\/\/aconteceunovale.com.br\/portal\/index.php?rest_route=\/wp\/v2\/posts\/111298","targetHints":{"allow":["GET"]}}],"collection":[{"href":"https:\/\/aconteceunovale.com.br\/portal\/index.php?rest_route=\/wp\/v2\/posts"}],"about":[{"href":"https:\/\/aconteceunovale.com.br\/portal\/index.php?rest_route=\/wp\/v2\/types\/post"}],"author":[{"embeddable":true,"href":"https:\/\/aconteceunovale.com.br\/portal\/index.php?rest_route=\/wp\/v2\/users\/1"}],"replies":[{"embeddable":true,"href":"https:\/\/aconteceunovale.com.br\/portal\/index.php?rest_route=%2Fwp%2Fv2%2Fcomments&post=111298"}],"version-history":[{"count":0,"href":"https:\/\/aconteceunovale.com.br\/portal\/index.php?rest_route=\/wp\/v2\/posts\/111298\/revisions"}],"wp:featuredmedia":[{"embeddable":true,"href":"https:\/\/aconteceunovale.com.br\/portal\/index.php?rest_route=\/wp\/v2\/media\/111299"}],"wp:attachment":[{"href":"https:\/\/aconteceunovale.com.br\/portal\/index.php?rest_route=%2Fwp%2Fv2%2Fmedia&parent=111298"}],"wp:term":[{"taxonomy":"category","embeddable":true,"href":"https:\/\/aconteceunovale.com.br\/portal\/index.php?rest_route=%2Fwp%2Fv2%2Fcategories&post=111298"},{"taxonomy":"post_tag","embeddable":true,"href":"https:\/\/aconteceunovale.com.br\/portal\/index.php?rest_route=%2Fwp%2Fv2%2Ftags&post=111298"}],"curies":[{"name":"wp","href":"https:\/\/api.w.org\/{rel}","templated":true}]}}