{"id":111283,"date":"2017-03-27T00:14:09","date_gmt":"2017-03-27T02:14:09","guid":{"rendered":"http:\/\/aconteceunovale.com.br\/portal\/?p=111283"},"modified":"2017-03-27T00:14:09","modified_gmt":"2017-03-27T02:14:09","slug":"capotamento-de-caminhao-deixa-um-morto-e-dois-feridos-na-mgc-122-no-norte-de-minas","status":"publish","type":"post","link":"https:\/\/aconteceunovale.com.br\/portal\/?p=111283","title":{"rendered":"Capotamento de caminh\u00e3o deixa um morto e dois feridos na MGC-122, no Norte de Minas"},"content":{"rendered":"<p>Uma pessoa morreu e duas ficaram feridas em um acidente registrado na manh\u00e3 deste domingo, 26 de mar\u00e7o, na altura do quil\u00f4metro 35 da MGC-122, pr\u00f3ximo a Monte Azul, na regi\u00e3o Norte de Minas Gerais. De acordo com informa\u00e7\u00f5es do Corpo de Bombeiros de Jana\u00faba, o condutor do caminh\u00e3o de placa MPS-9824, licenciado em Betim (MG), perdeu o controle da dire\u00e7\u00e3o e capotou em uma ribanceira de aproximadamente tr\u00eas metros. O ve\u00edculo seguia no sentido de Espinosa transportando uma carga de caixas de \u201cmexericas\u201d. <\/p>\n<p>Com o impacto do acidente, a cabine ficou parcialmente esmagada e voltada para baixo. O caminhoneiro J.F.F, que n\u00e3o teve a idade divulgada, n\u00e3o resistiu aos graves ferimentos e veio a \u00f3bito no local. <\/p>\n<p>Os passageiros P.R.Q e A.F.F, de 46 anos, que ficou preso \u00e0s ferragens, foram encontrados com vida e encaminhados para um hospital pelo Servi\u00e7o de Atendimento M\u00f3vel de Urg\u00eancia (SAMU). <\/p>\n<p>A Per\u00edcia T\u00e9cnica da Pol\u00edcia Civil e a Pol\u00edcia Militar compareceram ao local para os trabalhos de praxe. O corpo do caminhoneiro foi removido ao Instituto M\u00e9dico Legal (IML). As causas e circunst\u00e2ncias do acidente ser\u00e3o apuradas pelas autoridades.<\/p>\n<p><img decoding=\"async\" src=\"http:\/\/aconteceunovale.com.br\/portal\/wp-content\/uploads\/2017\/03\/acidente_caminhao_mexericas_1.jpg\" alt=\"\" \/><em>Acidente aconteceu no km 35 da MGC-122 (Foto: Divulga\u00e7\u00e3o\/Bombeiros de Jana\u00faba)<\/em><br \/>\n<\/br><\/p>\n<p><img decoding=\"async\" src=\"http:\/\/aconteceunovale.com.br\/portal\/wp-content\/uploads\/2017\/03\/acidente_caminhao_mexericas_2.jpg\" alt=\"\" \/><em>Acidente aconteceu no km 35 da MGC-122 (Foto: Divulga\u00e7\u00e3o\/Bombeiros de Jana\u00faba)<\/em><br \/>\n<\/br><\/p>\n<p><img decoding=\"async\" src=\"http:\/\/aconteceunovale.com.br\/portal\/wp-content\/uploads\/2017\/03\/acidente_caminhao_mexericas_3.jpg\" alt=\"\" \/><em>Acidente aconteceu no km 35 da MGC-122 (Foto: Divulga\u00e7\u00e3o\/Bombeiros de Jana\u00faba)<\/em><br \/>\n<\/br><\/p>\n<p><strong>VER PRIMEIRO<\/strong><\/p>\n<p><strong>Receba as not\u00edcias do Aconteceu no Vale em primeira m\u00e3o. Clique em curtir no endere\u00e7o <a href=\"https:\/\/www.facebook.com\/aconteceunovale\" target=\"_blank\"><font color=\"red\">www.facebook.com\/aconteceunovale<\/font><\/a> ou no box abaixo:<\/strong><\/p>\n<div class=\"fb-like\" data-href=\"https:\/\/www.facebook.com\/aconteceunovale\" data-width=\"120\" data-layout=\"standard\" data-action=\"like\" data-size=\"small\" data-show-faces=\"true\" data-share=\"true\"><\/div>\n<p><\/br><\/p>\n","protected":false},"excerpt":{"rendered":"<p>Uma pessoa morreu e duas ficaram feridas em um acidente registrado na manh\u00e3 deste domingo, 26 de mar\u00e7o, na altura do quil\u00f4metro 35 da MGC-122, pr\u00f3ximo a Monte Azul, na regi\u00e3o Norte de Minas Gerais. De acordo com informa\u00e7\u00f5es do Corpo de Bombeiros de Jana\u00faba, o condutor do caminh\u00e3o de placa MPS-9824, licenciado em Betim [&hellip;]<\/p>\n","protected":false},"author":1,"featured_media":111285,"comment_status":"open","ping_status":"closed","sticky":false,"template":"","format":"standard","meta":{"amp_status":"","footnotes":""},"categories":[1236],"tags":[143727,143729,143728,47326,143726,143724,143725,1495,143721,143723,143722,1278,47325,1277,33228],"class_list":["post-111283","post","type-post","status-publish","format-standard","has-post-thumbnail","hentry","category-norte_de_minas","tag-acidente-com-caminhao-de-betim","tag-acidente-com-caminhao-de-mexericas","tag-acidente-com-caminhao-que-transportava-mexericas","tag-acidente-na-mgc-122","tag-acidente-na-mgc-122-no-norte-de-minas","tag-acidente-perto-de-monte-azul","tag-acidente-proximo-a-monte-azul","tag-betim","tag-capotamento-de-caminhao-deixa-um-morto-e-dois-feridos-na-mgc-122","tag-capotamento-de-caminhao-deixa-um-morto-e-dois-feridos-na-mgc-122-em-monte-azul","tag-capotamento-de-caminhao-deixa-um-morto-e-dois-feridos-na-mgc-122-no-norte-de-minas","tag-espinosa","tag-mgc-122","tag-monte-azul","tag-no-norte-de-minas"],"yoast_head":"<!-- This site is optimized with the Yoast SEO plugin v28.3 - https:\/\/yoast.com\/product\/yoast-seo-wordpress\/ -->\n<title>Capotamento de caminh\u00e3o deixa um morto e dois feridos na MGC-122, no Norte de Minas - Aconteceu no Vale<\/title>\n<meta name=\"robots\" content=\"index, follow, max-snippet:-1, max-image-preview:large, max-video-preview:-1\" \/>\n<link rel=\"canonical\" href=\"https:\/\/aconteceunovale.com.br\/portal\/?p=111283\" \/>\n<meta property=\"og:locale\" content=\"pt_BR\" \/>\n<meta property=\"og:type\" content=\"article\" \/>\n<meta property=\"og:title\" content=\"Capotamento de caminh\u00e3o deixa um morto e dois feridos na MGC-122, no Norte de Minas - Aconteceu no Vale\" \/>\n<meta property=\"og:description\" content=\"Uma pessoa morreu e duas ficaram feridas em um acidente registrado na manh\u00e3 deste domingo, 26 de mar\u00e7o, na altura do quil\u00f4metro 35 da MGC-122, pr\u00f3ximo a Monte Azul, na regi\u00e3o Norte de Minas Gerais. De acordo com informa\u00e7\u00f5es do Corpo de Bombeiros de Jana\u00faba, o condutor do caminh\u00e3o de placa MPS-9824, licenciado em Betim [&hellip;]\" \/>\n<meta property=\"og:url\" content=\"https:\/\/aconteceunovale.com.br\/portal\/?p=111283\" \/>\n<meta property=\"og:site_name\" content=\"Aconteceu no Vale\" \/>\n<meta property=\"article:publisher\" content=\"https:\/\/www.facebook.com\/aconteceunovale\/\" \/>\n<meta property=\"article:published_time\" content=\"2017-03-27T02:14:09+00:00\" \/>\n<meta property=\"og:image\" content=\"https:\/\/aconteceunovale.com.br\/portal\/wp-content\/uploads\/2017\/03\/acidente_caminhao_mexericas_2.jpg\" \/>\n\t<meta property=\"og:image:width\" content=\"678\" \/>\n\t<meta property=\"og:image:height\" content=\"406\" \/>\n\t<meta property=\"og:image:type\" content=\"image\/jpeg\" \/>\n<meta name=\"author\" content=\"Aconteceu no Vale\" \/>\n<meta name=\"twitter:card\" content=\"summary_large_image\" \/>\n<meta name=\"twitter:creator\" content=\"@noticiadosvales\" \/>\n<meta name=\"twitter:site\" content=\"@noticiadosvales\" \/>\n<meta name=\"twitter:label1\" content=\"Escrito por\" \/>\n\t<meta name=\"twitter:data1\" content=\"Aconteceu no Vale\" \/>\n\t<meta name=\"twitter:label2\" content=\"Est. tempo de leitura\" \/>\n\t<meta name=\"twitter:data2\" content=\"1 minuto\" \/>\n<script type=\"application\/ld+json\" class=\"yoast-schema-graph\">{\"@context\":\"https:\\\/\\\/schema.org\",\"@graph\":[{\"@type\":\"Article\",\"@id\":\"https:\\\/\\\/aconteceunovale.com.br\\\/portal\\\/?p=111283#article\",\"isPartOf\":{\"@id\":\"https:\\\/\\\/aconteceunovale.com.br\\\/portal\\\/?p=111283\"},\"author\":{\"name\":\"Aconteceu no Vale\",\"@id\":\"https:\\\/\\\/aconteceunovale.com.br\\\/portal\\\/#\\\/schema\\\/person\\\/633529146f2c94272bef50ac2953d589\"},\"headline\":\"Capotamento de caminh\u00e3o deixa um morto e dois feridos na MGC-122, no Norte de Minas\",\"datePublished\":\"2017-03-27T02:14:09+00:00\",\"mainEntityOfPage\":{\"@id\":\"https:\\\/\\\/aconteceunovale.com.br\\\/portal\\\/?p=111283\"},\"wordCount\":295,\"commentCount\":0,\"image\":{\"@id\":\"https:\\\/\\\/aconteceunovale.com.br\\\/portal\\\/?p=111283#primaryimage\"},\"thumbnailUrl\":\"https:\\\/\\\/aconteceunovale.com.br\\\/portal\\\/wp-content\\\/uploads\\\/2017\\\/03\\\/acidente_caminhao_mexericas_2.jpg\",\"keywords\":[\"Acidente com caminh\u00e3o de Betim\",\"Acidente com caminh\u00e3o de mexericas\",\"Acidente com caminh\u00e3o que transportava mexericas\",\"acidente na MGC-122\",\"Acidente na MGC-122 no Norte de Minas\",\"Acidente perto de Monte Azul\",\"Acidente pr\u00f3ximo a Monte Azul\",\"Betim\",\"Capotamento de caminh\u00e3o deixa um morto e dois feridos na MGC-122\",\"Capotamento de caminh\u00e3o deixa um morto e dois feridos na MGC-122 em Monte Azul\",\"Capotamento de caminh\u00e3o deixa um morto e dois feridos na MGC-122 no Norte de Minas\",\"espinosa\",\"MGC-122\",\"monte azul\",\"no Norte de Minas\"],\"articleSection\":[\"Norte de Minas\"],\"inLanguage\":\"pt-BR\",\"potentialAction\":[{\"@type\":\"CommentAction\",\"name\":\"Comment\",\"target\":[\"https:\\\/\\\/aconteceunovale.com.br\\\/portal\\\/?p=111283#respond\"]}]},{\"@type\":\"WebPage\",\"@id\":\"https:\\\/\\\/aconteceunovale.com.br\\\/portal\\\/?p=111283\",\"url\":\"https:\\\/\\\/aconteceunovale.com.br\\\/portal\\\/?p=111283\",\"name\":\"Capotamento de caminh\u00e3o deixa um morto e dois feridos na MGC-122, no Norte de Minas - Aconteceu no Vale\",\"isPartOf\":{\"@id\":\"https:\\\/\\\/aconteceunovale.com.br\\\/portal\\\/#website\"},\"primaryImageOfPage\":{\"@id\":\"https:\\\/\\\/aconteceunovale.com.br\\\/portal\\\/?p=111283#primaryimage\"},\"image\":{\"@id\":\"https:\\\/\\\/aconteceunovale.com.br\\\/portal\\\/?p=111283#primaryimage\"},\"thumbnailUrl\":\"https:\\\/\\\/aconteceunovale.com.br\\\/portal\\\/wp-content\\\/uploads\\\/2017\\\/03\\\/acidente_caminhao_mexericas_2.jpg\",\"datePublished\":\"2017-03-27T02:14:09+00:00\",\"author\":{\"@id\":\"https:\\\/\\\/aconteceunovale.com.br\\\/portal\\\/#\\\/schema\\\/person\\\/633529146f2c94272bef50ac2953d589\"},\"breadcrumb\":{\"@id\":\"https:\\\/\\\/aconteceunovale.com.br\\\/portal\\\/?p=111283#breadcrumb\"},\"inLanguage\":\"pt-BR\",\"potentialAction\":[{\"@type\":\"ReadAction\",\"target\":[\"https:\\\/\\\/aconteceunovale.com.br\\\/portal\\\/?p=111283\"]}]},{\"@type\":\"ImageObject\",\"inLanguage\":\"pt-BR\",\"@id\":\"https:\\\/\\\/aconteceunovale.com.br\\\/portal\\\/?p=111283#primaryimage\",\"url\":\"https:\\\/\\\/aconteceunovale.com.br\\\/portal\\\/wp-content\\\/uploads\\\/2017\\\/03\\\/acidente_caminhao_mexericas_2.jpg\",\"contentUrl\":\"https:\\\/\\\/aconteceunovale.com.br\\\/portal\\\/wp-content\\\/uploads\\\/2017\\\/03\\\/acidente_caminhao_mexericas_2.jpg\",\"width\":678,\"height\":406},{\"@type\":\"BreadcrumbList\",\"@id\":\"https:\\\/\\\/aconteceunovale.com.br\\\/portal\\\/?p=111283#breadcrumb\",\"itemListElement\":[{\"@type\":\"ListItem\",\"position\":1,\"name\":\"In\u00edcio\",\"item\":\"https:\\\/\\\/aconteceunovale.com.br\\\/portal\\\/\"},{\"@type\":\"ListItem\",\"position\":2,\"name\":\"Capotamento de caminh\u00e3o deixa um morto e dois feridos na MGC-122, no Norte de Minas\"}]},{\"@type\":\"WebSite\",\"@id\":\"https:\\\/\\\/aconteceunovale.com.br\\\/portal\\\/#website\",\"url\":\"https:\\\/\\\/aconteceunovale.com.br\\\/portal\\\/\",\"name\":\"Aconteceu no Vale\",\"description\":\"Portal de Not\u00edcias\",\"potentialAction\":[{\"@type\":\"SearchAction\",\"target\":{\"@type\":\"EntryPoint\",\"urlTemplate\":\"https:\\\/\\\/aconteceunovale.com.br\\\/portal\\\/?s={search_term_string}\"},\"query-input\":{\"@type\":\"PropertyValueSpecification\",\"valueRequired\":true,\"valueName\":\"search_term_string\"}}],\"inLanguage\":\"pt-BR\"},{\"@type\":\"Person\",\"@id\":\"https:\\\/\\\/aconteceunovale.com.br\\\/portal\\\/#\\\/schema\\\/person\\\/633529146f2c94272bef50ac2953d589\",\"name\":\"Aconteceu no Vale\",\"description\":\"Equipe de reportagem do Aconteceu no Vale, portal de not\u00edcias do Vale do Jequitinhonha, em Minas Gerais. Cobrimos as 51 cidades do Vale desde 2013. Sugest\u00f5es de pauta e pedidos de corre\u00e7\u00e3o: contato@aconteceunovale.com.br\",\"sameAs\":[\"http:\\\/\\\/www.aconteceunovale.com.br\"],\"url\":\"https:\\\/\\\/aconteceunovale.com.br\\\/portal\\\/?author=1\"}]}<\/script>\n<!-- \/ Yoast SEO plugin. -->","yoast_head_json":{"title":"Capotamento de caminh\u00e3o deixa um morto e dois feridos na MGC-122, no Norte de Minas - Aconteceu no Vale","robots":{"index":"index","follow":"follow","max-snippet":"max-snippet:-1","max-image-preview":"max-image-preview:large","max-video-preview":"max-video-preview:-1"},"canonical":"https:\/\/aconteceunovale.com.br\/portal\/?p=111283","og_locale":"pt_BR","og_type":"article","og_title":"Capotamento de caminh\u00e3o deixa um morto e dois feridos na MGC-122, no Norte de Minas - Aconteceu no Vale","og_description":"Uma pessoa morreu e duas ficaram feridas em um acidente registrado na manh\u00e3 deste domingo, 26 de mar\u00e7o, na altura do quil\u00f4metro 35 da MGC-122, pr\u00f3ximo a Monte Azul, na regi\u00e3o Norte de Minas Gerais. De acordo com informa\u00e7\u00f5es do Corpo de Bombeiros de Jana\u00faba, o condutor do caminh\u00e3o de placa MPS-9824, licenciado em Betim [&hellip;]","og_url":"https:\/\/aconteceunovale.com.br\/portal\/?p=111283","og_site_name":"Aconteceu no Vale","article_publisher":"https:\/\/www.facebook.com\/aconteceunovale\/","article_published_time":"2017-03-27T02:14:09+00:00","og_image":[{"width":678,"height":406,"url":"https:\/\/aconteceunovale.com.br\/portal\/wp-content\/uploads\/2017\/03\/acidente_caminhao_mexericas_2.jpg","type":"image\/jpeg"}],"author":"Aconteceu no Vale","twitter_card":"summary_large_image","twitter_creator":"@noticiadosvales","twitter_site":"@noticiadosvales","twitter_misc":{"Escrito por":"Aconteceu no Vale","Est. tempo de leitura":"1 minuto"},"schema":{"@context":"https:\/\/schema.org","@graph":[{"@type":"Article","@id":"https:\/\/aconteceunovale.com.br\/portal\/?p=111283#article","isPartOf":{"@id":"https:\/\/aconteceunovale.com.br\/portal\/?p=111283"},"author":{"name":"Aconteceu no Vale","@id":"https:\/\/aconteceunovale.com.br\/portal\/#\/schema\/person\/633529146f2c94272bef50ac2953d589"},"headline":"Capotamento de caminh\u00e3o deixa um morto e dois feridos na MGC-122, no Norte de Minas","datePublished":"2017-03-27T02:14:09+00:00","mainEntityOfPage":{"@id":"https:\/\/aconteceunovale.com.br\/portal\/?p=111283"},"wordCount":295,"commentCount":0,"image":{"@id":"https:\/\/aconteceunovale.com.br\/portal\/?p=111283#primaryimage"},"thumbnailUrl":"https:\/\/aconteceunovale.com.br\/portal\/wp-content\/uploads\/2017\/03\/acidente_caminhao_mexericas_2.jpg","keywords":["Acidente com caminh\u00e3o de Betim","Acidente com caminh\u00e3o de mexericas","Acidente com caminh\u00e3o que transportava mexericas","acidente na MGC-122","Acidente na MGC-122 no Norte de Minas","Acidente perto de Monte Azul","Acidente pr\u00f3ximo a Monte Azul","Betim","Capotamento de caminh\u00e3o deixa um morto e dois feridos na MGC-122","Capotamento de caminh\u00e3o deixa um morto e dois feridos na MGC-122 em Monte Azul","Capotamento de caminh\u00e3o deixa um morto e dois feridos na MGC-122 no Norte de Minas","espinosa","MGC-122","monte azul","no Norte de Minas"],"articleSection":["Norte de Minas"],"inLanguage":"pt-BR","potentialAction":[{"@type":"CommentAction","name":"Comment","target":["https:\/\/aconteceunovale.com.br\/portal\/?p=111283#respond"]}]},{"@type":"WebPage","@id":"https:\/\/aconteceunovale.com.br\/portal\/?p=111283","url":"https:\/\/aconteceunovale.com.br\/portal\/?p=111283","name":"Capotamento de caminh\u00e3o deixa um morto e dois feridos na MGC-122, no Norte de Minas - Aconteceu no Vale","isPartOf":{"@id":"https:\/\/aconteceunovale.com.br\/portal\/#website"},"primaryImageOfPage":{"@id":"https:\/\/aconteceunovale.com.br\/portal\/?p=111283#primaryimage"},"image":{"@id":"https:\/\/aconteceunovale.com.br\/portal\/?p=111283#primaryimage"},"thumbnailUrl":"https:\/\/aconteceunovale.com.br\/portal\/wp-content\/uploads\/2017\/03\/acidente_caminhao_mexericas_2.jpg","datePublished":"2017-03-27T02:14:09+00:00","author":{"@id":"https:\/\/aconteceunovale.com.br\/portal\/#\/schema\/person\/633529146f2c94272bef50ac2953d589"},"breadcrumb":{"@id":"https:\/\/aconteceunovale.com.br\/portal\/?p=111283#breadcrumb"},"inLanguage":"pt-BR","potentialAction":[{"@type":"ReadAction","target":["https:\/\/aconteceunovale.com.br\/portal\/?p=111283"]}]},{"@type":"ImageObject","inLanguage":"pt-BR","@id":"https:\/\/aconteceunovale.com.br\/portal\/?p=111283#primaryimage","url":"https:\/\/aconteceunovale.com.br\/portal\/wp-content\/uploads\/2017\/03\/acidente_caminhao_mexericas_2.jpg","contentUrl":"https:\/\/aconteceunovale.com.br\/portal\/wp-content\/uploads\/2017\/03\/acidente_caminhao_mexericas_2.jpg","width":678,"height":406},{"@type":"BreadcrumbList","@id":"https:\/\/aconteceunovale.com.br\/portal\/?p=111283#breadcrumb","itemListElement":[{"@type":"ListItem","position":1,"name":"In\u00edcio","item":"https:\/\/aconteceunovale.com.br\/portal\/"},{"@type":"ListItem","position":2,"name":"Capotamento de caminh\u00e3o deixa um morto e dois feridos na MGC-122, no Norte de Minas"}]},{"@type":"WebSite","@id":"https:\/\/aconteceunovale.com.br\/portal\/#website","url":"https:\/\/aconteceunovale.com.br\/portal\/","name":"Aconteceu no Vale","description":"Portal de Not\u00edcias","potentialAction":[{"@type":"SearchAction","target":{"@type":"EntryPoint","urlTemplate":"https:\/\/aconteceunovale.com.br\/portal\/?s={search_term_string}"},"query-input":{"@type":"PropertyValueSpecification","valueRequired":true,"valueName":"search_term_string"}}],"inLanguage":"pt-BR"},{"@type":"Person","@id":"https:\/\/aconteceunovale.com.br\/portal\/#\/schema\/person\/633529146f2c94272bef50ac2953d589","name":"Aconteceu no Vale","description":"Equipe de reportagem do Aconteceu no Vale, portal de not\u00edcias do Vale do Jequitinhonha, em Minas Gerais. Cobrimos as 51 cidades do Vale desde 2013. Sugest\u00f5es de pauta e pedidos de corre\u00e7\u00e3o: contato@aconteceunovale.com.br","sameAs":["http:\/\/www.aconteceunovale.com.br"],"url":"https:\/\/aconteceunovale.com.br\/portal\/?author=1"}]}},"_links":{"self":[{"href":"https:\/\/aconteceunovale.com.br\/portal\/index.php?rest_route=\/wp\/v2\/posts\/111283","targetHints":{"allow":["GET"]}}],"collection":[{"href":"https:\/\/aconteceunovale.com.br\/portal\/index.php?rest_route=\/wp\/v2\/posts"}],"about":[{"href":"https:\/\/aconteceunovale.com.br\/portal\/index.php?rest_route=\/wp\/v2\/types\/post"}],"author":[{"embeddable":true,"href":"https:\/\/aconteceunovale.com.br\/portal\/index.php?rest_route=\/wp\/v2\/users\/1"}],"replies":[{"embeddable":true,"href":"https:\/\/aconteceunovale.com.br\/portal\/index.php?rest_route=%2Fwp%2Fv2%2Fcomments&post=111283"}],"version-history":[{"count":0,"href":"https:\/\/aconteceunovale.com.br\/portal\/index.php?rest_route=\/wp\/v2\/posts\/111283\/revisions"}],"wp:featuredmedia":[{"embeddable":true,"href":"https:\/\/aconteceunovale.com.br\/portal\/index.php?rest_route=\/wp\/v2\/media\/111285"}],"wp:attachment":[{"href":"https:\/\/aconteceunovale.com.br\/portal\/index.php?rest_route=%2Fwp%2Fv2%2Fmedia&parent=111283"}],"wp:term":[{"taxonomy":"category","embeddable":true,"href":"https:\/\/aconteceunovale.com.br\/portal\/index.php?rest_route=%2Fwp%2Fv2%2Fcategories&post=111283"},{"taxonomy":"post_tag","embeddable":true,"href":"https:\/\/aconteceunovale.com.br\/portal\/index.php?rest_route=%2Fwp%2Fv2%2Ftags&post=111283"}],"curies":[{"name":"wp","href":"https:\/\/api.w.org\/{rel}","templated":true}]}}