{"id":111279,"date":"2017-03-26T23:17:34","date_gmt":"2017-03-27T01:17:34","guid":{"rendered":"http:\/\/aconteceunovale.com.br\/portal\/?p=111279"},"modified":"2017-03-27T22:02:20","modified_gmt":"2017-03-28T00:02:20","slug":"suspeitos-de-matar-militar-durante-carnaval-em-guanhaes-sao-presos-na-grande-bh","status":"publish","type":"post","link":"https:\/\/aconteceunovale.com.br\/portal\/?p=111279","title":{"rendered":"Suspeitos de matar militar durante carnaval em Guanh\u00e3es s\u00e3o presos na Grande BH"},"content":{"rendered":"<p>Um homem, de 47 anos, e uma mulher, de 42, foram detidos no fim da tarde deste domingo (26\/03\/2017), no bairro Jardim Teres\u00f3polis, em Betim, na regi\u00e3o metropolitana de Belo Horizonte, suspeitos de envolvimento no assassinato de Adalberto Marinho Siqueira, um tenente da reserva da Pol\u00edcia Militar na cidade de Guanh\u00e3es, no Vale do Rio Doce. O crime aconteceu durante o Carnaval e a pris\u00e3o ocorreu ap\u00f3s a Justi\u00e7a expedir um mandado de pris\u00e3o para os suspeitos A.A.J (mulher) e C.P.J.S (homem).<\/p>\n<p>De acordo militares do Batalh\u00e3o da Rotam e da Diretoria de Intelig\u00eancia da PM, respons\u00e1veis pelas pris\u00f5es, os suspeitos estavam na casa de um familiar, pr\u00f3ximo \u00e0s resid\u00eancias em que eles moravam. Eles n\u00e3o teriam resistido a pris\u00e3o, mas teriam se recusado a comentar qualquer informa\u00e7\u00e3o sobre o crime. <\/p>\n<p>A motiva\u00e7\u00e3o do homic\u00eddio n\u00e3o foi informada pela PM, entretanto, os militares informaram que um empres\u00e1rio, que seria o mandante, j\u00e1 estaria preso. A mulher teria intermediado o crime, contratando um pistoleiro, a mando do empres\u00e1rio. J\u00e1 o homem de 47 anos, que seria da Bahia, \u00e9 apontado como o pistoleiro.<\/p>\n<p>Com a dupla, a PM encontrou um rev\u00f3lver calibre .38, com muni\u00e7\u00f5es intactas, al\u00e9m de diversos celulares. Os dois suspeitos foram conduzidos a uma Delegacia para demais provid\u00eancias.<\/p>\n<p><img decoding=\"async\" src=\"http:\/\/aconteceunovale.com.br\/portal\/wp-content\/uploads\/2017\/03\/presos_gh_pm.jpg\" alt=\"\" \/><em>Material apreendido com os suspeitos (Foto: Divulga\u00e7\u00e3o\/PM)<\/em><br \/>\n<\/br><\/p>\n<p><strong>VER PRIMEIRO<\/strong><\/p>\n<p><strong>Receba as not\u00edcias do Aconteceu no Vale em primeira m\u00e3o. Clique em curtir no endere\u00e7o <a href=\"https:\/\/www.facebook.com\/aconteceunovale\" target=\"_blank\"><font color=\"red\">www.facebook.com\/aconteceunovale<\/font><\/a> ou no box abaixo:<\/strong><\/p>\n<div class=\"fb-like\" data-href=\"https:\/\/www.facebook.com\/aconteceunovale\" data-width=\"120\" data-layout=\"standard\" data-action=\"like\" data-size=\"small\" data-show-faces=\"true\" data-share=\"true\"><\/div>\n<p><\/br><\/p>\n<p><em>(Fonte: O Tempo\/Lisley Alvarenga)<\/em><\/p>\n","protected":false},"excerpt":{"rendered":"<p>Um homem, de 47 anos, e uma mulher, de 42, foram detidos no fim da tarde deste domingo (26\/03\/2017), no bairro Jardim Teres\u00f3polis, em Betim, na regi\u00e3o metropolitana de Belo Horizonte, suspeitos de envolvimento no assassinato de Adalberto Marinho Siqueira, um tenente da reserva da Pol\u00edcia Militar na cidade de Guanh\u00e3es, no Vale do Rio [&hellip;]<\/p>\n","protected":false},"author":1,"featured_media":111280,"comment_status":"open","ping_status":"closed","sticky":false,"template":"","format":"standard","meta":{"amp_status":"","footnotes":""},"categories":[121],"tags":[143719,143785,1495,143784,143712,143713,155,143718,143715,143716,143717,143711,143714,143720],"class_list":["post-111279","post","type-post","status-publish","format-standard","has-post-thumbnail","hentry","category-leste","tag-adalberto-marinho-siqueira","tag-adriana-alves-de-siqueira","tag-betim","tag-carlos-paulo-de-jesus-da-silva","tag-casal-preso-em-betim","tag-casal-preso-no-jardim-teresopolis-em-betim","tag-guanhaes","tag-morte-de-militar-em-guanhaes","tag-morte-de-pm-em-guanhaes","tag-morte-de-policial-em-guanhaes","tag-morte-de-policial-militar-em-guanhaes","tag-presos-em-betim","tag-presos-no-jardim-teresopolis-em-betim","tag-suspeitos-de-matar-militar-durante-carnaval-em-guanhaes-sao-presos-na-grande-bh"],"yoast_head":"<!-- This site is optimized with the Yoast SEO plugin v28.3 - https:\/\/yoast.com\/product\/yoast-seo-wordpress\/ -->\n<title>Suspeitos de matar militar durante carnaval em Guanh\u00e3es s\u00e3o presos na Grande BH - Aconteceu no Vale<\/title>\n<meta name=\"robots\" content=\"index, follow, max-snippet:-1, max-image-preview:large, max-video-preview:-1\" \/>\n<link rel=\"canonical\" href=\"https:\/\/aconteceunovale.com.br\/portal\/?p=111279\" \/>\n<meta property=\"og:locale\" content=\"pt_BR\" \/>\n<meta property=\"og:type\" content=\"article\" \/>\n<meta property=\"og:title\" content=\"Suspeitos de matar militar durante carnaval em Guanh\u00e3es s\u00e3o presos na Grande BH - Aconteceu no Vale\" \/>\n<meta property=\"og:description\" content=\"Um homem, de 47 anos, e uma mulher, de 42, foram detidos no fim da tarde deste domingo (26\/03\/2017), no bairro Jardim Teres\u00f3polis, em Betim, na regi\u00e3o metropolitana de Belo Horizonte, suspeitos de envolvimento no assassinato de Adalberto Marinho Siqueira, um tenente da reserva da Pol\u00edcia Militar na cidade de Guanh\u00e3es, no Vale do Rio [&hellip;]\" \/>\n<meta property=\"og:url\" content=\"https:\/\/aconteceunovale.com.br\/portal\/?p=111279\" \/>\n<meta property=\"og:site_name\" content=\"Aconteceu no Vale\" \/>\n<meta property=\"article:publisher\" content=\"https:\/\/www.facebook.com\/aconteceunovale\/\" \/>\n<meta property=\"article:published_time\" content=\"2017-03-27T01:17:34+00:00\" \/>\n<meta property=\"article:modified_time\" content=\"2017-03-28T00:02:20+00:00\" \/>\n<meta property=\"og:image\" content=\"https:\/\/aconteceunovale.com.br\/portal\/wp-content\/uploads\/2017\/03\/presos_gh_pm.jpg\" \/>\n\t<meta property=\"og:image:width\" content=\"620\" \/>\n\t<meta property=\"og:image:height\" content=\"420\" \/>\n\t<meta property=\"og:image:type\" content=\"image\/jpeg\" \/>\n<meta name=\"author\" content=\"Aconteceu no Vale\" \/>\n<meta name=\"twitter:card\" content=\"summary_large_image\" \/>\n<meta name=\"twitter:creator\" content=\"@noticiadosvales\" \/>\n<meta name=\"twitter:site\" content=\"@noticiadosvales\" \/>\n<meta name=\"twitter:label1\" content=\"Escrito por\" \/>\n\t<meta name=\"twitter:data1\" content=\"Aconteceu no Vale\" \/>\n\t<meta name=\"twitter:label2\" content=\"Est. tempo de leitura\" \/>\n\t<meta name=\"twitter:data2\" content=\"1 minuto\" \/>\n<script type=\"application\/ld+json\" class=\"yoast-schema-graph\">{\"@context\":\"https:\\\/\\\/schema.org\",\"@graph\":[{\"@type\":\"Article\",\"@id\":\"https:\\\/\\\/aconteceunovale.com.br\\\/portal\\\/?p=111279#article\",\"isPartOf\":{\"@id\":\"https:\\\/\\\/aconteceunovale.com.br\\\/portal\\\/?p=111279\"},\"author\":{\"name\":\"Aconteceu no Vale\",\"@id\":\"https:\\\/\\\/aconteceunovale.com.br\\\/portal\\\/#\\\/schema\\\/person\\\/633529146f2c94272bef50ac2953d589\"},\"headline\":\"Suspeitos de matar militar durante carnaval em Guanh\u00e3es s\u00e3o presos na Grande BH\",\"datePublished\":\"2017-03-27T01:17:34+00:00\",\"dateModified\":\"2017-03-28T00:02:20+00:00\",\"mainEntityOfPage\":{\"@id\":\"https:\\\/\\\/aconteceunovale.com.br\\\/portal\\\/?p=111279\"},\"wordCount\":292,\"commentCount\":0,\"image\":{\"@id\":\"https:\\\/\\\/aconteceunovale.com.br\\\/portal\\\/?p=111279#primaryimage\"},\"thumbnailUrl\":\"https:\\\/\\\/aconteceunovale.com.br\\\/portal\\\/wp-content\\\/uploads\\\/2017\\\/03\\\/presos_gh_pm.jpg\",\"keywords\":[\"Adalberto Marinho Siqueira\",\"Adriana Alves de Siqueira\",\"Betim\",\"Carlos Paulo de Jesus da Silva\",\"Casal preso em Betim\",\"Casal preso no Jardim Teres\u00f3polis em Betim\",\"Guanh\u00e3es\",\"Morte de militar em Guanh\u00e3es\",\"Morte de PM em Guanh\u00e3es\",\"Morte de policial em Guanh\u00e3es\",\"Morte de policial militar em Guanh\u00e3es\",\"Presos em Betim\",\"Presos no Jardim Teres\u00f3polis em Betim\",\"Suspeitos de matar militar durante carnaval em Guanh\u00e3es s\u00e3o presos na Grande BH\"],\"articleSection\":[\"Leste de Minas\"],\"inLanguage\":\"pt-BR\",\"potentialAction\":[{\"@type\":\"CommentAction\",\"name\":\"Comment\",\"target\":[\"https:\\\/\\\/aconteceunovale.com.br\\\/portal\\\/?p=111279#respond\"]}]},{\"@type\":\"WebPage\",\"@id\":\"https:\\\/\\\/aconteceunovale.com.br\\\/portal\\\/?p=111279\",\"url\":\"https:\\\/\\\/aconteceunovale.com.br\\\/portal\\\/?p=111279\",\"name\":\"Suspeitos de matar militar durante carnaval em Guanh\u00e3es s\u00e3o presos na Grande BH - Aconteceu no Vale\",\"isPartOf\":{\"@id\":\"https:\\\/\\\/aconteceunovale.com.br\\\/portal\\\/#website\"},\"primaryImageOfPage\":{\"@id\":\"https:\\\/\\\/aconteceunovale.com.br\\\/portal\\\/?p=111279#primaryimage\"},\"image\":{\"@id\":\"https:\\\/\\\/aconteceunovale.com.br\\\/portal\\\/?p=111279#primaryimage\"},\"thumbnailUrl\":\"https:\\\/\\\/aconteceunovale.com.br\\\/portal\\\/wp-content\\\/uploads\\\/2017\\\/03\\\/presos_gh_pm.jpg\",\"datePublished\":\"2017-03-27T01:17:34+00:00\",\"dateModified\":\"2017-03-28T00:02:20+00:00\",\"author\":{\"@id\":\"https:\\\/\\\/aconteceunovale.com.br\\\/portal\\\/#\\\/schema\\\/person\\\/633529146f2c94272bef50ac2953d589\"},\"breadcrumb\":{\"@id\":\"https:\\\/\\\/aconteceunovale.com.br\\\/portal\\\/?p=111279#breadcrumb\"},\"inLanguage\":\"pt-BR\",\"potentialAction\":[{\"@type\":\"ReadAction\",\"target\":[\"https:\\\/\\\/aconteceunovale.com.br\\\/portal\\\/?p=111279\"]}]},{\"@type\":\"ImageObject\",\"inLanguage\":\"pt-BR\",\"@id\":\"https:\\\/\\\/aconteceunovale.com.br\\\/portal\\\/?p=111279#primaryimage\",\"url\":\"https:\\\/\\\/aconteceunovale.com.br\\\/portal\\\/wp-content\\\/uploads\\\/2017\\\/03\\\/presos_gh_pm.jpg\",\"contentUrl\":\"https:\\\/\\\/aconteceunovale.com.br\\\/portal\\\/wp-content\\\/uploads\\\/2017\\\/03\\\/presos_gh_pm.jpg\",\"width\":620,\"height\":420},{\"@type\":\"BreadcrumbList\",\"@id\":\"https:\\\/\\\/aconteceunovale.com.br\\\/portal\\\/?p=111279#breadcrumb\",\"itemListElement\":[{\"@type\":\"ListItem\",\"position\":1,\"name\":\"In\u00edcio\",\"item\":\"https:\\\/\\\/aconteceunovale.com.br\\\/portal\\\/\"},{\"@type\":\"ListItem\",\"position\":2,\"name\":\"Suspeitos de matar militar durante carnaval em Guanh\u00e3es s\u00e3o presos na Grande BH\"}]},{\"@type\":\"WebSite\",\"@id\":\"https:\\\/\\\/aconteceunovale.com.br\\\/portal\\\/#website\",\"url\":\"https:\\\/\\\/aconteceunovale.com.br\\\/portal\\\/\",\"name\":\"Aconteceu no Vale\",\"description\":\"Portal de Not\u00edcias\",\"potentialAction\":[{\"@type\":\"SearchAction\",\"target\":{\"@type\":\"EntryPoint\",\"urlTemplate\":\"https:\\\/\\\/aconteceunovale.com.br\\\/portal\\\/?s={search_term_string}\"},\"query-input\":{\"@type\":\"PropertyValueSpecification\",\"valueRequired\":true,\"valueName\":\"search_term_string\"}}],\"inLanguage\":\"pt-BR\"},{\"@type\":\"Person\",\"@id\":\"https:\\\/\\\/aconteceunovale.com.br\\\/portal\\\/#\\\/schema\\\/person\\\/633529146f2c94272bef50ac2953d589\",\"name\":\"Aconteceu no Vale\",\"description\":\"Equipe de reportagem do Aconteceu no Vale, portal de not\u00edcias do Vale do Jequitinhonha, em Minas Gerais. Cobrimos as 51 cidades do Vale desde 2013. Sugest\u00f5es de pauta e pedidos de corre\u00e7\u00e3o: contato@aconteceunovale.com.br\",\"sameAs\":[\"http:\\\/\\\/www.aconteceunovale.com.br\"],\"url\":\"https:\\\/\\\/aconteceunovale.com.br\\\/portal\\\/?author=1\"}]}<\/script>\n<!-- \/ Yoast SEO plugin. -->","yoast_head_json":{"title":"Suspeitos de matar militar durante carnaval em Guanh\u00e3es s\u00e3o presos na Grande BH - Aconteceu no Vale","robots":{"index":"index","follow":"follow","max-snippet":"max-snippet:-1","max-image-preview":"max-image-preview:large","max-video-preview":"max-video-preview:-1"},"canonical":"https:\/\/aconteceunovale.com.br\/portal\/?p=111279","og_locale":"pt_BR","og_type":"article","og_title":"Suspeitos de matar militar durante carnaval em Guanh\u00e3es s\u00e3o presos na Grande BH - Aconteceu no Vale","og_description":"Um homem, de 47 anos, e uma mulher, de 42, foram detidos no fim da tarde deste domingo (26\/03\/2017), no bairro Jardim Teres\u00f3polis, em Betim, na regi\u00e3o metropolitana de Belo Horizonte, suspeitos de envolvimento no assassinato de Adalberto Marinho Siqueira, um tenente da reserva da Pol\u00edcia Militar na cidade de Guanh\u00e3es, no Vale do Rio [&hellip;]","og_url":"https:\/\/aconteceunovale.com.br\/portal\/?p=111279","og_site_name":"Aconteceu no Vale","article_publisher":"https:\/\/www.facebook.com\/aconteceunovale\/","article_published_time":"2017-03-27T01:17:34+00:00","article_modified_time":"2017-03-28T00:02:20+00:00","og_image":[{"width":620,"height":420,"url":"https:\/\/aconteceunovale.com.br\/portal\/wp-content\/uploads\/2017\/03\/presos_gh_pm.jpg","type":"image\/jpeg"}],"author":"Aconteceu no Vale","twitter_card":"summary_large_image","twitter_creator":"@noticiadosvales","twitter_site":"@noticiadosvales","twitter_misc":{"Escrito por":"Aconteceu no Vale","Est. tempo de leitura":"1 minuto"},"schema":{"@context":"https:\/\/schema.org","@graph":[{"@type":"Article","@id":"https:\/\/aconteceunovale.com.br\/portal\/?p=111279#article","isPartOf":{"@id":"https:\/\/aconteceunovale.com.br\/portal\/?p=111279"},"author":{"name":"Aconteceu no Vale","@id":"https:\/\/aconteceunovale.com.br\/portal\/#\/schema\/person\/633529146f2c94272bef50ac2953d589"},"headline":"Suspeitos de matar militar durante carnaval em Guanh\u00e3es s\u00e3o presos na Grande BH","datePublished":"2017-03-27T01:17:34+00:00","dateModified":"2017-03-28T00:02:20+00:00","mainEntityOfPage":{"@id":"https:\/\/aconteceunovale.com.br\/portal\/?p=111279"},"wordCount":292,"commentCount":0,"image":{"@id":"https:\/\/aconteceunovale.com.br\/portal\/?p=111279#primaryimage"},"thumbnailUrl":"https:\/\/aconteceunovale.com.br\/portal\/wp-content\/uploads\/2017\/03\/presos_gh_pm.jpg","keywords":["Adalberto Marinho Siqueira","Adriana Alves de Siqueira","Betim","Carlos Paulo de Jesus da Silva","Casal preso em Betim","Casal preso no Jardim Teres\u00f3polis em Betim","Guanh\u00e3es","Morte de militar em Guanh\u00e3es","Morte de PM em Guanh\u00e3es","Morte de policial em Guanh\u00e3es","Morte de policial militar em Guanh\u00e3es","Presos em Betim","Presos no Jardim Teres\u00f3polis em Betim","Suspeitos de matar militar durante carnaval em Guanh\u00e3es s\u00e3o presos na Grande BH"],"articleSection":["Leste de Minas"],"inLanguage":"pt-BR","potentialAction":[{"@type":"CommentAction","name":"Comment","target":["https:\/\/aconteceunovale.com.br\/portal\/?p=111279#respond"]}]},{"@type":"WebPage","@id":"https:\/\/aconteceunovale.com.br\/portal\/?p=111279","url":"https:\/\/aconteceunovale.com.br\/portal\/?p=111279","name":"Suspeitos de matar militar durante carnaval em Guanh\u00e3es s\u00e3o presos na Grande BH - Aconteceu no Vale","isPartOf":{"@id":"https:\/\/aconteceunovale.com.br\/portal\/#website"},"primaryImageOfPage":{"@id":"https:\/\/aconteceunovale.com.br\/portal\/?p=111279#primaryimage"},"image":{"@id":"https:\/\/aconteceunovale.com.br\/portal\/?p=111279#primaryimage"},"thumbnailUrl":"https:\/\/aconteceunovale.com.br\/portal\/wp-content\/uploads\/2017\/03\/presos_gh_pm.jpg","datePublished":"2017-03-27T01:17:34+00:00","dateModified":"2017-03-28T00:02:20+00:00","author":{"@id":"https:\/\/aconteceunovale.com.br\/portal\/#\/schema\/person\/633529146f2c94272bef50ac2953d589"},"breadcrumb":{"@id":"https:\/\/aconteceunovale.com.br\/portal\/?p=111279#breadcrumb"},"inLanguage":"pt-BR","potentialAction":[{"@type":"ReadAction","target":["https:\/\/aconteceunovale.com.br\/portal\/?p=111279"]}]},{"@type":"ImageObject","inLanguage":"pt-BR","@id":"https:\/\/aconteceunovale.com.br\/portal\/?p=111279#primaryimage","url":"https:\/\/aconteceunovale.com.br\/portal\/wp-content\/uploads\/2017\/03\/presos_gh_pm.jpg","contentUrl":"https:\/\/aconteceunovale.com.br\/portal\/wp-content\/uploads\/2017\/03\/presos_gh_pm.jpg","width":620,"height":420},{"@type":"BreadcrumbList","@id":"https:\/\/aconteceunovale.com.br\/portal\/?p=111279#breadcrumb","itemListElement":[{"@type":"ListItem","position":1,"name":"In\u00edcio","item":"https:\/\/aconteceunovale.com.br\/portal\/"},{"@type":"ListItem","position":2,"name":"Suspeitos de matar militar durante carnaval em Guanh\u00e3es s\u00e3o presos na Grande BH"}]},{"@type":"WebSite","@id":"https:\/\/aconteceunovale.com.br\/portal\/#website","url":"https:\/\/aconteceunovale.com.br\/portal\/","name":"Aconteceu no Vale","description":"Portal de Not\u00edcias","potentialAction":[{"@type":"SearchAction","target":{"@type":"EntryPoint","urlTemplate":"https:\/\/aconteceunovale.com.br\/portal\/?s={search_term_string}"},"query-input":{"@type":"PropertyValueSpecification","valueRequired":true,"valueName":"search_term_string"}}],"inLanguage":"pt-BR"},{"@type":"Person","@id":"https:\/\/aconteceunovale.com.br\/portal\/#\/schema\/person\/633529146f2c94272bef50ac2953d589","name":"Aconteceu no Vale","description":"Equipe de reportagem do Aconteceu no Vale, portal de not\u00edcias do Vale do Jequitinhonha, em Minas Gerais. Cobrimos as 51 cidades do Vale desde 2013. Sugest\u00f5es de pauta e pedidos de corre\u00e7\u00e3o: contato@aconteceunovale.com.br","sameAs":["http:\/\/www.aconteceunovale.com.br"],"url":"https:\/\/aconteceunovale.com.br\/portal\/?author=1"}]}},"_links":{"self":[{"href":"https:\/\/aconteceunovale.com.br\/portal\/index.php?rest_route=\/wp\/v2\/posts\/111279","targetHints":{"allow":["GET"]}}],"collection":[{"href":"https:\/\/aconteceunovale.com.br\/portal\/index.php?rest_route=\/wp\/v2\/posts"}],"about":[{"href":"https:\/\/aconteceunovale.com.br\/portal\/index.php?rest_route=\/wp\/v2\/types\/post"}],"author":[{"embeddable":true,"href":"https:\/\/aconteceunovale.com.br\/portal\/index.php?rest_route=\/wp\/v2\/users\/1"}],"replies":[{"embeddable":true,"href":"https:\/\/aconteceunovale.com.br\/portal\/index.php?rest_route=%2Fwp%2Fv2%2Fcomments&post=111279"}],"version-history":[{"count":0,"href":"https:\/\/aconteceunovale.com.br\/portal\/index.php?rest_route=\/wp\/v2\/posts\/111279\/revisions"}],"wp:featuredmedia":[{"embeddable":true,"href":"https:\/\/aconteceunovale.com.br\/portal\/index.php?rest_route=\/wp\/v2\/media\/111280"}],"wp:attachment":[{"href":"https:\/\/aconteceunovale.com.br\/portal\/index.php?rest_route=%2Fwp%2Fv2%2Fmedia&parent=111279"}],"wp:term":[{"taxonomy":"category","embeddable":true,"href":"https:\/\/aconteceunovale.com.br\/portal\/index.php?rest_route=%2Fwp%2Fv2%2Fcategories&post=111279"},{"taxonomy":"post_tag","embeddable":true,"href":"https:\/\/aconteceunovale.com.br\/portal\/index.php?rest_route=%2Fwp%2Fv2%2Ftags&post=111279"}],"curies":[{"name":"wp","href":"https:\/\/api.w.org\/{rel}","templated":true}]}}