{"id":111257,"date":"2017-03-26T14:22:00","date_gmt":"2017-03-26T16:22:00","guid":{"rendered":"http:\/\/aconteceunovale.com.br\/portal\/?p=111257"},"modified":"2017-03-26T14:22:00","modified_gmt":"2017-03-26T16:22:00","slug":"dez-orgaos-publicos-abrem-inscricoes-para-511-vagas-no-inicio-da-semana","status":"publish","type":"post","link":"https:\/\/aconteceunovale.com.br\/portal\/?p=111257","title":{"rendered":"Dez \u00f3rg\u00e3os p\u00fablicos abrem inscri\u00e7\u00f5es para 511 vagas no in\u00edcio da semana"},"content":{"rendered":"<p>Pelo menos dez \u00f3rg\u00e3os abrem inscri\u00e7\u00f5es de concursos p\u00fablicos, na segunda-feira (27\/03\/2017), para 511 vagas e forma\u00e7\u00e3o de cadastro de reserva em cargos de n\u00edveis fundamental, m\u00e9dio e superior. Os sal\u00e1rios chegam a R$ 19.316,49 na Pol\u00edcia Civil Judici\u00e1ria do Mato Grosso do Sul. Somente na Prefeitura de Juta\u00ed (AM) s\u00e3o 390 vagas.<\/p>\n<p>Nos concursos para forma\u00e7\u00e3o de cadastro de reserva, os candidatos aprovados s\u00e3o chamados conforme a abertura de vagas durante a validade do concurso. Confira as oportunidades:<\/p>\n<p><strong>Per\u00edcia Oficial e Identifica\u00e7\u00e3o T\u00e9cnica do Mato Grosso: <\/strong>A Per\u00edcia Oficial e Identifica\u00e7\u00e3o T\u00e9cnica do Mato Grosso vai abrir concurso p\u00fablico para forma\u00e7\u00e3o de cadastro de reserva em cargos de n\u00edvel superior. Os sal\u00e1rios v\u00e3o de R$ 2.898,11 a R$ 3.864,16. As inscri\u00e7\u00f5es podem ser feitas pelo site www.ufmt.br no per\u00edodo de 27 de mar\u00e7o a 19 de abril. As provas objetivas ser\u00e3o aplicadas em 21 de maio, em Cuiab\u00e1. A validade do concurso ser\u00e1 de 2 anos, podendo ser prorrogado pelo mesmo per\u00edodo\u00a0<span style=\"color: #008000;\"><a href=\"http:\/\/www.concursos.ufmt.br\/Portal\/\" target=\"_blank\" rel=\"noopener nofollow\"><span style=\"color: #008000;\">(veja o edital no site da organizadora).<\/span><\/a><\/span><\/p>\n<p><strong>Pol\u00edcia Civil Judici\u00e1ria do Mato Grosso: <\/strong>A Pol\u00edcia Civil Judici\u00e1ria do Mato Grosso divulgou edital de concurso p\u00fablico para forma\u00e7\u00e3o de cadastro de reserva para o cargo de delegado (n\u00edvel superior). O sal\u00e1rio \u00e9 de R$ 19.316,49. As inscri\u00e7\u00f5es estar\u00e3o abertas de 27 de mar\u00e7o a 2 de maio pelo site www.cespe.unb.br\/concursos\/pjc_mt_17_delegado. As provas objetivas ser\u00e3o aplicadas em 9 de julho. O concurso ter\u00e1 validade de 2 anos e poder\u00e1 ser prorrogado, uma vez, por igual per\u00edodo\u00a0<span style=\"color: #008000;\"><a href=\"http:\/\/www.cespe.unb.br\/concursos\/pjc_mt_17_delegado\/\" target=\"_blank\" rel=\"noopener nofollow\"><span style=\"color: #008000;\">(veja o edital no site da organizadora).<\/span><\/a><\/span><\/p>\n<p><strong>Prefeitura de Cedro (CE): <\/strong>A Prefeitura de Cedro (CE) far\u00e1 processo seletivo simplificado para 8 vagas em cargos de n\u00edveis m\u00e9dio e superior. As remunera\u00e7\u00f5es chegam a R$ 2,4 mil. As inscri\u00e7\u00f5es estar\u00e3o abertas de 27 a 29 de mar\u00e7o, das 9h \u00e0s 11h e das 14h \u00e0s 17h, na secretaria municipal de administra\u00e7\u00e3o, localizada na Rua Coronel Luiz Felipe, 299. A sele\u00e7\u00e3o ser\u00e1 feita por meio de an\u00e1lise de t\u00edtulos\u00a0<span style=\"color: #008000;\"><a href=\"http:\/\/www.cedro.ce.gov.br\/publicacoes.php?cat=23&amp;Comp=&amp;Exer=&amp;dtini=&amp;dtfim=&amp;Num=&amp;ta=3\" target=\"_blank\" rel=\"noopener nofollow\"><span style=\"color: #008000;\">(veja o edital no site da prefeitura).<\/span><\/a><\/span><\/p>\n<p><strong>Prefeitura de Juta\u00ed (AM): <\/strong>A Prefeitura de Juta\u00ed (AM) divulgou edital de processo seletivo para 390 vagas tempor\u00e1rios em cargos de todos os n\u00edveis de escolaridade. Os sal\u00e1rios v\u00e3o de R$ 937 a R$ 3.500. As inscri\u00e7\u00f5es podem ser feitas entre os dias 27 e 31 de mar\u00e7o no Centro Cultural de Juta\u00ed, localizado na Rua da Ubada, s\/n\u00ba, das 8h \u00e0s 17h. A sele\u00e7\u00e3o ser\u00e1 feita por meio de an\u00e1lise curricular e de t\u00edtulos\u00a0<span style=\"color: #008000;\"><a href=\"http:\/\/www.diariomunicipal.com.br\/aam\/materia\/317AAC41\" target=\"_blank\" rel=\"noopener nofollow\"><span style=\"color: #008000;\">(veja o edital no site da organizadora).<\/span><\/a><\/span><\/p>\n<p><strong>Prefeitura de Rancho Queimado (SC): <\/strong>A Prefeitura de Rancho Queimado (SC) vai abrir concurso p\u00fablico para 35 vagas em cargos de todos os n\u00edveis de escolaridade. Os sal\u00e1rios variam de R$ 1.149,40 a R$ 14.679,03. Os candidatos podem se inscrever de 27 de mar\u00e7o a 25 de abril pelo site www.iobv.org.br. A prova objetiva est\u00e1 prevista para o dia 21 de maio. O concurso ter\u00e1 validade de 2 anos e poder\u00e1 ser prorrogado, uma vez, por igual per\u00edodo\u00a0<span style=\"color: #008000;\"><a href=\"http:\/\/www.iobv.org.br\/\" target=\"_blank\" rel=\"noopener nofollow\"><span style=\"color: #008000;\">(veja o edital no site da organizadora).<\/span><\/a><\/span><\/p>\n<p><strong>Prefeitura de Vargem Grande Paulista (SP): <\/strong>A Prefeitura de Vargem Grande Paulista (SP) divulgou edital de concurso p\u00fablico para 12 vagas em cargos de n\u00edveis m\u00e9dio e superior. Os sal\u00e1rios v\u00e3o de R$ 1.352,13 a R$ 2.366,03. As inscri\u00e7\u00f5es estar\u00e3o abertas de 27 de mar\u00e7o a 27 de abril pelo site www.rboconcursos.com.br. A prova objetiva ser\u00e1 aplicada no dia 21 de maio. O concurso ter\u00e1 validade de 2 anos e poder\u00e1 ser prorrogado por igual per\u00edodo\u00a0<span style=\"color: #008000;\"><a href=\"http:\/\/www.rboconcursos.com.br\/informacoes.php?c=260\" target=\"_blank\" rel=\"noopener nofollow\"><span style=\"color: #008000;\">(veja o edital no site da organizadora).<\/span><\/a><\/span><\/p>\n<p><strong>Universidade Estadual de Maring\u00e1 (UEM-PR): <\/strong>A Universidade Estadual de Maring\u00e1 (UEM-PR) vai abrir processo seletivo para 9 vagas em cargos de n\u00edveis fundamental, m\u00e9dio e superior. As remunera\u00e7\u00f5es v\u00e3o de R$ 1.048,92 a R$ 3.253,72. As inscri\u00e7\u00f5es podem ser feitas pelo site www.uem.br entre os dias 27 de mar\u00e7o e 17 de abril. A prova objetiva ser\u00e1 aplicada em 7 de maio. A sele\u00e7\u00e3o ter\u00e1 validade de 2 anos\u00a0<span style=\"color: #008000;\"><a href=\"http:\/\/www.drh.uem.br\/concurso\/\" target=\"_blank\" rel=\"noopener nofollow\"><span style=\"color: #008000;\">(veja o edital no site da UEM-PR).<\/span><\/a><\/span><\/p>\n<p><strong>Universidade Federal Rural de Pernambuco (UFRPE): <\/strong>A Universidade Federal Rural de Pernambuco (UFRPE) publicou edital de concurso p\u00fablico com 22 vagas para professores do magist\u00e9rio superior. Os sal\u00e1rios v\u00e3o de R$ 4.446,51 a R$ 9.570,41. As inscri\u00e7\u00f5es estar\u00e3o abertas de 27 de mar\u00e7o a 25 de abril pelo site www.concurso.ufrpe.br. A sele\u00e7\u00e3o ser\u00e1 feita por meio de prova objetiva, an\u00e1lise de t\u00edtulos e prova did\u00e1tica\u00a0<span style=\"color: #008000;\"><a href=\"http:\/\/www.concurso.ufrpe.br\/\" target=\"_blank\" rel=\"noopener nofollow\"><span style=\"color: #008000;\">(veja o edital no site da UFRPE).<\/span><\/a><\/span><\/p>\n<p><strong>Universidade Federal de Sergipe (UFS): <\/strong>A Universidade Federal de Sergipe (UFS) divulgou edital de processo seletivo para 20 vagas de professor assistente e auxiliar (n\u00edvel superior). Os sal\u00e1rios chegam a R$ 5.697,91. As inscri\u00e7\u00f5es devem ser feitas entre os dias 27 de mar\u00e7o e 5 de abril pelo site www.progep.ufs.br. A data da prova ainda ser\u00e1 divulgada. A sele\u00e7\u00e3o ter\u00e1 validade de 1 ano\u00a0<span style=\"color: #008000;\"><a href=\"http:\/\/progep.ufs.br\/pagina\/20478\" target=\"_blank\" rel=\"noopener nofollow\"><span style=\"color: #008000;\">(veja o edital no site da UFS).<\/span><\/a><\/span><\/p>\n<p><strong>Universidade de Uberl\u00e2ndia (UFU): <\/strong>A Universidade de Uberl\u00e2ndia (UFU) vai abrir concurso p\u00fablico para 15 vagas em cargos de n\u00edveis fundamental, m\u00e9dio e superior. As remunera\u00e7\u00f5es v\u00e3o de R$ 1.945,07 a R$ 4.180,66. As inscri\u00e7\u00f5es podem ser feitas pelo site www.ingresso.ufu.br no per\u00edodo de 27 de mar\u00e7o a 10 de abril. As provas objetivas est\u00e3o previstas para 7 de maio\u00a0<span style=\"color: #008000;\"><a href=\"http:\/\/www.ingresso.ufu.br\/concursos\" target=\"_blank\" rel=\"noopener nofollow\"><span style=\"color: #008000;\">(veja o edital no site da UFU).<\/span><\/a><\/span><\/p>\n<p><strong>VER PRIMEIRO<\/strong><\/p>\n<p><strong>Receba as not\u00edcias do Aconteceu no Vale em primeira m\u00e3o. Clique em curtir no endere\u00e7o <a href=\"https:\/\/www.facebook.com\/aconteceunovale\" target=\"_blank\"><font color=\"red\">www.facebook.com\/aconteceunovale<\/font><\/a> ou no box abaixo:<\/strong><\/p>\n<div class=\"fb-like\" data-href=\"https:\/\/www.facebook.com\/aconteceunovale\" data-width=\"120\" data-layout=\"standard\" data-action=\"like\" data-size=\"small\" data-show-faces=\"true\" data-share=\"true\"><\/div>\n<p><\/br><\/p>\n<p><em>(Fonte: G1 Concursos e Emprego)<\/em><\/p>\n","protected":false},"excerpt":{"rendered":"<p>Pelo menos dez \u00f3rg\u00e3os abrem inscri\u00e7\u00f5es de concursos p\u00fablicos, na segunda-feira (27\/03\/2017), para 511 vagas e forma\u00e7\u00e3o de cadastro de reserva em cargos de n\u00edveis fundamental, m\u00e9dio e superior. Os sal\u00e1rios chegam a R$ 19.316,49 na Pol\u00edcia Civil Judici\u00e1ria do Mato Grosso do Sul. Somente na Prefeitura de Juta\u00ed (AM) s\u00e3o 390 vagas. Nos concursos [&hellip;]<\/p>\n","protected":false},"author":1,"featured_media":13951,"comment_status":"open","ping_status":"closed","sticky":false,"template":"","format":"standard","meta":{"amp_status":"","footnotes":""},"categories":[40237,40236],"tags":[101249,131004,143648,138469,85273,143649,142872,143651,143653,101269,143655,143658,143661,82364,143663,143667,143671,87952,143673,108999,143669,143665,143674,143656,143650,143652,101268,143654,143657,143660,143659,143662,143666,143670,42967,143672,108998,143668,143664,90984],"class_list":["post-111257","post","type-post","status-publish","format-standard","has-post-thumbnail","hentry","category-concursos","category-empregos-2","tag-cedro","tag-concurso-aberto","tag-concurso-aberto-em-minas","tag-concurso-aberto-em-minas-gerais","tag-concurso-com-inscricao-aberta","tag-concurso-mg","tag-concurso-minas-gerais","tag-concurso-pericia-oficial-e-identificacao-tecnica-do-mato-grosso","tag-concurso-policia-civil-judiciaria-do-mato-grosso","tag-concurso-prefeitura-de-cedro","tag-concurso-prefeitura-de-jutai","tag-concurso-prefeitura-de-rancho-queimado","tag-concurso-prefeitura-de-vargem-grande-paulista","tag-concurso-publico-com-inscricao-aberta","tag-concurso-uem-pr","tag-concurso-ufrpe","tag-concurso-ufs","tag-concurso-ufu","tag-concurso-universidade-de-uberlandia","tag-concurso-universidade-estadual-de-maringa","tag-concurso-universidade-federal-de-sergipe","tag-concurso-universidade-federal-rural-de-pernambuco","tag-dez-orgaos-publicos-abrem-inscricoes-para-511-vagas-no-inicio-da-semana","tag-jutai","tag-pericia-oficial-e-identificacao-tecnica-do-mato-grosso","tag-policia-civil-judiciaria-do-mato-grosso","tag-prefeitura-de-cedro","tag-prefeitura-de-jutai","tag-prefeitura-de-rancho-queimado","tag-prefeitura-de-vargem-grande-paulista","tag-rancho-queimado","tag-uem-pr","tag-ufrpe","tag-ufs","tag-ufu","tag-universidade-de-uberlandia","tag-universidade-estadual-de-maringa","tag-universidade-federal-de-sergipe","tag-universidade-federal-rural-de-pernambuco","tag-vargem-grande-paulista"],"yoast_head":"<!-- This site is optimized with the Yoast SEO plugin v28.3 - https:\/\/yoast.com\/product\/yoast-seo-wordpress\/ -->\n<title>Dez \u00f3rg\u00e3os p\u00fablicos abrem inscri\u00e7\u00f5es para 511 vagas no in\u00edcio da semana - Aconteceu no Vale<\/title>\n<meta name=\"robots\" content=\"index, follow, max-snippet:-1, max-image-preview:large, max-video-preview:-1\" \/>\n<link rel=\"canonical\" href=\"https:\/\/aconteceunovale.com.br\/portal\/?p=111257\" \/>\n<meta property=\"og:locale\" content=\"pt_BR\" \/>\n<meta property=\"og:type\" content=\"article\" \/>\n<meta property=\"og:title\" content=\"Dez \u00f3rg\u00e3os p\u00fablicos abrem inscri\u00e7\u00f5es para 511 vagas no in\u00edcio da semana - Aconteceu no Vale\" \/>\n<meta property=\"og:description\" content=\"Pelo menos dez \u00f3rg\u00e3os abrem inscri\u00e7\u00f5es de concursos p\u00fablicos, na segunda-feira (27\/03\/2017), para 511 vagas e forma\u00e7\u00e3o de cadastro de reserva em cargos de n\u00edveis fundamental, m\u00e9dio e superior. Os sal\u00e1rios chegam a R$ 19.316,49 na Pol\u00edcia Civil Judici\u00e1ria do Mato Grosso do Sul. Somente na Prefeitura de Juta\u00ed (AM) s\u00e3o 390 vagas. Nos concursos [&hellip;]\" \/>\n<meta property=\"og:url\" content=\"https:\/\/aconteceunovale.com.br\/portal\/?p=111257\" \/>\n<meta property=\"og:site_name\" content=\"Aconteceu no Vale\" \/>\n<meta property=\"article:publisher\" content=\"https:\/\/www.facebook.com\/aconteceunovale\/\" \/>\n<meta property=\"article:published_time\" content=\"2017-03-26T16:22:00+00:00\" \/>\n<meta property=\"og:image\" content=\"https:\/\/aconteceunovale.com.br\/portal\/wp-content\/uploads\/2013\/11\/concurso_publico_angelandia.jpg\" \/>\n\t<meta property=\"og:image:width\" content=\"650\" \/>\n\t<meta property=\"og:image:height\" content=\"400\" \/>\n\t<meta property=\"og:image:type\" content=\"image\/jpeg\" \/>\n<meta name=\"author\" content=\"Aconteceu no Vale\" \/>\n<meta name=\"twitter:card\" content=\"summary_large_image\" \/>\n<meta name=\"twitter:creator\" content=\"@noticiadosvales\" \/>\n<meta name=\"twitter:site\" content=\"@noticiadosvales\" \/>\n<meta name=\"twitter:label1\" content=\"Escrito por\" \/>\n\t<meta name=\"twitter:data1\" content=\"Aconteceu no Vale\" \/>\n\t<meta name=\"twitter:label2\" content=\"Est. tempo de leitura\" \/>\n\t<meta name=\"twitter:data2\" content=\"5 minutos\" \/>\n<script type=\"application\/ld+json\" class=\"yoast-schema-graph\">{\"@context\":\"https:\\\/\\\/schema.org\",\"@graph\":[{\"@type\":\"Article\",\"@id\":\"https:\\\/\\\/aconteceunovale.com.br\\\/portal\\\/?p=111257#article\",\"isPartOf\":{\"@id\":\"https:\\\/\\\/aconteceunovale.com.br\\\/portal\\\/?p=111257\"},\"author\":{\"name\":\"Aconteceu no Vale\",\"@id\":\"https:\\\/\\\/aconteceunovale.com.br\\\/portal\\\/#\\\/schema\\\/person\\\/633529146f2c94272bef50ac2953d589\"},\"headline\":\"Dez \u00f3rg\u00e3os p\u00fablicos abrem inscri\u00e7\u00f5es para 511 vagas no in\u00edcio da semana\",\"datePublished\":\"2017-03-26T16:22:00+00:00\",\"mainEntityOfPage\":{\"@id\":\"https:\\\/\\\/aconteceunovale.com.br\\\/portal\\\/?p=111257\"},\"wordCount\":988,\"commentCount\":0,\"image\":{\"@id\":\"https:\\\/\\\/aconteceunovale.com.br\\\/portal\\\/?p=111257#primaryimage\"},\"thumbnailUrl\":\"https:\\\/\\\/aconteceunovale.com.br\\\/portal\\\/wp-content\\\/uploads\\\/2013\\\/11\\\/concurso_publico_angelandia.jpg\",\"keywords\":[\"Cedro\",\"Concurso aberto\",\"Concurso aberto em Minas\",\"Concurso aberto em Minas Gerais\",\"concurso com inscri\u00e7\u00e3o aberta\",\"Concurso MG\",\"Concurso Minas Gerais\",\"Concurso Per\u00edcia Oficial e Identifica\u00e7\u00e3o T\u00e9cnica do Mato Grosso\",\"Concurso Pol\u00edcia Civil Judici\u00e1ria do Mato Grosso\",\"Concurso Prefeitura de Cedro\",\"Concurso Prefeitura de Juta\u00ed\",\"Concurso Prefeitura de Rancho Queimado\",\"Concurso Prefeitura de Vargem Grande Paulista\",\"concurso p\u00fablico com inscri\u00e7\u00e3o aberta\",\"Concurso UEM-PR\",\"Concurso UFRPE\",\"Concurso UFS\",\"Concurso UFU\",\"Concurso Universidade de Uberl\u00e2ndia\",\"Concurso Universidade Estadual de Maring\u00e1\",\"Concurso Universidade Federal de Sergipe\",\"Concurso Universidade Federal Rural de Pernambuco\",\"Dez \u00f3rg\u00e3os p\u00fablicos abrem inscri\u00e7\u00f5es para 511 vagas no in\u00edcio da semana\",\"Juta\u00ed\",\"Per\u00edcia Oficial e Identifica\u00e7\u00e3o T\u00e9cnica do Mato Grosso\",\"Pol\u00edcia Civil Judici\u00e1ria do Mato Grosso\",\"Prefeitura de Cedro\",\"Prefeitura de Juta\u00ed\",\"Prefeitura de Rancho Queimado\",\"Prefeitura de Vargem Grande Paulista\",\"Rancho Queimado\",\"UEM-PR\",\"UFRPE\",\"UFS\",\"UFU\",\"Universidade de Uberl\u00e2ndia\",\"Universidade Estadual de Maring\u00e1\",\"Universidade Federal de Sergipe\",\"Universidade Federal Rural de Pernambuco\",\"Vargem Grande Paulista\"],\"articleSection\":[\"Concursos\",\"Empregos\"],\"inLanguage\":\"pt-BR\",\"potentialAction\":[{\"@type\":\"CommentAction\",\"name\":\"Comment\",\"target\":[\"https:\\\/\\\/aconteceunovale.com.br\\\/portal\\\/?p=111257#respond\"]}]},{\"@type\":\"WebPage\",\"@id\":\"https:\\\/\\\/aconteceunovale.com.br\\\/portal\\\/?p=111257\",\"url\":\"https:\\\/\\\/aconteceunovale.com.br\\\/portal\\\/?p=111257\",\"name\":\"Dez \u00f3rg\u00e3os p\u00fablicos abrem inscri\u00e7\u00f5es para 511 vagas no in\u00edcio da semana - Aconteceu no Vale\",\"isPartOf\":{\"@id\":\"https:\\\/\\\/aconteceunovale.com.br\\\/portal\\\/#website\"},\"primaryImageOfPage\":{\"@id\":\"https:\\\/\\\/aconteceunovale.com.br\\\/portal\\\/?p=111257#primaryimage\"},\"image\":{\"@id\":\"https:\\\/\\\/aconteceunovale.com.br\\\/portal\\\/?p=111257#primaryimage\"},\"thumbnailUrl\":\"https:\\\/\\\/aconteceunovale.com.br\\\/portal\\\/wp-content\\\/uploads\\\/2013\\\/11\\\/concurso_publico_angelandia.jpg\",\"datePublished\":\"2017-03-26T16:22:00+00:00\",\"author\":{\"@id\":\"https:\\\/\\\/aconteceunovale.com.br\\\/portal\\\/#\\\/schema\\\/person\\\/633529146f2c94272bef50ac2953d589\"},\"breadcrumb\":{\"@id\":\"https:\\\/\\\/aconteceunovale.com.br\\\/portal\\\/?p=111257#breadcrumb\"},\"inLanguage\":\"pt-BR\",\"potentialAction\":[{\"@type\":\"ReadAction\",\"target\":[\"https:\\\/\\\/aconteceunovale.com.br\\\/portal\\\/?p=111257\"]}]},{\"@type\":\"ImageObject\",\"inLanguage\":\"pt-BR\",\"@id\":\"https:\\\/\\\/aconteceunovale.com.br\\\/portal\\\/?p=111257#primaryimage\",\"url\":\"https:\\\/\\\/aconteceunovale.com.br\\\/portal\\\/wp-content\\\/uploads\\\/2013\\\/11\\\/concurso_publico_angelandia.jpg\",\"contentUrl\":\"https:\\\/\\\/aconteceunovale.com.br\\\/portal\\\/wp-content\\\/uploads\\\/2013\\\/11\\\/concurso_publico_angelandia.jpg\",\"width\":650,\"height\":400},{\"@type\":\"BreadcrumbList\",\"@id\":\"https:\\\/\\\/aconteceunovale.com.br\\\/portal\\\/?p=111257#breadcrumb\",\"itemListElement\":[{\"@type\":\"ListItem\",\"position\":1,\"name\":\"In\u00edcio\",\"item\":\"https:\\\/\\\/aconteceunovale.com.br\\\/portal\\\/\"},{\"@type\":\"ListItem\",\"position\":2,\"name\":\"Dez \u00f3rg\u00e3os p\u00fablicos abrem inscri\u00e7\u00f5es para 511 vagas no in\u00edcio da semana\"}]},{\"@type\":\"WebSite\",\"@id\":\"https:\\\/\\\/aconteceunovale.com.br\\\/portal\\\/#website\",\"url\":\"https:\\\/\\\/aconteceunovale.com.br\\\/portal\\\/\",\"name\":\"Aconteceu no Vale\",\"description\":\"Portal de Not\u00edcias\",\"potentialAction\":[{\"@type\":\"SearchAction\",\"target\":{\"@type\":\"EntryPoint\",\"urlTemplate\":\"https:\\\/\\\/aconteceunovale.com.br\\\/portal\\\/?s={search_term_string}\"},\"query-input\":{\"@type\":\"PropertyValueSpecification\",\"valueRequired\":true,\"valueName\":\"search_term_string\"}}],\"inLanguage\":\"pt-BR\"},{\"@type\":\"Person\",\"@id\":\"https:\\\/\\\/aconteceunovale.com.br\\\/portal\\\/#\\\/schema\\\/person\\\/633529146f2c94272bef50ac2953d589\",\"name\":\"Aconteceu no Vale\",\"description\":\"Equipe de reportagem do Aconteceu no Vale, portal de not\u00edcias do Vale do Jequitinhonha, em Minas Gerais. Cobrimos as 51 cidades do Vale desde 2013. Sugest\u00f5es de pauta e pedidos de corre\u00e7\u00e3o: contato@aconteceunovale.com.br\",\"sameAs\":[\"http:\\\/\\\/www.aconteceunovale.com.br\"],\"url\":\"https:\\\/\\\/aconteceunovale.com.br\\\/portal\\\/?author=1\"}]}<\/script>\n<!-- \/ Yoast SEO plugin. -->","yoast_head_json":{"title":"Dez \u00f3rg\u00e3os p\u00fablicos abrem inscri\u00e7\u00f5es para 511 vagas no in\u00edcio da semana - Aconteceu no Vale","robots":{"index":"index","follow":"follow","max-snippet":"max-snippet:-1","max-image-preview":"max-image-preview:large","max-video-preview":"max-video-preview:-1"},"canonical":"https:\/\/aconteceunovale.com.br\/portal\/?p=111257","og_locale":"pt_BR","og_type":"article","og_title":"Dez \u00f3rg\u00e3os p\u00fablicos abrem inscri\u00e7\u00f5es para 511 vagas no in\u00edcio da semana - Aconteceu no Vale","og_description":"Pelo menos dez \u00f3rg\u00e3os abrem inscri\u00e7\u00f5es de concursos p\u00fablicos, na segunda-feira (27\/03\/2017), para 511 vagas e forma\u00e7\u00e3o de cadastro de reserva em cargos de n\u00edveis fundamental, m\u00e9dio e superior. Os sal\u00e1rios chegam a R$ 19.316,49 na Pol\u00edcia Civil Judici\u00e1ria do Mato Grosso do Sul. Somente na Prefeitura de Juta\u00ed (AM) s\u00e3o 390 vagas. Nos concursos [&hellip;]","og_url":"https:\/\/aconteceunovale.com.br\/portal\/?p=111257","og_site_name":"Aconteceu no Vale","article_publisher":"https:\/\/www.facebook.com\/aconteceunovale\/","article_published_time":"2017-03-26T16:22:00+00:00","og_image":[{"width":650,"height":400,"url":"https:\/\/aconteceunovale.com.br\/portal\/wp-content\/uploads\/2013\/11\/concurso_publico_angelandia.jpg","type":"image\/jpeg"}],"author":"Aconteceu no Vale","twitter_card":"summary_large_image","twitter_creator":"@noticiadosvales","twitter_site":"@noticiadosvales","twitter_misc":{"Escrito por":"Aconteceu no Vale","Est. tempo de leitura":"5 minutos"},"schema":{"@context":"https:\/\/schema.org","@graph":[{"@type":"Article","@id":"https:\/\/aconteceunovale.com.br\/portal\/?p=111257#article","isPartOf":{"@id":"https:\/\/aconteceunovale.com.br\/portal\/?p=111257"},"author":{"name":"Aconteceu no Vale","@id":"https:\/\/aconteceunovale.com.br\/portal\/#\/schema\/person\/633529146f2c94272bef50ac2953d589"},"headline":"Dez \u00f3rg\u00e3os p\u00fablicos abrem inscri\u00e7\u00f5es para 511 vagas no in\u00edcio da semana","datePublished":"2017-03-26T16:22:00+00:00","mainEntityOfPage":{"@id":"https:\/\/aconteceunovale.com.br\/portal\/?p=111257"},"wordCount":988,"commentCount":0,"image":{"@id":"https:\/\/aconteceunovale.com.br\/portal\/?p=111257#primaryimage"},"thumbnailUrl":"https:\/\/aconteceunovale.com.br\/portal\/wp-content\/uploads\/2013\/11\/concurso_publico_angelandia.jpg","keywords":["Cedro","Concurso aberto","Concurso aberto em Minas","Concurso aberto em Minas Gerais","concurso com inscri\u00e7\u00e3o aberta","Concurso MG","Concurso Minas Gerais","Concurso Per\u00edcia Oficial e Identifica\u00e7\u00e3o T\u00e9cnica do Mato Grosso","Concurso Pol\u00edcia Civil Judici\u00e1ria do Mato Grosso","Concurso Prefeitura de Cedro","Concurso Prefeitura de Juta\u00ed","Concurso Prefeitura de Rancho Queimado","Concurso Prefeitura de Vargem Grande Paulista","concurso p\u00fablico com inscri\u00e7\u00e3o aberta","Concurso UEM-PR","Concurso UFRPE","Concurso UFS","Concurso UFU","Concurso Universidade de Uberl\u00e2ndia","Concurso Universidade Estadual de Maring\u00e1","Concurso Universidade Federal de Sergipe","Concurso Universidade Federal Rural de Pernambuco","Dez \u00f3rg\u00e3os p\u00fablicos abrem inscri\u00e7\u00f5es para 511 vagas no in\u00edcio da semana","Juta\u00ed","Per\u00edcia Oficial e Identifica\u00e7\u00e3o T\u00e9cnica do Mato Grosso","Pol\u00edcia Civil Judici\u00e1ria do Mato Grosso","Prefeitura de Cedro","Prefeitura de Juta\u00ed","Prefeitura de Rancho Queimado","Prefeitura de Vargem Grande Paulista","Rancho Queimado","UEM-PR","UFRPE","UFS","UFU","Universidade de Uberl\u00e2ndia","Universidade Estadual de Maring\u00e1","Universidade Federal de Sergipe","Universidade Federal Rural de Pernambuco","Vargem Grande Paulista"],"articleSection":["Concursos","Empregos"],"inLanguage":"pt-BR","potentialAction":[{"@type":"CommentAction","name":"Comment","target":["https:\/\/aconteceunovale.com.br\/portal\/?p=111257#respond"]}]},{"@type":"WebPage","@id":"https:\/\/aconteceunovale.com.br\/portal\/?p=111257","url":"https:\/\/aconteceunovale.com.br\/portal\/?p=111257","name":"Dez \u00f3rg\u00e3os p\u00fablicos abrem inscri\u00e7\u00f5es para 511 vagas no in\u00edcio da semana - Aconteceu no Vale","isPartOf":{"@id":"https:\/\/aconteceunovale.com.br\/portal\/#website"},"primaryImageOfPage":{"@id":"https:\/\/aconteceunovale.com.br\/portal\/?p=111257#primaryimage"},"image":{"@id":"https:\/\/aconteceunovale.com.br\/portal\/?p=111257#primaryimage"},"thumbnailUrl":"https:\/\/aconteceunovale.com.br\/portal\/wp-content\/uploads\/2013\/11\/concurso_publico_angelandia.jpg","datePublished":"2017-03-26T16:22:00+00:00","author":{"@id":"https:\/\/aconteceunovale.com.br\/portal\/#\/schema\/person\/633529146f2c94272bef50ac2953d589"},"breadcrumb":{"@id":"https:\/\/aconteceunovale.com.br\/portal\/?p=111257#breadcrumb"},"inLanguage":"pt-BR","potentialAction":[{"@type":"ReadAction","target":["https:\/\/aconteceunovale.com.br\/portal\/?p=111257"]}]},{"@type":"ImageObject","inLanguage":"pt-BR","@id":"https:\/\/aconteceunovale.com.br\/portal\/?p=111257#primaryimage","url":"https:\/\/aconteceunovale.com.br\/portal\/wp-content\/uploads\/2013\/11\/concurso_publico_angelandia.jpg","contentUrl":"https:\/\/aconteceunovale.com.br\/portal\/wp-content\/uploads\/2013\/11\/concurso_publico_angelandia.jpg","width":650,"height":400},{"@type":"BreadcrumbList","@id":"https:\/\/aconteceunovale.com.br\/portal\/?p=111257#breadcrumb","itemListElement":[{"@type":"ListItem","position":1,"name":"In\u00edcio","item":"https:\/\/aconteceunovale.com.br\/portal\/"},{"@type":"ListItem","position":2,"name":"Dez \u00f3rg\u00e3os p\u00fablicos abrem inscri\u00e7\u00f5es para 511 vagas no in\u00edcio da semana"}]},{"@type":"WebSite","@id":"https:\/\/aconteceunovale.com.br\/portal\/#website","url":"https:\/\/aconteceunovale.com.br\/portal\/","name":"Aconteceu no Vale","description":"Portal de Not\u00edcias","potentialAction":[{"@type":"SearchAction","target":{"@type":"EntryPoint","urlTemplate":"https:\/\/aconteceunovale.com.br\/portal\/?s={search_term_string}"},"query-input":{"@type":"PropertyValueSpecification","valueRequired":true,"valueName":"search_term_string"}}],"inLanguage":"pt-BR"},{"@type":"Person","@id":"https:\/\/aconteceunovale.com.br\/portal\/#\/schema\/person\/633529146f2c94272bef50ac2953d589","name":"Aconteceu no Vale","description":"Equipe de reportagem do Aconteceu no Vale, portal de not\u00edcias do Vale do Jequitinhonha, em Minas Gerais. Cobrimos as 51 cidades do Vale desde 2013. Sugest\u00f5es de pauta e pedidos de corre\u00e7\u00e3o: contato@aconteceunovale.com.br","sameAs":["http:\/\/www.aconteceunovale.com.br"],"url":"https:\/\/aconteceunovale.com.br\/portal\/?author=1"}]}},"_links":{"self":[{"href":"https:\/\/aconteceunovale.com.br\/portal\/index.php?rest_route=\/wp\/v2\/posts\/111257","targetHints":{"allow":["GET"]}}],"collection":[{"href":"https:\/\/aconteceunovale.com.br\/portal\/index.php?rest_route=\/wp\/v2\/posts"}],"about":[{"href":"https:\/\/aconteceunovale.com.br\/portal\/index.php?rest_route=\/wp\/v2\/types\/post"}],"author":[{"embeddable":true,"href":"https:\/\/aconteceunovale.com.br\/portal\/index.php?rest_route=\/wp\/v2\/users\/1"}],"replies":[{"embeddable":true,"href":"https:\/\/aconteceunovale.com.br\/portal\/index.php?rest_route=%2Fwp%2Fv2%2Fcomments&post=111257"}],"version-history":[{"count":0,"href":"https:\/\/aconteceunovale.com.br\/portal\/index.php?rest_route=\/wp\/v2\/posts\/111257\/revisions"}],"wp:featuredmedia":[{"embeddable":true,"href":"https:\/\/aconteceunovale.com.br\/portal\/index.php?rest_route=\/wp\/v2\/media\/13951"}],"wp:attachment":[{"href":"https:\/\/aconteceunovale.com.br\/portal\/index.php?rest_route=%2Fwp%2Fv2%2Fmedia&parent=111257"}],"wp:term":[{"taxonomy":"category","embeddable":true,"href":"https:\/\/aconteceunovale.com.br\/portal\/index.php?rest_route=%2Fwp%2Fv2%2Fcategories&post=111257"},{"taxonomy":"post_tag","embeddable":true,"href":"https:\/\/aconteceunovale.com.br\/portal\/index.php?rest_route=%2Fwp%2Fv2%2Ftags&post=111257"}],"curies":[{"name":"wp","href":"https:\/\/api.w.org\/{rel}","templated":true}]}}