{"id":111243,"date":"2017-03-26T13:44:57","date_gmt":"2017-03-26T15:44:57","guid":{"rendered":"http:\/\/aconteceunovale.com.br\/portal\/?p=111243"},"modified":"2017-03-26T13:44:57","modified_gmt":"2017-03-26T15:44:57","slug":"homem-e-preso-por-manter-passaros-silvestres-em-cativeiro-em-curral-de-dentro-no-norte-de-minas","status":"publish","type":"post","link":"https:\/\/aconteceunovale.com.br\/portal\/?p=111243","title":{"rendered":"Homem \u00e9 preso por manter p\u00e1ssaros silvestres em cativeiro em Curral de Dentro, no Norte de Minas"},"content":{"rendered":"<p>A Pol\u00edcia Militar de Meio Ambiente apreendeu seis p\u00e1ssaros silvestres durante uma averigua\u00e7\u00e3o de den\u00fancia an\u00f4nima, na tarde de s\u00e1bado, 25 de mar\u00e7o, em Curral de Dentro, no Norte de Minas. Um homem de 37 anos foi preso.<\/p>\n<p>De acordo com a PM, a patrulha ambiental recebeu uma den\u00fancia sobre p\u00e1ssaros em um cativeiro na Rua Campo Alegre, no Bairro Boa Esperan\u00e7a. No local, foram apreendidos p\u00e1ssaros das esp\u00e9cies xup\u00e3ozinho, periquito, caboclinho e patativa.<\/p>\n<p>O respons\u00e1vel pelas aves foi conduzido para a delegacia de Taiobeiras. Os p\u00e1ssaros apreendidos, um viveiro, cinco gaiolas e dois carregadores de p\u00e1ssaros foram entregues no Centro de Triagem de Animais Silvestres em Montes Claros.<\/p>\n<p><img decoding=\"async\" src=\"http:\/\/aconteceunovale.com.br\/portal\/wp-content\/uploads\/2017\/03\/ocorrencia_cd_sjl_1.jpg\" alt=\"\" \/><em>P\u00e1ssaros foram encontrados em cativeiro (Foto: PM\/Divulga\u00e7\u00e3o)<\/em><br \/>\n<\/br><\/p>\n<p><strong>Apreens\u00e3o de armadilhas em S\u00e3o Jo\u00e3o da Lagoa <\/strong><\/p>\n<p>No munic\u00edpio de S\u00e3o Jo\u00e3o da Lagoa, na mesma regi\u00e3o, militares apreenderam tr\u00eas armadilhas artesanais \u2013 com dispositivo de tiros \u2013 utilizadas na ca\u00e7a de veados, tatu e capivaras. Um homem que estava em uma moto fugiu.<\/p>\n<p>Al\u00e9m das armadilhas, a Pol\u00edcia de Meio Ambiente apreendeu uma espingarda e cartuchos.<\/p>\n<p>De acordo com a pol\u00edcia, os militares faziam patrulhamento no Povoado Cedro quando foram abordar um motociclista em uma moto sem placas. O homem fugiu por um matagal, mas, durante a fuga, jogou um saco de linha\u00e7a na estrada. Foram apreendidos armadilhas, arma e cartuchos; as armadilhas foram feitas para disparos de tiros calibres .12 e .28.<\/p>\n<p>O material apreendido foi entregue na delegacia da comarca de Cora\u00e7\u00e3o de Jesus.<\/p>\n<p><img decoding=\"async\" src=\"http:\/\/aconteceunovale.com.br\/portal\/wp-content\/uploads\/2017\/03\/ocorrencia_cd_sjl_2.jpg\" alt=\"\" \/><em>Pol\u00edcia apreendeu armadilhas com dispositivo para tiros (Foto: PM\/Divulga\u00e7\u00e3o)<\/em><br \/>\n<\/br><\/p>\n<p><strong>VER PRIMEIRO<\/strong><\/p>\n<p><strong>Receba as not\u00edcias do Aconteceu no Vale em primeira m\u00e3o. Clique em curtir no endere\u00e7o <a href=\"https:\/\/www.facebook.com\/aconteceunovale\" target=\"_blank\"><font color=\"red\">www.facebook.com\/aconteceunovale<\/font><\/a> ou no box abaixo:<\/strong><\/p>\n<div class=\"fb-like\" data-href=\"https:\/\/www.facebook.com\/aconteceunovale\" data-width=\"120\" data-layout=\"standard\" data-action=\"like\" data-size=\"small\" data-show-faces=\"true\" data-share=\"true\"><\/div>\n<p><\/br><\/p>\n<p><em>(Fonte: G1 Grande Minas)<\/em><\/p>\n","protected":false},"excerpt":{"rendered":"<p>A Pol\u00edcia Militar de Meio Ambiente apreendeu seis p\u00e1ssaros silvestres durante uma averigua\u00e7\u00e3o de den\u00fancia an\u00f4nima, na tarde de s\u00e1bado, 25 de mar\u00e7o, em Curral de Dentro, no Norte de Minas. Um homem de 37 anos foi preso. De acordo com a PM, a patrulha ambiental recebeu uma den\u00fancia sobre p\u00e1ssaros em um cativeiro na [&hellip;]<\/p>\n","protected":false},"author":1,"featured_media":111244,"comment_status":"open","ping_status":"closed","sticky":false,"template":"","format":"standard","meta":{"amp_status":"","footnotes":""},"categories":[1236],"tags":[143635,78755,1801,1702,143636,210,143633,143634,3725,419],"class_list":["post-111243","post","type-post","status-publish","format-standard","has-post-thumbnail","hentry","category-norte_de_minas","tag-apreensao-de-armadilhas-em-sao-joao-da-lagoa","tag-apreensao-de-passaros-em-curral-de-dentro","tag-coracao-de-jesus","tag-curral-de-dentro","tag-homem-e-preso-por-manter-passaros-silvestres-em-cativeiro-em-curral-de-dentro","tag-montes-claros","tag-passaros-apreendidos-em-curral-de-dentro","tag-preso-por-manter-passaros-em-cativeiro-em-curral-de-dentro","tag-sao-joao-da-lagoa","tag-taiobeiras"],"yoast_head":"<!-- This site is optimized with the Yoast SEO plugin v28.3 - https:\/\/yoast.com\/product\/yoast-seo-wordpress\/ -->\n<title>Homem \u00e9 preso por manter p\u00e1ssaros silvestres em cativeiro em Curral de Dentro, no Norte de Minas - Aconteceu no Vale<\/title>\n<meta name=\"robots\" content=\"index, follow, max-snippet:-1, max-image-preview:large, max-video-preview:-1\" \/>\n<link rel=\"canonical\" href=\"https:\/\/aconteceunovale.com.br\/portal\/?p=111243\" \/>\n<meta property=\"og:locale\" content=\"pt_BR\" \/>\n<meta property=\"og:type\" content=\"article\" \/>\n<meta property=\"og:title\" content=\"Homem \u00e9 preso por manter p\u00e1ssaros silvestres em cativeiro em Curral de Dentro, no Norte de Minas - Aconteceu no Vale\" \/>\n<meta property=\"og:description\" content=\"A Pol\u00edcia Militar de Meio Ambiente apreendeu seis p\u00e1ssaros silvestres durante uma averigua\u00e7\u00e3o de den\u00fancia an\u00f4nima, na tarde de s\u00e1bado, 25 de mar\u00e7o, em Curral de Dentro, no Norte de Minas. Um homem de 37 anos foi preso. De acordo com a PM, a patrulha ambiental recebeu uma den\u00fancia sobre p\u00e1ssaros em um cativeiro na [&hellip;]\" \/>\n<meta property=\"og:url\" content=\"https:\/\/aconteceunovale.com.br\/portal\/?p=111243\" \/>\n<meta property=\"og:site_name\" content=\"Aconteceu no Vale\" \/>\n<meta property=\"article:publisher\" content=\"https:\/\/www.facebook.com\/aconteceunovale\/\" \/>\n<meta property=\"article:published_time\" content=\"2017-03-26T15:44:57+00:00\" \/>\n<meta property=\"og:image\" content=\"https:\/\/aconteceunovale.com.br\/portal\/wp-content\/uploads\/2017\/03\/ocorrencia_cd_sjl_1.jpg\" \/>\n\t<meta property=\"og:image:width\" content=\"600\" \/>\n\t<meta property=\"og:image:height\" content=\"450\" \/>\n\t<meta property=\"og:image:type\" content=\"image\/jpeg\" \/>\n<meta name=\"author\" content=\"Aconteceu no Vale\" \/>\n<meta name=\"twitter:card\" content=\"summary_large_image\" \/>\n<meta name=\"twitter:creator\" content=\"@noticiadosvales\" \/>\n<meta name=\"twitter:site\" content=\"@noticiadosvales\" \/>\n<meta name=\"twitter:label1\" content=\"Escrito por\" \/>\n\t<meta name=\"twitter:data1\" content=\"Aconteceu no Vale\" \/>\n\t<meta name=\"twitter:label2\" content=\"Est. tempo de leitura\" \/>\n\t<meta name=\"twitter:data2\" content=\"2 minutos\" \/>\n<script type=\"application\/ld+json\" class=\"yoast-schema-graph\">{\"@context\":\"https:\\\/\\\/schema.org\",\"@graph\":[{\"@type\":\"Article\",\"@id\":\"https:\\\/\\\/aconteceunovale.com.br\\\/portal\\\/?p=111243#article\",\"isPartOf\":{\"@id\":\"https:\\\/\\\/aconteceunovale.com.br\\\/portal\\\/?p=111243\"},\"author\":{\"name\":\"Aconteceu no Vale\",\"@id\":\"https:\\\/\\\/aconteceunovale.com.br\\\/portal\\\/#\\\/schema\\\/person\\\/633529146f2c94272bef50ac2953d589\"},\"headline\":\"Homem \u00e9 preso por manter p\u00e1ssaros silvestres em cativeiro em Curral de Dentro, no Norte de Minas\",\"datePublished\":\"2017-03-26T15:44:57+00:00\",\"mainEntityOfPage\":{\"@id\":\"https:\\\/\\\/aconteceunovale.com.br\\\/portal\\\/?p=111243\"},\"wordCount\":332,\"commentCount\":0,\"image\":{\"@id\":\"https:\\\/\\\/aconteceunovale.com.br\\\/portal\\\/?p=111243#primaryimage\"},\"thumbnailUrl\":\"https:\\\/\\\/aconteceunovale.com.br\\\/portal\\\/wp-content\\\/uploads\\\/2017\\\/03\\\/ocorrencia_cd_sjl_1.jpg\",\"keywords\":[\"Apreens\u00e3o de armadilhas em S\u00e3o Jo\u00e3o da Lagoa\",\"apreens\u00e3o de p\u00e1ssaros em Curral de Dentro\",\"Cora\u00e7\u00e3o de Jesus\",\"Curral de Dentro\",\"Homem \u00e9 preso por manter p\u00e1ssaros silvestres em cativeiro em Curral de Dentro\",\"Montes Claros\",\"P\u00e1ssaros apreendidos em Curral de Dentro\",\"Preso por manter p\u00e1ssaros em cativeiro em Curral de Dentro\",\"S\u00e3o Jo\u00e3o da Lagoa\",\"Taiobeiras\"],\"articleSection\":[\"Norte de Minas\"],\"inLanguage\":\"pt-BR\",\"potentialAction\":[{\"@type\":\"CommentAction\",\"name\":\"Comment\",\"target\":[\"https:\\\/\\\/aconteceunovale.com.br\\\/portal\\\/?p=111243#respond\"]}]},{\"@type\":\"WebPage\",\"@id\":\"https:\\\/\\\/aconteceunovale.com.br\\\/portal\\\/?p=111243\",\"url\":\"https:\\\/\\\/aconteceunovale.com.br\\\/portal\\\/?p=111243\",\"name\":\"Homem \u00e9 preso por manter p\u00e1ssaros silvestres em cativeiro em Curral de Dentro, no Norte de Minas - Aconteceu no Vale\",\"isPartOf\":{\"@id\":\"https:\\\/\\\/aconteceunovale.com.br\\\/portal\\\/#website\"},\"primaryImageOfPage\":{\"@id\":\"https:\\\/\\\/aconteceunovale.com.br\\\/portal\\\/?p=111243#primaryimage\"},\"image\":{\"@id\":\"https:\\\/\\\/aconteceunovale.com.br\\\/portal\\\/?p=111243#primaryimage\"},\"thumbnailUrl\":\"https:\\\/\\\/aconteceunovale.com.br\\\/portal\\\/wp-content\\\/uploads\\\/2017\\\/03\\\/ocorrencia_cd_sjl_1.jpg\",\"datePublished\":\"2017-03-26T15:44:57+00:00\",\"author\":{\"@id\":\"https:\\\/\\\/aconteceunovale.com.br\\\/portal\\\/#\\\/schema\\\/person\\\/633529146f2c94272bef50ac2953d589\"},\"breadcrumb\":{\"@id\":\"https:\\\/\\\/aconteceunovale.com.br\\\/portal\\\/?p=111243#breadcrumb\"},\"inLanguage\":\"pt-BR\",\"potentialAction\":[{\"@type\":\"ReadAction\",\"target\":[\"https:\\\/\\\/aconteceunovale.com.br\\\/portal\\\/?p=111243\"]}]},{\"@type\":\"ImageObject\",\"inLanguage\":\"pt-BR\",\"@id\":\"https:\\\/\\\/aconteceunovale.com.br\\\/portal\\\/?p=111243#primaryimage\",\"url\":\"https:\\\/\\\/aconteceunovale.com.br\\\/portal\\\/wp-content\\\/uploads\\\/2017\\\/03\\\/ocorrencia_cd_sjl_1.jpg\",\"contentUrl\":\"https:\\\/\\\/aconteceunovale.com.br\\\/portal\\\/wp-content\\\/uploads\\\/2017\\\/03\\\/ocorrencia_cd_sjl_1.jpg\",\"width\":600,\"height\":450},{\"@type\":\"BreadcrumbList\",\"@id\":\"https:\\\/\\\/aconteceunovale.com.br\\\/portal\\\/?p=111243#breadcrumb\",\"itemListElement\":[{\"@type\":\"ListItem\",\"position\":1,\"name\":\"In\u00edcio\",\"item\":\"https:\\\/\\\/aconteceunovale.com.br\\\/portal\\\/\"},{\"@type\":\"ListItem\",\"position\":2,\"name\":\"Homem \u00e9 preso por manter p\u00e1ssaros silvestres em cativeiro em Curral de Dentro, no Norte de Minas\"}]},{\"@type\":\"WebSite\",\"@id\":\"https:\\\/\\\/aconteceunovale.com.br\\\/portal\\\/#website\",\"url\":\"https:\\\/\\\/aconteceunovale.com.br\\\/portal\\\/\",\"name\":\"Aconteceu no Vale\",\"description\":\"Portal de Not\u00edcias\",\"potentialAction\":[{\"@type\":\"SearchAction\",\"target\":{\"@type\":\"EntryPoint\",\"urlTemplate\":\"https:\\\/\\\/aconteceunovale.com.br\\\/portal\\\/?s={search_term_string}\"},\"query-input\":{\"@type\":\"PropertyValueSpecification\",\"valueRequired\":true,\"valueName\":\"search_term_string\"}}],\"inLanguage\":\"pt-BR\"},{\"@type\":\"Person\",\"@id\":\"https:\\\/\\\/aconteceunovale.com.br\\\/portal\\\/#\\\/schema\\\/person\\\/633529146f2c94272bef50ac2953d589\",\"name\":\"Aconteceu no Vale\",\"description\":\"Equipe de reportagem do Aconteceu no Vale, portal de not\u00edcias do Vale do Jequitinhonha, em Minas Gerais. Cobrimos as 51 cidades do Vale desde 2013. Sugest\u00f5es de pauta e pedidos de corre\u00e7\u00e3o: contato@aconteceunovale.com.br\",\"sameAs\":[\"http:\\\/\\\/www.aconteceunovale.com.br\"],\"url\":\"https:\\\/\\\/aconteceunovale.com.br\\\/portal\\\/?author=1\"}]}<\/script>\n<!-- \/ Yoast SEO plugin. -->","yoast_head_json":{"title":"Homem \u00e9 preso por manter p\u00e1ssaros silvestres em cativeiro em Curral de Dentro, no Norte de Minas - Aconteceu no Vale","robots":{"index":"index","follow":"follow","max-snippet":"max-snippet:-1","max-image-preview":"max-image-preview:large","max-video-preview":"max-video-preview:-1"},"canonical":"https:\/\/aconteceunovale.com.br\/portal\/?p=111243","og_locale":"pt_BR","og_type":"article","og_title":"Homem \u00e9 preso por manter p\u00e1ssaros silvestres em cativeiro em Curral de Dentro, no Norte de Minas - Aconteceu no Vale","og_description":"A Pol\u00edcia Militar de Meio Ambiente apreendeu seis p\u00e1ssaros silvestres durante uma averigua\u00e7\u00e3o de den\u00fancia an\u00f4nima, na tarde de s\u00e1bado, 25 de mar\u00e7o, em Curral de Dentro, no Norte de Minas. Um homem de 37 anos foi preso. De acordo com a PM, a patrulha ambiental recebeu uma den\u00fancia sobre p\u00e1ssaros em um cativeiro na [&hellip;]","og_url":"https:\/\/aconteceunovale.com.br\/portal\/?p=111243","og_site_name":"Aconteceu no Vale","article_publisher":"https:\/\/www.facebook.com\/aconteceunovale\/","article_published_time":"2017-03-26T15:44:57+00:00","og_image":[{"width":600,"height":450,"url":"https:\/\/aconteceunovale.com.br\/portal\/wp-content\/uploads\/2017\/03\/ocorrencia_cd_sjl_1.jpg","type":"image\/jpeg"}],"author":"Aconteceu no Vale","twitter_card":"summary_large_image","twitter_creator":"@noticiadosvales","twitter_site":"@noticiadosvales","twitter_misc":{"Escrito por":"Aconteceu no Vale","Est. tempo de leitura":"2 minutos"},"schema":{"@context":"https:\/\/schema.org","@graph":[{"@type":"Article","@id":"https:\/\/aconteceunovale.com.br\/portal\/?p=111243#article","isPartOf":{"@id":"https:\/\/aconteceunovale.com.br\/portal\/?p=111243"},"author":{"name":"Aconteceu no Vale","@id":"https:\/\/aconteceunovale.com.br\/portal\/#\/schema\/person\/633529146f2c94272bef50ac2953d589"},"headline":"Homem \u00e9 preso por manter p\u00e1ssaros silvestres em cativeiro em Curral de Dentro, no Norte de Minas","datePublished":"2017-03-26T15:44:57+00:00","mainEntityOfPage":{"@id":"https:\/\/aconteceunovale.com.br\/portal\/?p=111243"},"wordCount":332,"commentCount":0,"image":{"@id":"https:\/\/aconteceunovale.com.br\/portal\/?p=111243#primaryimage"},"thumbnailUrl":"https:\/\/aconteceunovale.com.br\/portal\/wp-content\/uploads\/2017\/03\/ocorrencia_cd_sjl_1.jpg","keywords":["Apreens\u00e3o de armadilhas em S\u00e3o Jo\u00e3o da Lagoa","apreens\u00e3o de p\u00e1ssaros em Curral de Dentro","Cora\u00e7\u00e3o de Jesus","Curral de Dentro","Homem \u00e9 preso por manter p\u00e1ssaros silvestres em cativeiro em Curral de Dentro","Montes Claros","P\u00e1ssaros apreendidos em Curral de Dentro","Preso por manter p\u00e1ssaros em cativeiro em Curral de Dentro","S\u00e3o Jo\u00e3o da Lagoa","Taiobeiras"],"articleSection":["Norte de Minas"],"inLanguage":"pt-BR","potentialAction":[{"@type":"CommentAction","name":"Comment","target":["https:\/\/aconteceunovale.com.br\/portal\/?p=111243#respond"]}]},{"@type":"WebPage","@id":"https:\/\/aconteceunovale.com.br\/portal\/?p=111243","url":"https:\/\/aconteceunovale.com.br\/portal\/?p=111243","name":"Homem \u00e9 preso por manter p\u00e1ssaros silvestres em cativeiro em Curral de Dentro, no Norte de Minas - Aconteceu no Vale","isPartOf":{"@id":"https:\/\/aconteceunovale.com.br\/portal\/#website"},"primaryImageOfPage":{"@id":"https:\/\/aconteceunovale.com.br\/portal\/?p=111243#primaryimage"},"image":{"@id":"https:\/\/aconteceunovale.com.br\/portal\/?p=111243#primaryimage"},"thumbnailUrl":"https:\/\/aconteceunovale.com.br\/portal\/wp-content\/uploads\/2017\/03\/ocorrencia_cd_sjl_1.jpg","datePublished":"2017-03-26T15:44:57+00:00","author":{"@id":"https:\/\/aconteceunovale.com.br\/portal\/#\/schema\/person\/633529146f2c94272bef50ac2953d589"},"breadcrumb":{"@id":"https:\/\/aconteceunovale.com.br\/portal\/?p=111243#breadcrumb"},"inLanguage":"pt-BR","potentialAction":[{"@type":"ReadAction","target":["https:\/\/aconteceunovale.com.br\/portal\/?p=111243"]}]},{"@type":"ImageObject","inLanguage":"pt-BR","@id":"https:\/\/aconteceunovale.com.br\/portal\/?p=111243#primaryimage","url":"https:\/\/aconteceunovale.com.br\/portal\/wp-content\/uploads\/2017\/03\/ocorrencia_cd_sjl_1.jpg","contentUrl":"https:\/\/aconteceunovale.com.br\/portal\/wp-content\/uploads\/2017\/03\/ocorrencia_cd_sjl_1.jpg","width":600,"height":450},{"@type":"BreadcrumbList","@id":"https:\/\/aconteceunovale.com.br\/portal\/?p=111243#breadcrumb","itemListElement":[{"@type":"ListItem","position":1,"name":"In\u00edcio","item":"https:\/\/aconteceunovale.com.br\/portal\/"},{"@type":"ListItem","position":2,"name":"Homem \u00e9 preso por manter p\u00e1ssaros silvestres em cativeiro em Curral de Dentro, no Norte de Minas"}]},{"@type":"WebSite","@id":"https:\/\/aconteceunovale.com.br\/portal\/#website","url":"https:\/\/aconteceunovale.com.br\/portal\/","name":"Aconteceu no Vale","description":"Portal de Not\u00edcias","potentialAction":[{"@type":"SearchAction","target":{"@type":"EntryPoint","urlTemplate":"https:\/\/aconteceunovale.com.br\/portal\/?s={search_term_string}"},"query-input":{"@type":"PropertyValueSpecification","valueRequired":true,"valueName":"search_term_string"}}],"inLanguage":"pt-BR"},{"@type":"Person","@id":"https:\/\/aconteceunovale.com.br\/portal\/#\/schema\/person\/633529146f2c94272bef50ac2953d589","name":"Aconteceu no Vale","description":"Equipe de reportagem do Aconteceu no Vale, portal de not\u00edcias do Vale do Jequitinhonha, em Minas Gerais. Cobrimos as 51 cidades do Vale desde 2013. Sugest\u00f5es de pauta e pedidos de corre\u00e7\u00e3o: contato@aconteceunovale.com.br","sameAs":["http:\/\/www.aconteceunovale.com.br"],"url":"https:\/\/aconteceunovale.com.br\/portal\/?author=1"}]}},"_links":{"self":[{"href":"https:\/\/aconteceunovale.com.br\/portal\/index.php?rest_route=\/wp\/v2\/posts\/111243","targetHints":{"allow":["GET"]}}],"collection":[{"href":"https:\/\/aconteceunovale.com.br\/portal\/index.php?rest_route=\/wp\/v2\/posts"}],"about":[{"href":"https:\/\/aconteceunovale.com.br\/portal\/index.php?rest_route=\/wp\/v2\/types\/post"}],"author":[{"embeddable":true,"href":"https:\/\/aconteceunovale.com.br\/portal\/index.php?rest_route=\/wp\/v2\/users\/1"}],"replies":[{"embeddable":true,"href":"https:\/\/aconteceunovale.com.br\/portal\/index.php?rest_route=%2Fwp%2Fv2%2Fcomments&post=111243"}],"version-history":[{"count":0,"href":"https:\/\/aconteceunovale.com.br\/portal\/index.php?rest_route=\/wp\/v2\/posts\/111243\/revisions"}],"wp:featuredmedia":[{"embeddable":true,"href":"https:\/\/aconteceunovale.com.br\/portal\/index.php?rest_route=\/wp\/v2\/media\/111244"}],"wp:attachment":[{"href":"https:\/\/aconteceunovale.com.br\/portal\/index.php?rest_route=%2Fwp%2Fv2%2Fmedia&parent=111243"}],"wp:term":[{"taxonomy":"category","embeddable":true,"href":"https:\/\/aconteceunovale.com.br\/portal\/index.php?rest_route=%2Fwp%2Fv2%2Fcategories&post=111243"},{"taxonomy":"post_tag","embeddable":true,"href":"https:\/\/aconteceunovale.com.br\/portal\/index.php?rest_route=%2Fwp%2Fv2%2Ftags&post=111243"}],"curies":[{"name":"wp","href":"https:\/\/api.w.org\/{rel}","templated":true}]}}