{"id":111113,"date":"2017-03-23T20:36:36","date_gmt":"2017-03-23T22:36:36","guid":{"rendered":"http:\/\/aconteceunovale.com.br\/portal\/?p=111113"},"modified":"2017-03-24T00:39:07","modified_gmt":"2017-03-24T02:39:07","slug":"direto-de-brasilia-leia-na-pagina-da-jornalista-jerusia-arruda-8","status":"publish","type":"post","link":"https:\/\/aconteceunovale.com.br\/portal\/?p=111113","title":{"rendered":"Direto de Bras\u00edlia \u2013 leia na p\u00e1gina da jornalista Jer\u00fasia Arruda"},"content":{"rendered":"<p><center><img decoding=\"async\" src=\"http:\/\/aconteceunovale.com.br\/portal\/wp-content\/uploads\/2017\/01\/jerusia_arruda.jpg\" alt=\"\" \/><a href=\"https:\/\/www.facebook.com\/jerusia.arruda\" target=\"_blank\">JER\u00daSIA ARRUDA &#8211; <font color=\"blue\">www.facebook.com\/jerusia.arruda<\/font><\/a><\/center><br \/>\n<\/br><\/p>\n<p>MEIRELES NO STF<br \/>\nNa posse no cargo de ministro do Supremo Tribunal Federal (STF), nesta quarta-feira, o jurista Alexandre de Moraes fez um breve juramento em clima de expectativa. \u00c9 que os integrantes da Corte esperam que o novo ministro, ao chegar ao STF, deixe para tr\u00e1s as declara\u00e7\u00f5es controversas que marcaram sua trajet\u00f3ria profissional e assuma uma postura mais apropriada a um juiz constitucional. Moraes, que n\u00e3o fez discurso, foi saudado pela presidente do STF, Carmen L\u00facia, e pelo presidente Michel Temer. O ex-ministro da Justi\u00e7a do Governo Temer ocupa a cadeira deixada por Teori Zavascki, que morreu em um acidente de avi\u00e3o em janeiro. <\/p>\n<p>CORRIGINDO O MAU PASSO<br \/>\nO ministro da Cultura, Roberto Freire, disse, nesta quarta-feira, que o Minist\u00e9rio da Cultura tem aproximadamente 18 mil processos de presta\u00e7\u00e3o de contas que n\u00e3o foram analisados. Segundo o ministro, com as mudan\u00e7as na Lei Rouanet, anunciadas na \u00faltima segunda-feira, vai ser poss\u00edvel dar respostas a algumas cr\u00edticas \u201cpertinentes e justas\u201d em rela\u00e7\u00e3o \u00e0 lei, como a falta de transpar\u00eancia e m\u00e1 aplica\u00e7\u00e3o de recursos. De acordo com Freire, as novas regras da Lei, al\u00e9m de estipular limites de financiamento para projetos culturais, v\u00e3o democratizar e dar celeridade e transpar\u00eancia a todo o processo cultural brasileiro.<\/p>\n<p>PRODU\u00c7\u00c3O CULTURAL SUSTENT\u00c1VEL<br \/>\nApesar do esfor\u00e7o do ministro da Cultura, Roberto Freire, em tentar reorganizar a confus\u00e3o provocada pela m\u00e1 aplica\u00e7\u00e3o dos recursos viabilizados com a Lei Rouanet, a verdade \u00e9 que o setor cultural brasileiro precisa mesmo \u00e9 ser passado a limpo. Os governos federal, estadual e municipal precisam entender que \u00e9 preciso criar espa\u00e7os e pol\u00edticas p\u00fablicas que favore\u00e7am uma produ\u00e7\u00e3o cultural sustent\u00e1vel, deixando de condicionar a sobreviv\u00eancia do artista \u00e0 depend\u00eancia do recurso p\u00fablico. <\/p>\n<p>DIA MUNDIAL DA \u00c1GUA<br \/>\nO Dia Mundial da \u00c1gua, comemorado nesta quarta-feira, foi lembrado no Plen\u00e1rio do Senado. Entre os pontos destacados pelos senadores est\u00e3o o desafio para o pa\u00eds em realizar o tratamento do esgoto e a conclus\u00e3o das obras de transposi\u00e7\u00e3o do rio S\u00e3o Francisco para acabar com o &#8220;\u00e1spero e injusto&#8221; cotidiano de milh\u00f5es de pessoas que habitam o semi\u00e1rido nordestino\u201d. <\/p>\n<p>MANIFESTO PELOS AGRICULTORES FAMILIARES<br \/>\nDurante audi\u00eancia p\u00fablica promovida pela comiss\u00e3o especial que analisa a reforma da Previd\u00eancia, nesta quarta-feira, um grupo de vereadores de S\u00e3o Francisco, Norte de Minas, entregou ao presidente da Frente Parlamentar da Agricultura Familiar, deputado Z\u00e9 Silva (SD-MG), um manifesto dos 15 vereadores do munic\u00edpio mineiro e uma pauta de reivindica\u00e7\u00f5es dos trabalhadores da agricultura familiar em rep\u00fadio \u00e0s novas regras de aposentadoria previstas na proposta de reforma da Previd\u00eancia. Z\u00e9 Silva assegurou que \u00e9 contr\u00e1rio \u00e0 proposta de reforma como ela est\u00e1 sendo apresentada pelo governo federal e disse que apresentou uma emenda, que contou com o apoio de 189 deputados, que prev\u00ea a aposentadoria das mulheres e homens do meio rural com 55 e 60 anos, respectivamente. O deputado espera, agora, contar com o apoio do relator da proposta e do Plen\u00e1rio para que sua emenda seja aprovada. <\/p>\n<p>TERCEIRIZA\u00c7\u00c3O \u00c9 APROVADA<br \/>\nAp\u00f3s um intenso debate, nesta quarta-feira, a C\u00e2mara dos Deputados aprovou o parecer favor\u00e1vel do deputado Laercio Oliveira (SD-SE) para o substitutivo do Senado ao projeto de lei (PL 4302\/98) que permite a terceiriza\u00e7\u00e3o em todas empresas. Foram 231 votos a favor, 188 contra e 8 absten\u00e7\u00f5es. Contr\u00e1rio ao projeto, o deputado Z\u00e9 Silva, que foi secret\u00e1rio do Trabalho e Emprego em Minas, disse que os trabalhadores terceirizados n\u00e3o s\u00e3o protegidos pelo mesmo acordo coletivo firmado entre uma empresa e seus empregados. Para o parlamentar mineiro, \u00e9 preciso modernizar as rela\u00e7\u00f5es do empregador e trabalhador, mas n\u00e3o se pode abrir m\u00e3o das conquistas e prote\u00e7\u00e3o dos diretos dos trabalhadores brasileiros. Z\u00e9 Silva disse que vai iniciar uma mobiliza\u00e7\u00e3o para pedir ao presidente Michel Temer vetos ao projeto aprovado.<\/p>\n<p>QUEDA LIVRE<br \/>\nAs exporta\u00e7\u00f5es brasileiras de carne ca\u00edram de US$ 63 milh\u00f5es por dia a US$ 74 mil ap\u00f3s a opera\u00e7\u00e3o Carne Fraca, de acordo com os dados registrados pelo Minist\u00e9rio do Desenvolvimento. O valor de US$ 74 mil corresponde a quase zero perto do movimento habitual do setor. Os n\u00fameros foram apresentados no Pal\u00e1cio do Planalto nesta quarta-feira. O dado foi avaliado como um sinal de cautela dos importadores estrangeiros diante da crise no setor.<\/p>\n<p>NOVA ERA DO TRANSPORTE<br \/>\nPara quem j\u00e1 se habituou ao novo jeito de se deslocar de carro, proporcionado pelo Uber, o Google est\u00e1 anunciando o lan\u00e7amento de um novo aplicativo como alternativa para o transporte das grandes cidades. O Waze Carpool, um aplicativo de navega\u00e7\u00e3o que permite oferecer caronas compartilhadas, j\u00e1 est\u00e1 dispon\u00edvel em cidades dos EUA e deve chegar em breve ao Brasil. A diferen\u00e7a do Uber \u00e9 que os usu\u00e1rios apenas dividir\u00e3o o dinheiro da gasolina. <\/p>\n<p><strong>VER PRIMEIRO<\/strong><\/p>\n<p><strong>Receba as not\u00edcias do Aconteceu no Vale em primeira m\u00e3o. Clique em curtir no endere\u00e7o <a href=\"https:\/\/www.facebook.com\/aconteceunovale\" target=\"_blank\"><font color=\"red\">www.facebook.com\/aconteceunovale<\/font><\/a> ou no box abaixo:<\/strong><\/p>\n<div class=\"fb-like\" data-href=\"https:\/\/www.facebook.com\/aconteceunovale\" data-width=\"120\" data-layout=\"standard\" data-action=\"like\" data-size=\"small\" data-show-faces=\"true\" data-share=\"true\"><\/div>\n<p><\/br><\/p>\n","protected":false},"excerpt":{"rendered":"<p>JER\u00daSIA ARRUDA &#8211; www.facebook.com\/jerusia.arruda MEIRELES NO STF Na posse no cargo de ministro do Supremo Tribunal Federal (STF), nesta quarta-feira, o jurista Alexandre de Moraes fez um breve juramento em clima de expectativa. \u00c9 que os integrantes da Corte esperam que o novo ministro, ao chegar ao STF, deixe para tr\u00e1s as declara\u00e7\u00f5es controversas que [&hellip;]<\/p>\n","protected":false},"author":1,"featured_media":106574,"comment_status":"open","ping_status":"closed","sticky":false,"template":"","format":"standard","meta":{"amp_status":"","footnotes":""},"categories":[4927],"tags":[4606,135443,135343,135442,137424,139963,206036],"class_list":["post-111113","post","type-post","status-publish","format-standard","has-post-thumbnail","hentry","category-colunistas","tag-brasilia","tag-coluna-direto-de-brasilia","tag-coluna-jerusia-arruda","tag-direto-de-brasilia","tag-direto-de-brasilia-jerusia-arruda","tag-direto-de-brasilia-coluna-jerusia-arruda","tag-jerusia-arruda"],"_links":{"self":[{"href":"https:\/\/aconteceunovale.com.br\/portal\/index.php?rest_route=\/wp\/v2\/posts\/111113","targetHints":{"allow":["GET"]}}],"collection":[{"href":"https:\/\/aconteceunovale.com.br\/portal\/index.php?rest_route=\/wp\/v2\/posts"}],"about":[{"href":"https:\/\/aconteceunovale.com.br\/portal\/index.php?rest_route=\/wp\/v2\/types\/post"}],"author":[{"embeddable":true,"href":"https:\/\/aconteceunovale.com.br\/portal\/index.php?rest_route=\/wp\/v2\/users\/1"}],"replies":[{"embeddable":true,"href":"https:\/\/aconteceunovale.com.br\/portal\/index.php?rest_route=%2Fwp%2Fv2%2Fcomments&post=111113"}],"version-history":[{"count":0,"href":"https:\/\/aconteceunovale.com.br\/portal\/index.php?rest_route=\/wp\/v2\/posts\/111113\/revisions"}],"wp:featuredmedia":[{"embeddable":true,"href":"https:\/\/aconteceunovale.com.br\/portal\/index.php?rest_route=\/wp\/v2\/media\/106574"}],"wp:attachment":[{"href":"https:\/\/aconteceunovale.com.br\/portal\/index.php?rest_route=%2Fwp%2Fv2%2Fmedia&parent=111113"}],"wp:term":[{"taxonomy":"category","embeddable":true,"href":"https:\/\/aconteceunovale.com.br\/portal\/index.php?rest_route=%2Fwp%2Fv2%2Fcategories&post=111113"},{"taxonomy":"post_tag","embeddable":true,"href":"https:\/\/aconteceunovale.com.br\/portal\/index.php?rest_route=%2Fwp%2Fv2%2Ftags&post=111113"}],"curies":[{"name":"wp","href":"https:\/\/api.w.org\/{rel}","templated":true}]}}