{"id":111103,"date":"2017-03-23T23:49:29","date_gmt":"2017-03-24T01:49:29","guid":{"rendered":"http:\/\/aconteceunovale.com.br\/portal\/?p=111103"},"modified":"2017-03-23T23:49:29","modified_gmt":"2017-03-24T01:49:29","slug":"estudo-preve-extincao-de-um-terco-de-especies-nativas-do-cerrado-em-30-anos","status":"publish","type":"post","link":"https:\/\/aconteceunovale.com.br\/portal\/?p=111103","title":{"rendered":"Estudo prev\u00ea extin\u00e7\u00e3o de um ter\u00e7o de esp\u00e9cies nativas do Cerrado em 30 anos"},"content":{"rendered":"<p>Estudo internacional, coordenado por pesquisadores brasileiros e publicado hoje (23) na revista\u00a0<em>Nature Ecology and Evolution<\/em>, aponta perda significativa de esp\u00e9cies nativas do Cerrado nos pr\u00f3ximos 30 anos se o ritmo atual de desmatamento do bioma continuar. A raz\u00e3o para isso \u00e9 que h\u00e1 4.600 esp\u00e9cies de plantas end\u00eamicas no bioma, que n\u00e3o existem em nenhum outro lugar do planeta. Os pesquisadores projetam um quadro de extin\u00e7\u00f5es de esp\u00e9cies de grande magnitude se nada for feito.<\/p>\n<p>Eles estimam que at\u00e9 1.140 esp\u00e9cies podem desaparecer pelo desmatamento acumulado. \u201cEsse \u00e9 um n\u00famero oito vezes maior do que todas as esp\u00e9cies registradas como extintas no mundo at\u00e9 hoje\u201d, disse o coordenador da pesquisa, Bernardo Strassburg. Desde o ano de 1.500, quando foram feitos os primeiros registros das esp\u00e9cies de plantas no planeta, 139 foram declaradas oficialmente extintas.<\/p>\n<p>Segundo Strassburg, o Cerrado j\u00e1 perdeu metade da \u00e1rea original. \u201cSe tudo continuar no cen\u00e1rio que a gente chama de tendencial, vai perder um ter\u00e7o do que sobrou nas pr\u00f3ximas tr\u00eas d\u00e9cadas\u201d. O Cerrado j\u00e1 perdeu 88 milh\u00f5es de hectares, o equivalente a 46% da cobertura nativa.<\/p>\n<p>Isso gera problemas ambientais de diversas naturezas. A crise h\u00eddrica que a Regi\u00e3o Centro-Oeste, onde se situa o Distrito Federal, enfrenta no momento seria agravada pela falta do bioma e tamb\u00e9m haveria a emiss\u00e3o de gases de efeito estufa de 8,5 bilh\u00f5es de toneladas de g\u00e1s carb\u00f4nico. \u201cIsso tudo seria consequ\u00eancia direta do desmatamento projetado para os pr\u00f3ximos 30 anos\u201d, disse Strassburg.<\/p>\n<p>Secret\u00e1rio executivo do Instituto Internacional para a Sustentabilidade e coordenador do Centro de Ci\u00eancias para a Conserva\u00e7\u00e3o e Sustentabilidade da Pontif\u00edcia Universidade Cat\u00f3lica do Rio de Janeiro (PUC-Rio), Strassburg destacou que o Cerrado \u00e9 um<em>\u00a0hotspot\u00a0<\/em>mundial de biodiversidade (regi\u00e3o biogeogr\u00e1fica que \u00e9 simultaneamente uma reserva de biodiversidade e pode estar amea\u00e7ada de destrui\u00e7\u00e3o).<\/p>\n<p><img decoding=\"async\" src=\"http:\/\/aconteceunovale.com.br\/portal\/wp-content\/uploads\/2017\/03\/extincao_cerrado.jpg\" alt=\"\" \/><em>Cerrado j\u00e1 perdeu 46% da cobertura nativa (Marcelo Camargo\/Ag\u00eancia Brasil)<\/em><br \/>\n<\/br><\/p>\n<p><strong>Mix de pol\u00edticas<\/strong><\/p>\n<p>Segundo a pesquisa, esse cen\u00e1rio pode ser evitado sem comprometer o aumento da produ\u00e7\u00e3o agr\u00edcola programado, que projeta em torno de 15 milh\u00f5es de hectares de expans\u00e3o de soja e cana-de-a\u00e7\u00facar nos pr\u00f3ximos 30 anos no Cerrado.<\/p>\n<p>\u201cIsso tudo pode ocorrer, desde que dentro de \u00e1reas j\u00e1 desmatadas, que hoje s\u00e3o usadas como pastagens de baixa produtividade. Voc\u00ea melhora a produtividade de pastagens em outros locais, libera algumas pastagens para soja e cana, faz toda essa expans\u00e3o. Esses 15 milh\u00f5es de hectares cabem na metade do Cerrado que j\u00e1 foi desmatada sem necessidade de desmatamento adicional\u201d, ressalta.<\/p>\n<p>De acordo com Strassburg, o C\u00f3digo Florestal Brasileiro estima que os fazendeiros ter\u00e3o que restaurar 6 milh\u00f5es de hectares, o equivalente a 6 milh\u00f5es de campos de futebol, caso queiram ficar em conformidade com a lei. O artigo da revista mostra, ainda, que restaurar esse volume de vegeta\u00e7\u00e3o nativa \u00e9 bom, mas que, se isso for feito nas \u00e1reas otimizadas para prote\u00e7\u00e3o das esp\u00e9cies, ser\u00e1 poss\u00edvel evitar 83% desse quadro projetado.<\/p>\n<p>\u201cOu seja, se voc\u00ea expande a agricultura para \u00e1reas j\u00e1 desmatadas e restaura o Cerrado nas \u00e1reas mais importantes para as esp\u00e9cies, voc\u00ea consegue evitar 83% do quadro projetado\u201d, disse o pesquisador.<\/p>\n<p>O estudo cita um conjunto de oito pol\u00edticas p\u00fablicas e privadas existentes, algumas em aplica\u00e7\u00e3o no Cerrado e outras na Amaz\u00f4nia, mas sugere que algumas delas, como o caso da Morat\u00f3ria da Soja, por exemplo, deveriam ser estendidas para o Cerrado. Strassburg ressaltou, por\u00e9m, que esse\u00a0<em>mix\u00a0<\/em>de pol\u00edticas precisa ser coordenado entre si e financiado de forma apropriada.<\/p>\n<p>Al\u00e9m da Morat\u00f3ria da Soja, implantada na Amaz\u00f4nia, que praticamente eliminou a convers\u00e3o direta de \u00e1reas de floresta para o cultivo da soja na regi\u00e3o, as pol\u00edticas em vigor incluem a expans\u00e3o da rede de \u00e1reas protegidas, uma vez que o Cerrado tem hoje menos de 10% de sua \u00e1rea protegida em unidades de conserva\u00e7\u00e3o. Para Strassburg, tamb\u00e9m \u00e9 importante aumentar o financiamento para conserva\u00e7\u00e3o, inclusive com verbas oriundas de projetos de combate \u00e0s mudan\u00e7as clim\u00e1ticas.<\/p>\n<p>Ele acrescentou que, al\u00e9m disso, pol\u00edticas nacionais, estaduais e municipais diretamente focadas na preserva\u00e7\u00e3o de esp\u00e9cies amea\u00e7adas precisam ser fortalecidas. Strassburg citou o Plano de Agricultura de Baixo Carbono, do Minist\u00e9rio da Agricultura, que poderia ser implementado em maior escala, com a preocupa\u00e7\u00e3o de orientar a expans\u00e3o da soja e da cana para \u00e1reas j\u00e1 desmatadas e melhorar a pecu\u00e1ria em outras \u00e1reas.<\/p>\n<p>Para tudo isso funcionar, Strassburg considera essencial um planejamento espacial estrat\u00e9gico para identificar as \u00e1reas priorit\u00e1rias para a conserva\u00e7\u00e3o e restaura\u00e7\u00e3o da vegeta\u00e7\u00e3o nativa e aquelas em que a expans\u00e3o da agricultura teria menor impacto no meio ambiente, al\u00e9m de serem boas para a atividade agr\u00edcola.<\/p>\n<p>O estudo conta com a parceria dos minist\u00e9rios do Meio Ambiente (MMA) e da Ci\u00eancia, Tecnologia, Inova\u00e7\u00f5es e Comunica\u00e7\u00f5es.<\/p>\n<p>O diretor do Departamento de Conserva\u00e7\u00e3o de Ecossistemas do MMA, Carlos Alberto de Mattos Scaramuzza, \u00e9 um dos autores do artigo e, segundo Strassburg, espera que o trabalho seja \u00fatil para a formula\u00e7\u00e3o de pol\u00edticas p\u00fablicas ambientais no pa\u00eds e tamb\u00e9m para mobilizar o apoio necess\u00e1rio para a preserva\u00e7\u00e3o do Cerrado.<\/p>\n<p><strong>VER PRIMEIRO<\/strong><\/p>\n<p><strong>Receba as not\u00edcias do Aconteceu no Vale em primeira m\u00e3o. Clique em curtir no endere\u00e7o <a href=\"https:\/\/www.facebook.com\/aconteceunovale\" target=\"_blank\"><font color=\"red\">www.facebook.com\/aconteceunovale<\/font><\/a> ou no box abaixo:<\/strong><\/p>\n<div class=\"fb-like\" data-href=\"https:\/\/www.facebook.com\/aconteceunovale\" data-width=\"120\" data-layout=\"standard\" data-action=\"like\" data-size=\"small\" data-show-faces=\"true\" data-share=\"true\"><\/div>\n<p><\/br><\/p>\n<p><em>(Fonte: Ag\u00eancia Brasil)<\/em><\/p>\n","protected":false},"excerpt":{"rendered":"<p>Estudo internacional, coordenado por pesquisadores brasileiros e publicado hoje (23) na revista\u00a0Nature Ecology and Evolution, aponta perda significativa de esp\u00e9cies nativas do Cerrado nos pr\u00f3ximos 30 anos se o ritmo atual de desmatamento do bioma continuar. A raz\u00e3o para isso \u00e9 que h\u00e1 4.600 esp\u00e9cies de plantas end\u00eamicas no bioma, que n\u00e3o existem em nenhum [&hellip;]<\/p>\n","protected":false},"author":1,"featured_media":111104,"comment_status":"open","ping_status":"closed","sticky":false,"template":"","format":"standard","meta":{"amp_status":"","footnotes":""},"categories":[6],"tags":[143437,378,14946,143435,143438,143436,143434],"class_list":["post-111103","post","type-post","status-publish","format-standard","has-post-thumbnail","hentry","category-br","tag-bernardo-strassburg","tag-cerrado","tag-desmatamento","tag-especies-nativas-do-cerrado","tag-estudo-preve-extincao-de-um-terco-de-especies-nativas-do-cerrado-em-30-anos","tag-extincao-de-especies-nativas-do-cerrado","tag-nature-ecology-and-evolution"],"_links":{"self":[{"href":"https:\/\/aconteceunovale.com.br\/portal\/index.php?rest_route=\/wp\/v2\/posts\/111103","targetHints":{"allow":["GET"]}}],"collection":[{"href":"https:\/\/aconteceunovale.com.br\/portal\/index.php?rest_route=\/wp\/v2\/posts"}],"about":[{"href":"https:\/\/aconteceunovale.com.br\/portal\/index.php?rest_route=\/wp\/v2\/types\/post"}],"author":[{"embeddable":true,"href":"https:\/\/aconteceunovale.com.br\/portal\/index.php?rest_route=\/wp\/v2\/users\/1"}],"replies":[{"embeddable":true,"href":"https:\/\/aconteceunovale.com.br\/portal\/index.php?rest_route=%2Fwp%2Fv2%2Fcomments&post=111103"}],"version-history":[{"count":0,"href":"https:\/\/aconteceunovale.com.br\/portal\/index.php?rest_route=\/wp\/v2\/posts\/111103\/revisions"}],"wp:featuredmedia":[{"embeddable":true,"href":"https:\/\/aconteceunovale.com.br\/portal\/index.php?rest_route=\/wp\/v2\/media\/111104"}],"wp:attachment":[{"href":"https:\/\/aconteceunovale.com.br\/portal\/index.php?rest_route=%2Fwp%2Fv2%2Fmedia&parent=111103"}],"wp:term":[{"taxonomy":"category","embeddable":true,"href":"https:\/\/aconteceunovale.com.br\/portal\/index.php?rest_route=%2Fwp%2Fv2%2Fcategories&post=111103"},{"taxonomy":"post_tag","embeddable":true,"href":"https:\/\/aconteceunovale.com.br\/portal\/index.php?rest_route=%2Fwp%2Fv2%2Ftags&post=111103"}],"curies":[{"name":"wp","href":"https:\/\/api.w.org\/{rel}","templated":true}]}}