{"id":111092,"date":"2017-03-23T22:31:56","date_gmt":"2017-03-24T00:31:56","guid":{"rendered":"http:\/\/aconteceunovale.com.br\/portal\/?p=111092"},"modified":"2017-03-23T22:31:56","modified_gmt":"2017-03-24T00:31:56","slug":"policia-prende-suspeitos-de-ataques-a-bancos-no-vale-do-jequitinhonha","status":"publish","type":"post","link":"https:\/\/aconteceunovale.com.br\/portal\/?p=111092","title":{"rendered":"Pol\u00edcia prende suspeitos de ataques a bancos no Vale do Jequitinhonha"},"content":{"rendered":"<p>A Pol\u00edcia Militar (PM) prendeu na noite de ter\u00e7a-feira (21\/03), no munic\u00edpio de Jequitinhonha (MG), cinco pessoas suspeitas de integrar uma quadrilha envolvida nas explos\u00f5es de caixas eletr\u00f4nicos e roubo de cargas na regi\u00e3o.<\/p>\n<p>Segundo a PM, Rafael T.B, de 35 anos, e outros tr\u00eas indiv\u00edduos, foram presos em uma opera\u00e7\u00e3o realizada no porto da balsa do distrito de S\u00e3o Pedro do Jequitinhonha, ap\u00f3s os policiais terem recebido informa\u00e7\u00f5es an\u00f4nimas indicando a localiza\u00e7\u00e3o dos criminosos.<\/p>\n<p>Ainda conforme os policiais, os suspeitos estavam numa caminhonete se deslocando para a cidade de Itaobim (MG). Durante a abordagem do ve\u00edculo, Rafael arremessou um celular no ch\u00e3o e come\u00e7ou a destru\u00ed-lo. Um rev\u00f3lver .38 municiado com 6 cartuchos e outros 6 cartuchos foram apreendidos no interior do ve\u00edculo.<\/p>\n<p>Entre os presos, estava um rapaz de 25 anos que j\u00e1 havia sido encarcerado recentemente por porte ilegal de arma de fogo em Medina (MG), ocasi\u00e3o em o suspeito teria resistido \u00e0 pris\u00e3o e efetuado disparos contra os militares daquela cidade. Os suspeitos foram encaminhados para a Delegacia.<\/p>\n<p><img decoding=\"async\" src=\"http:\/\/aconteceunovale.com.br\/portal\/wp-content\/uploads\/2017\/03\/presos_jequi_1.jpg\" alt=\"\" \/><em>Grupo foi preso em Jequitinhonha (Fotos: Divulga\u00e7\u00e3o\/44\u00ba BPM)<\/em><br \/>\n<\/br><\/p>\n<p><img decoding=\"async\" src=\"http:\/\/aconteceunovale.com.br\/portal\/wp-content\/uploads\/2017\/03\/presos_jequi_2.jpg\" alt=\"\" \/><em>Material apreendido com os suspeitos (Fotos: Divulga\u00e7\u00e3o\/44\u00ba BPM)<\/em><br \/>\n<\/br><\/p>\n<p><strong>VER PRIMEIRO<\/strong><\/p>\n<p><strong>Receba as not\u00edcias do Aconteceu no Vale em primeira m\u00e3o. Clique em curtir no endere\u00e7o <a href=\"https:\/\/www.facebook.com\/aconteceunovale\" target=\"_blank\"><font color=\"red\">www.facebook.com\/aconteceunovale<\/font><\/a> ou no box abaixo:<\/strong><\/p>\n<div class=\"fb-like\" data-href=\"https:\/\/www.facebook.com\/aconteceunovale\" data-width=\"120\" data-layout=\"standard\" data-action=\"like\" data-size=\"small\" data-show-faces=\"true\" data-share=\"true\"><\/div>\n<p><\/br><\/p>\n<p><em>(Fonte: 44\u00ba BPM)<\/em><\/p>\n","protected":false},"excerpt":{"rendered":"<p>A Pol\u00edcia Militar (PM) prendeu na noite de ter\u00e7a-feira (21\/03), no munic\u00edpio de Jequitinhonha (MG), cinco pessoas suspeitas de integrar uma quadrilha envolvida nas explos\u00f5es de caixas eletr\u00f4nicos e roubo de cargas na regi\u00e3o. Segundo a PM, Rafael T.B, de 35 anos, e outros tr\u00eas indiv\u00edduos, foram presos em uma opera\u00e7\u00e3o realizada no porto da [&hellip;]<\/p>\n","protected":false},"author":1,"featured_media":111093,"comment_status":"open","ping_status":"closed","sticky":false,"template":"","format":"standard","meta":{"amp_status":"","footnotes":""},"categories":[120],"tags":[143419,143420,143424,34252,143423,143422,389,455,143425,444,67052,143418,143421],"class_list":["post-111092","post","type-post","status-publish","format-standard","has-post-thumbnail","hentry","category-jequi","tag-assaltantes-presos-em-jequitinhonha","tag-caju","tag-dhyemissom-bispo-dos-santos","tag-jequitinhonha","tag-joao-batista-santos","tag-maykon-silva-de-sa","tag-medina","tag-pedra-azul","tag-policia-prende-suspeitos-de-ataques-a-bancos-no-vale-do-jequitinhonha","tag-ponto-dos-volantes","tag-presos-em-jequitinhonha","tag-rafael-teixeira-barbosa","tag-sao-pedro-do-jequitinhonha"],"_links":{"self":[{"href":"https:\/\/aconteceunovale.com.br\/portal\/index.php?rest_route=\/wp\/v2\/posts\/111092","targetHints":{"allow":["GET"]}}],"collection":[{"href":"https:\/\/aconteceunovale.com.br\/portal\/index.php?rest_route=\/wp\/v2\/posts"}],"about":[{"href":"https:\/\/aconteceunovale.com.br\/portal\/index.php?rest_route=\/wp\/v2\/types\/post"}],"author":[{"embeddable":true,"href":"https:\/\/aconteceunovale.com.br\/portal\/index.php?rest_route=\/wp\/v2\/users\/1"}],"replies":[{"embeddable":true,"href":"https:\/\/aconteceunovale.com.br\/portal\/index.php?rest_route=%2Fwp%2Fv2%2Fcomments&post=111092"}],"version-history":[{"count":0,"href":"https:\/\/aconteceunovale.com.br\/portal\/index.php?rest_route=\/wp\/v2\/posts\/111092\/revisions"}],"wp:featuredmedia":[{"embeddable":true,"href":"https:\/\/aconteceunovale.com.br\/portal\/index.php?rest_route=\/wp\/v2\/media\/111093"}],"wp:attachment":[{"href":"https:\/\/aconteceunovale.com.br\/portal\/index.php?rest_route=%2Fwp%2Fv2%2Fmedia&parent=111092"}],"wp:term":[{"taxonomy":"category","embeddable":true,"href":"https:\/\/aconteceunovale.com.br\/portal\/index.php?rest_route=%2Fwp%2Fv2%2Fcategories&post=111092"},{"taxonomy":"post_tag","embeddable":true,"href":"https:\/\/aconteceunovale.com.br\/portal\/index.php?rest_route=%2Fwp%2Fv2%2Ftags&post=111092"}],"curies":[{"name":"wp","href":"https:\/\/api.w.org\/{rel}","templated":true}]}}