{"id":111090,"date":"2017-03-23T20:36:00","date_gmt":"2017-03-23T22:36:00","guid":{"rendered":"http:\/\/aconteceunovale.com.br\/portal\/?p=111090"},"modified":"2017-03-23T20:36:00","modified_gmt":"2017-03-23T22:36:00","slug":"novo-prefeito-de-guaraciama-sera-escolhido-em-maio","status":"publish","type":"post","link":"https:\/\/aconteceunovale.com.br\/portal\/?p=111090","title":{"rendered":"Novo prefeito de Guaraciama ser\u00e1 escolhido em maio"},"content":{"rendered":"<p>O munic\u00edpio de Guaraciama, no norte de Minas Gerais, ter\u00e1 elei\u00e7\u00f5es suplementares (ou extempor\u00e2neas) para prefeito e vice no dia 7 de maio. A Resolu\u00e7\u00e3o n\u00ba 1033\/2017, contendo o calend\u00e1rio e as instru\u00e7\u00f5es para o pleito, foi publicada no Di\u00e1rio de Justi\u00e7a Eletr\u00f4nico do TRE nesta quinta-feira (23\/03\/2017).<\/p>\n<p>Os \u00f3rg\u00e3os partid\u00e1rios poder\u00e3o se reunir em conven\u00e7\u00f5es para escolha dos candidatos entre 29 de mar\u00e7o e 3 de abril. Caso ocupe cargo gerador de inelegibilidade, o candidato escolhido deve afastar-se no prazo de 24 horas ap\u00f3s a conven\u00e7\u00e3o. Os pedidos de registro de candidatura dever\u00e3o ser entregues \u00e0 Justi\u00e7a Eleitoral at\u00e9 o dia 6 de abril. E no dia 7 de abril os candidatos podem iniciar a propaganda eleitoral, regulamentada pela Resolu\u00e7\u00e3o 23.457\/2015, que cuidou das regras relativas \u00e0 propaganda nas Elei\u00e7\u00f5es 2016, e pela Lei 9.504\/1997.<\/p>\n<p>No dia 7 de maio, os mesmos eleitores que votaram em outubro de 2016 voltam \u00e0s urnas para escolher prefeito e vice. A vota\u00e7\u00e3o ser\u00e1 das 8h \u00e0s 17h, com as mesmas mesas receptoras de votos constitu\u00eddas para as elei\u00e7\u00f5es do ano passado. A diploma\u00e7\u00e3o dos candidatos eleitos deve ocorrer at\u00e9 o dia 26 de maio. Guaraciama tem cerca de 4.500 eleitores.<\/p>\n<p>A partir de 6 de abril at\u00e9 a proclama\u00e7\u00e3o dos candidatos eleitos, o cart\u00f3rio da 44\u00aa Zona Eleitoral de Bocaiuva, que abrange o munic\u00edpio de Guaraciama, funcionar\u00e1 das 12h \u00e0s 19h nos dias \u00fateis, e das 13h \u00e0s 19h aos s\u00e1bados, domingos e feriados.<\/p>\n<p>Em Guaraciama, o candidato a prefeito mais votado, Francisco Adevaldo Soares Praes (Coliga\u00e7\u00e3o DEM\/PP\/PMDB\/PRTB\/PMN) teve seu registro indeferido por causa da rejei\u00e7\u00e3o, pelo Tribunal de Contas da Uni\u00e3o, de contas de conv\u00eanio de quando ele foi prefeito em 2001, e tamb\u00e9m em raz\u00e3o de condena\u00e7\u00e3o pelo TJMG por crime previsto na Lei de Licita\u00e7\u00f5es. As inelegibilidades que fundamentaram a decis\u00e3o s\u00e3o previstas no art. 1\u00ba, I, al\u00edneas \u201c\u201de\u201d  e \u201cg\u201d, da Lei Complementar 64\/90.<\/p>\n<p>Enquanto n\u00e3o h\u00e1 candidatos eleitos no novo pleito, o presidente da C\u00e2mara de Vereadores continua respondendo pelo Executivo municipal.<\/p>\n<p><strong>VER PRIMEIRO<\/strong><\/p>\n<p><strong>Receba as not\u00edcias do Aconteceu no Vale em primeira m\u00e3o. Clique em curtir no endere\u00e7o <a href=\"https:\/\/www.facebook.com\/aconteceunovale\" target=\"_blank\"><font color=\"red\">www.facebook.com\/aconteceunovale<\/font><\/a> ou no box abaixo:<\/strong><\/p>\n<div class=\"fb-like\" data-href=\"https:\/\/www.facebook.com\/aconteceunovale\" data-width=\"120\" data-layout=\"standard\" data-action=\"like\" data-size=\"small\" data-show-faces=\"true\" data-share=\"true\"><\/div>\n<p><\/br><\/p>\n<p><em>(Fonte: TRE-MG)<\/em><\/p>\n","protected":false},"excerpt":{"rendered":"<p>O munic\u00edpio de Guaraciama, no norte de Minas Gerais, ter\u00e1 elei\u00e7\u00f5es suplementares (ou extempor\u00e2neas) para prefeito e vice no dia 7 de maio. A Resolu\u00e7\u00e3o n\u00ba 1033\/2017, contendo o calend\u00e1rio e as instru\u00e7\u00f5es para o pleito, foi publicada no Di\u00e1rio de Justi\u00e7a Eletr\u00f4nico do TRE nesta quinta-feira (23\/03\/2017). Os \u00f3rg\u00e3os partid\u00e1rios poder\u00e3o se reunir em [&hellip;]<\/p>\n","protected":false},"author":1,"featured_media":95688,"comment_status":"open","ping_status":"closed","sticky":false,"template":"","format":"standard","meta":{"amp_status":"","footnotes":""},"categories":[1236,40240],"tags":[143417,143412,143414,143415,143413,143416,121544,1694,143411,143410],"class_list":["post-111090","post","type-post","status-publish","format-standard","has-post-thumbnail","hentry","category-norte_de_minas","category-politica-2","tag-44a-zona-eleitoral-de-bocaiuva","tag-eleicao-em-guaraciama","tag-eleicao-extemporanea-em-guaraciama","tag-eleicao-para-prefeito-em-guaraciama","tag-eleicao-suplementar-em-guaraciama","tag-escolha-de-novo-prefeito-em-guaraciama","tag-francisco-adevaldo-soares-praes","tag-guaraciama","tag-nova-eleicao-em-guaraciama","tag-novo-prefeito-de-guaraciama-sera-escolhido-em-maio"],"_links":{"self":[{"href":"https:\/\/aconteceunovale.com.br\/portal\/index.php?rest_route=\/wp\/v2\/posts\/111090","targetHints":{"allow":["GET"]}}],"collection":[{"href":"https:\/\/aconteceunovale.com.br\/portal\/index.php?rest_route=\/wp\/v2\/posts"}],"about":[{"href":"https:\/\/aconteceunovale.com.br\/portal\/index.php?rest_route=\/wp\/v2\/types\/post"}],"author":[{"embeddable":true,"href":"https:\/\/aconteceunovale.com.br\/portal\/index.php?rest_route=\/wp\/v2\/users\/1"}],"replies":[{"embeddable":true,"href":"https:\/\/aconteceunovale.com.br\/portal\/index.php?rest_route=%2Fwp%2Fv2%2Fcomments&post=111090"}],"version-history":[{"count":0,"href":"https:\/\/aconteceunovale.com.br\/portal\/index.php?rest_route=\/wp\/v2\/posts\/111090\/revisions"}],"wp:featuredmedia":[{"embeddable":true,"href":"https:\/\/aconteceunovale.com.br\/portal\/index.php?rest_route=\/wp\/v2\/media\/95688"}],"wp:attachment":[{"href":"https:\/\/aconteceunovale.com.br\/portal\/index.php?rest_route=%2Fwp%2Fv2%2Fmedia&parent=111090"}],"wp:term":[{"taxonomy":"category","embeddable":true,"href":"https:\/\/aconteceunovale.com.br\/portal\/index.php?rest_route=%2Fwp%2Fv2%2Fcategories&post=111090"},{"taxonomy":"post_tag","embeddable":true,"href":"https:\/\/aconteceunovale.com.br\/portal\/index.php?rest_route=%2Fwp%2Fv2%2Ftags&post=111090"}],"curies":[{"name":"wp","href":"https:\/\/api.w.org\/{rel}","templated":true}]}}