{"id":111075,"date":"2017-03-23T11:32:54","date_gmt":"2017-03-23T13:32:54","guid":{"rendered":"http:\/\/aconteceunovale.com.br\/portal\/?p=111075"},"modified":"2017-03-23T11:32:54","modified_gmt":"2017-03-23T13:32:54","slug":"suspeito-de-trafico-e-preso-com-24-passaros-silvestres-em-guaraciama-no-norte-de-minas","status":"publish","type":"post","link":"https:\/\/aconteceunovale.com.br\/portal\/?p=111075","title":{"rendered":"Suspeito de tr\u00e1fico \u00e9 preso com 24 p\u00e1ssaros silvestres em Guaraciama, no Norte de Minas"},"content":{"rendered":"<p>Um homem de 54 anos foi preso, nesta ter\u00e7a-feira (22), em Guaraciama, por criar e comercializar aves silvestres sem licen\u00e7a. A Pol\u00edcia de Meio Ambiente chegou at\u00e9 ele depois de levantamentos realizados pelo setor de intelig\u00eancia. H\u00e1 suspeita \u00e9 que o homem praticava o crime h\u00e1 20 anos. Com ele, foram apreendidos 24 p\u00e1ssaros em situa\u00e7\u00e3o irregular.<\/p>\n<p>De acordo com a Pol\u00edcia Militar, os p\u00e1ssaros estavam em gaiolas em uma casa no Bairro Maristela Figueiredo, em Guaraciama. \u201cO Servi\u00e7o de intelig\u00eancia conseguiu fazer os levantamentos precisos e encontra-lo, em casa, com os animais. As informa\u00e7\u00f5es s\u00e3o de que ele comercializa as aves para Belo Horizonte e regi\u00e3o\u201d, explica o Tenente Magalh\u00e3es.<\/p>\n<p>Os p\u00e1ssaros das esp\u00e9cies pintassilgo, sofr\u00ea, trinca-ferro, cardeal, patativa, bigodinhos, papa-capim, p\u00e1ssaro preto e azul\u00e3o foram entregues no Instituto Estadual de Florestas de Montes Claros; o homem foi conduzido para a delegacia de Bocaiuva.<\/p>\n<p><img decoding=\"async\" src=\"http:\/\/aconteceunovale.com.br\/portal\/wp-content\/uploads\/2017\/03\/passaros_guaraciama.jpg\" alt=\"\" \/><em>PM apreendeu 24 p\u00e1ssaros em situa\u00e7\u00e3o irregular (Foto: Pol\u00edcia Militar\/Divulga\u00e7\u00e3o)<\/em><br \/>\n<\/br><\/p>\n<p><strong>Outras apreens\u00f5es<\/strong><\/p>\n<p>Em uma fazenda na zona rural de Guaraciama, a Pol\u00edcia Militar apreendeu uma espingarda polveira, muni\u00e7\u00e3o e materiais para recarga, al\u00e9m de dois p\u00e1ssaros papa-capim e um periquito da caatinga em gaiolas. No local, ningu\u00e9m foi preso.<\/p>\n<p>Ainda durante a opera\u00e7\u00e3o, na regi\u00e3o de Brejinho, foram apreendidos 19 p\u00e1ssaros da fauna silvestre, mantidos em cativeiro. O respons\u00e1vel pelas aves foi identificado, mas n\u00e3o foi encontrado. Os p\u00e1ssaros s\u00e3o das esp\u00e9cies trinca-ferro, p\u00e1ssaro-preto, pintassilgo, corricho, papa-capim, coleirinho e tico-tico.<\/p>\n<p><strong>Opera\u00e7\u00e3o de Extra\u00e7\u00e3o Mineral<\/strong><\/p>\n<p>Os p\u00e1ssaros foram apreendidos durante uma opera\u00e7\u00e3o contra a extra\u00e7\u00e3o de min\u00e9rio irregular, que est\u00e1 sendo realizada, desde segunda-feira (20), no Norte de Minas. O objetivo \u00e9 combater a extra\u00e7\u00e3o, sem licen\u00e7a, de minerais como areia, quartzito e argila.<\/p>\n<p>Nesta ter\u00e7a-feira (22), em Olhos D&#8217;\u00c1gua, na fazenda Rocinha, ap\u00f3s den\u00fancia an\u00f4nima, foram apreendidos um saco de nylon com 34 espolet\u00f5es e 150 metros de cordel detonante. Segundo a pol\u00edcia, os materiais s\u00e3o usados em detona\u00e7\u00e3o de emuls\u00e3o explosiva. Ningu\u00e9m foi preso.<\/p>\n<p><strong>VER PRIMEIRO<\/strong><\/p>\n<p><strong>Receba as not\u00edcias do Aconteceu no Vale em primeira m\u00e3o. Clique em curtir no endere\u00e7o <a href=\"https:\/\/www.facebook.com\/aconteceunovale\" target=\"_blank\"><font color=\"red\">www.facebook.com\/aconteceunovale<\/font><\/a> ou no box abaixo:<\/strong><\/p>\n<div class=\"fb-like\" data-href=\"https:\/\/www.facebook.com\/aconteceunovale\" data-width=\"120\" data-layout=\"standard\" data-action=\"like\" data-size=\"small\" data-show-faces=\"true\" data-share=\"true\"><\/div>\n<p><\/br><\/p>\n<p><em>(Fonte: G1 Grande Minas)<\/em><\/p>\n","protected":false},"excerpt":{"rendered":"<p>Um homem de 54 anos foi preso, nesta ter\u00e7a-feira (22), em Guaraciama, por criar e comercializar aves silvestres sem licen\u00e7a. A Pol\u00edcia de Meio Ambiente chegou at\u00e9 ele depois de levantamentos realizados pelo setor de intelig\u00eancia. H\u00e1 suspeita \u00e9 que o homem praticava o crime h\u00e1 20 anos. Com ele, foram apreendidos 24 p\u00e1ssaros em [&hellip;]<\/p>\n","protected":false},"author":1,"featured_media":111076,"comment_status":"open","ping_status":"closed","sticky":false,"template":"","format":"standard","meta":{"amp_status":"","footnotes":""},"categories":[1236],"tags":[143377,79334,143382,645,143380,1694,210,143383,79338,143379,143381,79336,143376,935,421,852,79340,143384,143378,79326],"class_list":["post-111075","post","type-post","status-publish","format-standard","has-post-thumbnail","hentry","category-norte_de_minas","tag-apreensao-de-passaros-em-guaraciama","tag-azulao","tag-bigodinhos","tag-bocaiuva","tag-cardeal","tag-guaraciama","tag-montes-claros","tag-papa-capim","tag-passaro-preto","tag-passaros-apreendidos-em-guaraciama","tag-patativa","tag-pintassilgo","tag-preso-em-guaraciama","tag-rio-pardo","tag-rio-pardo-de-minas","tag-rubelita","tag-sofre","tag-suspeito-de-trafico-e-preso-com-24-passaros-silvestres-em-guaraciama","tag-trafico-de-passaros-em-guaraciama","tag-trinca-ferro"],"_links":{"self":[{"href":"https:\/\/aconteceunovale.com.br\/portal\/index.php?rest_route=\/wp\/v2\/posts\/111075","targetHints":{"allow":["GET"]}}],"collection":[{"href":"https:\/\/aconteceunovale.com.br\/portal\/index.php?rest_route=\/wp\/v2\/posts"}],"about":[{"href":"https:\/\/aconteceunovale.com.br\/portal\/index.php?rest_route=\/wp\/v2\/types\/post"}],"author":[{"embeddable":true,"href":"https:\/\/aconteceunovale.com.br\/portal\/index.php?rest_route=\/wp\/v2\/users\/1"}],"replies":[{"embeddable":true,"href":"https:\/\/aconteceunovale.com.br\/portal\/index.php?rest_route=%2Fwp%2Fv2%2Fcomments&post=111075"}],"version-history":[{"count":0,"href":"https:\/\/aconteceunovale.com.br\/portal\/index.php?rest_route=\/wp\/v2\/posts\/111075\/revisions"}],"wp:featuredmedia":[{"embeddable":true,"href":"https:\/\/aconteceunovale.com.br\/portal\/index.php?rest_route=\/wp\/v2\/media\/111076"}],"wp:attachment":[{"href":"https:\/\/aconteceunovale.com.br\/portal\/index.php?rest_route=%2Fwp%2Fv2%2Fmedia&parent=111075"}],"wp:term":[{"taxonomy":"category","embeddable":true,"href":"https:\/\/aconteceunovale.com.br\/portal\/index.php?rest_route=%2Fwp%2Fv2%2Fcategories&post=111075"},{"taxonomy":"post_tag","embeddable":true,"href":"https:\/\/aconteceunovale.com.br\/portal\/index.php?rest_route=%2Fwp%2Fv2%2Ftags&post=111075"}],"curies":[{"name":"wp","href":"https:\/\/api.w.org\/{rel}","templated":true}]}}