{"id":111022,"date":"2017-03-22T16:12:13","date_gmt":"2017-03-22T18:12:13","guid":{"rendered":"http:\/\/aconteceunovale.com.br\/portal\/?p=111022"},"modified":"2017-03-22T16:12:13","modified_gmt":"2017-03-22T18:12:13","slug":"escassez-de-agua-deve-afetar-660-milhoes-de-criancas-ate-2040-diz-unicef","status":"publish","type":"post","link":"https:\/\/aconteceunovale.com.br\/portal\/?p=111022","title":{"rendered":"Escassez de \u00e1gua deve afetar 660 milh\u00f5es de crian\u00e7as at\u00e9 2040, diz Unicef"},"content":{"rendered":"<p>O Fundo das Na\u00e7\u00f5es Unidas para a Inf\u00e2ncia, Unicef, alertou hoje (22) que 660 milh\u00f5es de crian\u00e7as v\u00e3o viver em regi\u00f5es com escassez de \u00e1gua at\u00e9 2040. O relat\u00f3rio &#8220;Sede do Futuro: \u00c1gua e Crian\u00e7as num Clima em Mudan\u00e7a&#8221; foi lan\u00e7ado esta quarta-feira para marcar o Dia Mundial da \u00c1gua, este 22 de mar\u00e7o.<\/p>\n<p>O documento analisa as amea\u00e7as \u00e0 vida e ao bem-estar das crian\u00e7as causadas pelo esgotamento das fontes de \u00e1gua pot\u00e1vel e a forma como as mudan\u00e7as clim\u00e1ticas v\u00e3o intensificar esses riscos no futuro. O relat\u00f3rio afirma ainda que atualmente mais de 660 milh\u00f5es de pessoas no mundo n\u00e3o t\u00eam acesso a recursos h\u00eddricos adequados e quase 1 milh\u00e3o fazem suas necessidades a c\u00e9u aberto.<\/p>\n<p>Mais de 800 crian\u00e7as com menos de cinco anos morrem diariamente de diarreia porque n\u00e3o t\u00eam acesso \u00e0 \u00e1gua pot\u00e1vel, saneamento b\u00e1sico e condi\u00e7\u00f5es adequadas de higiene. Segundo os especialistas do Unicef, mulheres e meninas gastam 200 milh\u00f5es de horas carregando baldes de \u00e1gua todos os dias no mundo inteiro.<\/p>\n<p><strong>Impactos<\/strong><\/p>\n<p>O relat\u00f3rio diz ainda que o impacto das mudan\u00e7as clim\u00e1ticas pode ser evitado e faz uma s\u00e9rie de recomenda\u00e7\u00f5es. Entre elas, pede que os governos planejem as altera\u00e7\u00f5es na disponibilidade e demanda de \u00e1gua pelos pr\u00f3ximos anos.<\/p>\n<p>\u00c9 preciso, acima de tudo, diz o documento, dar prioridade ao acesso de crian\u00e7as consideradas mais vulner\u00e1veis \u00e0 \u00e1gua pot\u00e1vel. As amea\u00e7as clim\u00e1ticas devem ser integradas em todas as pol\u00edticas de servi\u00e7os relacionados com \u00e1gua e saneamento.<\/p>\n<p>Para o Unicef, os investimentos devem ter como prioridade as popula\u00e7\u00f5es de alto risco. As ind\u00fastrias t\u00eam de trabalhar com as comunidades locais para prevenir contamina\u00e7\u00e3o e as comunidades devem explorar maneiras de diversificar as fontes de \u00e1gua e aumentar a capacidade de armazenamento.<\/p>\n<p><img decoding=\"async\" src=\"http:\/\/aconteceunovale.com.br\/portal\/wp-content\/uploads\/2017\/03\/seca_mundo.jpg\" alt=\"\" \/><em>Escassez de \u00e1gua deve afetar 660 mi de crian\u00e7as at\u00e9 2040 (Fernando Frazao\/Ag\u00eancia Brasil)<\/em><br \/>\n<\/br><\/p>\n<p><strong>VER PRIMEIRO<\/strong><\/p>\n<p><strong>Receba as not\u00edcias do Aconteceu no Vale em primeira m\u00e3o. Clique em curtir no endere\u00e7o <a href=\"https:\/\/www.facebook.com\/aconteceunovale\" target=\"_blank\"><font color=\"red\">www.facebook.com\/aconteceunovale<\/font><\/a> ou no box abaixo:<\/strong><\/p>\n<div class=\"fb-like\" data-href=\"https:\/\/www.facebook.com\/aconteceunovale\" data-width=\"120\" data-layout=\"standard\" data-action=\"like\" data-size=\"small\" data-show-faces=\"true\" data-share=\"true\"><\/div>\n<p><\/br><\/p>\n<p><em>(As informa\u00e7\u00f5es s\u00e3o da ONU News)<\/em><\/p>\n","protected":false},"excerpt":{"rendered":"<p>O Fundo das Na\u00e7\u00f5es Unidas para a Inf\u00e2ncia, Unicef, alertou hoje (22) que 660 milh\u00f5es de crian\u00e7as v\u00e3o viver em regi\u00f5es com escassez de \u00e1gua at\u00e9 2040. O relat\u00f3rio &#8220;Sede do Futuro: \u00c1gua e Crian\u00e7as num Clima em Mudan\u00e7a&#8221; foi lan\u00e7ado esta quarta-feira para marcar o Dia Mundial da \u00c1gua, este 22 de mar\u00e7o. O [&hellip;]<\/p>\n","protected":false},"author":1,"featured_media":111023,"comment_status":"open","ping_status":"closed","sticky":false,"template":"","format":"standard","meta":{"amp_status":"","footnotes":""},"categories":[28848],"tags":[143290,21230,38494,101748,42972,143292,133131,6128,24300,143291,431],"class_list":["post-111022","post","type-post","status-publish","format-standard","has-post-thumbnail","hentry","category-mundo","tag-660-milhoes-de-criancas-vao-viver-em-regioes-com-escassez-de-agua-ate-2040","tag-criancas","tag-dia-mundial-da-agua","tag-diz-unicef","tag-escassez-de-agua","tag-escassez-de-agua-deve-afetar-660-milhoes-de-criancas-ate-2040","tag-fundo-das-nacoes-unidas-para-a-infancia","tag-mudancas-climaticas","tag-onu","tag-sede-do-futuro-agua-e-criancas-num-clima-em-mudanca","tag-unicef"],"_links":{"self":[{"href":"https:\/\/aconteceunovale.com.br\/portal\/index.php?rest_route=\/wp\/v2\/posts\/111022","targetHints":{"allow":["GET"]}}],"collection":[{"href":"https:\/\/aconteceunovale.com.br\/portal\/index.php?rest_route=\/wp\/v2\/posts"}],"about":[{"href":"https:\/\/aconteceunovale.com.br\/portal\/index.php?rest_route=\/wp\/v2\/types\/post"}],"author":[{"embeddable":true,"href":"https:\/\/aconteceunovale.com.br\/portal\/index.php?rest_route=\/wp\/v2\/users\/1"}],"replies":[{"embeddable":true,"href":"https:\/\/aconteceunovale.com.br\/portal\/index.php?rest_route=%2Fwp%2Fv2%2Fcomments&post=111022"}],"version-history":[{"count":0,"href":"https:\/\/aconteceunovale.com.br\/portal\/index.php?rest_route=\/wp\/v2\/posts\/111022\/revisions"}],"wp:featuredmedia":[{"embeddable":true,"href":"https:\/\/aconteceunovale.com.br\/portal\/index.php?rest_route=\/wp\/v2\/media\/111023"}],"wp:attachment":[{"href":"https:\/\/aconteceunovale.com.br\/portal\/index.php?rest_route=%2Fwp%2Fv2%2Fmedia&parent=111022"}],"wp:term":[{"taxonomy":"category","embeddable":true,"href":"https:\/\/aconteceunovale.com.br\/portal\/index.php?rest_route=%2Fwp%2Fv2%2Fcategories&post=111022"},{"taxonomy":"post_tag","embeddable":true,"href":"https:\/\/aconteceunovale.com.br\/portal\/index.php?rest_route=%2Fwp%2Fv2%2Ftags&post=111022"}],"curies":[{"name":"wp","href":"https:\/\/api.w.org\/{rel}","templated":true}]}}