{"id":111019,"date":"2017-03-22T16:06:37","date_gmt":"2017-03-22T18:06:37","guid":{"rendered":"http:\/\/aconteceunovale.com.br\/portal\/?p=111019"},"modified":"2017-03-22T16:06:37","modified_gmt":"2017-03-22T18:06:37","slug":"cpi-da-previdencia-e-criada-com-assinatura-de-61-senadores","status":"publish","type":"post","link":"https:\/\/aconteceunovale.com.br\/portal\/?p=111019","title":{"rendered":"CPI da Previd\u00eancia \u00e9 criada com assinatura de 61 senadores"},"content":{"rendered":"<p>A Comiss\u00e3o Parlamentar de Inqu\u00e9rito (CPI) da Previd\u00eancia foi criada com assinaturas v\u00e1lidas de 61 parlamentares, informou a Secretaria-Geral da Mesa Diretora do Senado. O requerimento para cria\u00e7\u00e3o da CPI foi protocolado ontem (21) \u00e0 tarde pelo senador Paulo Paim (PT-RS) e lido \u00e0 noite no plen\u00e1rio da Casa.<\/p>\n<p>O Senado tem 81 parlamentarese, para instalar, uma CPI \u00e9 necess\u00e1rio o m\u00ednimo de 27 assinaturas. O requerimento foi lido em plen\u00e1rio com 58 assinaturas e teve mais ades\u00f5es at\u00e9 a meia-noite de ontem, prazo final para inclus\u00e3o e retirada de nomes.<\/p>\n<p>Lido no plen\u00e1rio pelo vice-presidente da Casa, C\u00e1ssio Cunha Lima (PSDB-PB), o requerimento diz que a comiss\u00e3o vai \u201cinvestigar a contabilidade da Previd\u00eancia Social, esclarecendo com precis\u00e3o as receitas e despesas do sistema, bem como todos os desvios de recursos, sejam anistias, desonera\u00e7\u00f5es, desvincula\u00e7\u00f5es, sonega\u00e7\u00e3o ou qualquer outro meio que propicie a retirada de fontes da Previd\u00eancia, focando n\u00e3o somente nos valores, mas tamb\u00e9m nos benefici\u00e1rios desses desvios\u201d.<\/p>\n<p>Ao protocolar o pedido de cria\u00e7\u00e3o da CPI da Previd\u00eancia, Paim disse que o \u00e9 analisar os n\u00fameros do setor, identificar casos de fraudes e sonega\u00e7\u00f5es e rebater a tese de que o setor \u00e9 deficit\u00e1rio.<\/p>\n<p>Para a instala\u00e7\u00e3o da comiss\u00e3o e o in\u00edcio dos trabalhos, os l\u00edderes partid\u00e1rios devem indicar os parlamentares que v\u00e3o integr\u00e1-la. Ser\u00e3o sete titulares e cinco suplentes. O prazo para a conclus\u00e3o dos trabalhos \u00e9 de 120 dias, prorrog\u00e1vel por mais 60 dias, caso haja aprova\u00e7\u00e3o no plen\u00e1rio do Senado. Ao final, a comiss\u00e3o envia \u00e0 mesa, para conhecimento do plen\u00e1rio, relat\u00f3rio e conclus\u00f5es.<\/p>\n<p>Atualmente, a C\u00e2mara dos Deputados discute, em comiss\u00e3o especial, a Proposta de Emenda \u00e0 Constitui\u00e7\u00e3o (PEC) 287, que trata da reforma da Previd\u00eancia e faz altera\u00e7\u00f5es na idade para aposentadoria e no prazo de contribui\u00e7\u00e3o.<\/p>\n<p><img decoding=\"async\" src=\"http:\/\/aconteceunovale.com.br\/portal\/wp-content\/uploads\/2017\/03\/cpi_previdencia.jpg\" alt=\"\" \/><em>Paim protocola requerimento de abertura da CPI (Fabio Rodrigues Pozzebom\/Ag\u00eancia Brasil)<\/em><br \/>\n<\/br><\/p>\n<p><strong>VER PRIMEIRO<\/strong><\/p>\n<p><strong>Receba as not\u00edcias do Aconteceu no Vale em primeira m\u00e3o. Clique em curtir no endere\u00e7o <a href=\"https:\/\/www.facebook.com\/aconteceunovale\" target=\"_blank\"><font color=\"red\">www.facebook.com\/aconteceunovale<\/font><\/a> ou no box abaixo:<\/strong><\/p>\n<div class=\"fb-like\" data-href=\"https:\/\/www.facebook.com\/aconteceunovale\" data-width=\"120\" data-layout=\"standard\" data-action=\"like\" data-size=\"small\" data-show-faces=\"true\" data-share=\"true\"><\/div>\n<p><\/br><\/p>\n<p><em>(Fonte: Ag\u00eancia Brasil)<\/em><\/p>\n","protected":false},"excerpt":{"rendered":"<p>A Comiss\u00e3o Parlamentar de Inqu\u00e9rito (CPI) da Previd\u00eancia foi criada com assinaturas v\u00e1lidas de 61 parlamentares, informou a Secretaria-Geral da Mesa Diretora do Senado. O requerimento para cria\u00e7\u00e3o da CPI foi protocolado ontem (21) \u00e0 tarde pelo senador Paulo Paim (PT-RS) e lido \u00e0 noite no plen\u00e1rio da Casa. O Senado tem 81 parlamentarese, para [&hellip;]<\/p>\n","protected":false},"author":1,"featured_media":111020,"comment_status":"open","ping_status":"closed","sticky":false,"template":"","format":"standard","meta":{"amp_status":"","footnotes":""},"categories":[6,40240],"tags":[37306,143287,143284,143283,143285,143288,143289,143286,129306,110209],"class_list":["post-111019","post","type-post","status-publish","format-standard","has-post-thumbnail","hentry","category-br","category-politica-2","tag-cassio-cunha-lima","tag-contabilidade-da-previdencia-social","tag-cpi-da-previdencia","tag-cpi-da-previdencia-e-criada-com-assinatura-de-61-senadores","tag-criacao-da-cpi-da-previdencia","tag-investigacao-previdencia-social","tag-numeros-previdencia-social","tag-paulo-paim","tag-pec-287","tag-reforma-da-previdencia"],"_links":{"self":[{"href":"https:\/\/aconteceunovale.com.br\/portal\/index.php?rest_route=\/wp\/v2\/posts\/111019","targetHints":{"allow":["GET"]}}],"collection":[{"href":"https:\/\/aconteceunovale.com.br\/portal\/index.php?rest_route=\/wp\/v2\/posts"}],"about":[{"href":"https:\/\/aconteceunovale.com.br\/portal\/index.php?rest_route=\/wp\/v2\/types\/post"}],"author":[{"embeddable":true,"href":"https:\/\/aconteceunovale.com.br\/portal\/index.php?rest_route=\/wp\/v2\/users\/1"}],"replies":[{"embeddable":true,"href":"https:\/\/aconteceunovale.com.br\/portal\/index.php?rest_route=%2Fwp%2Fv2%2Fcomments&post=111019"}],"version-history":[{"count":0,"href":"https:\/\/aconteceunovale.com.br\/portal\/index.php?rest_route=\/wp\/v2\/posts\/111019\/revisions"}],"wp:featuredmedia":[{"embeddable":true,"href":"https:\/\/aconteceunovale.com.br\/portal\/index.php?rest_route=\/wp\/v2\/media\/111020"}],"wp:attachment":[{"href":"https:\/\/aconteceunovale.com.br\/portal\/index.php?rest_route=%2Fwp%2Fv2%2Fmedia&parent=111019"}],"wp:term":[{"taxonomy":"category","embeddable":true,"href":"https:\/\/aconteceunovale.com.br\/portal\/index.php?rest_route=%2Fwp%2Fv2%2Fcategories&post=111019"},{"taxonomy":"post_tag","embeddable":true,"href":"https:\/\/aconteceunovale.com.br\/portal\/index.php?rest_route=%2Fwp%2Fv2%2Ftags&post=111019"}],"curies":[{"name":"wp","href":"https:\/\/api.w.org\/{rel}","templated":true}]}}