{"id":111013,"date":"2017-03-22T15:52:46","date_gmt":"2017-03-22T17:52:46","guid":{"rendered":"http:\/\/aconteceunovale.com.br\/portal\/?p=111013"},"modified":"2017-03-22T15:52:46","modified_gmt":"2017-03-22T17:52:46","slug":"minas-gerais-volta-a-registrar-saldo-positivo-de-vagas-de-emprego","status":"publish","type":"post","link":"https:\/\/aconteceunovale.com.br\/portal\/?p=111013","title":{"rendered":"Minas Gerais volta a registrar saldo positivo de vagas de emprego"},"content":{"rendered":"<p>O Estado de Minas Gerais voltou a ter saldo positivo na gera\u00e7\u00e3o de postos de trabalho no m\u00eas passado, totalizando 9.025 vagas. Para se ter uma ideia, no mesmo per\u00edodo de 2016, o saldo entre admiss\u00f5es e demiss\u00f5es estava negativo em 3.309 ocupa\u00e7\u00f5es no Estado.<\/p>\n<p>Os dados s\u00e3o do Cadastro Geral de Empregados e Desempregados (Caged). No pa\u00eds, o n\u00famero de postos de trabalho em fevereiro foi de 35.612. Em janeiro deste ano, o saldo do Caged em Minas ficou negativo em 185 vagas, ao contr\u00e1rio do mesmo per\u00edodo do ano passado, quando havia uma retra\u00e7\u00e3o de -16.418 postos de trabalho.<\/p>\n<p>De acordo com o Painel de Monitoramento do Sistema Nacional de Emprego (Sine) da Secretaria de Estado do Trabalho e Desenvolvimento Social (Sedese), que mostra o desempenho de sete servi\u00e7os disponibilizados pelas 134 unidades do Sine no estado, em fevereiro deste ano houve a coloca\u00e7\u00e3o no mercado de trabalho de 2.330 trabalhadores, bem acima dos 1.594 inseridos nas vagas disponibilizadas pelas empresas em igual m\u00eas de 2016.<\/p>\n<p>Segundo o diretor de Desenvolvimento de Pol\u00edticas para Inclus\u00e3o ao Emprego da Sedese, Emanuel Camilo de Oliveira Marra, o desemprego continua muito elevado, superando 12 mil desocupa\u00e7\u00f5es no pa\u00eds, o pior desempenho desde 2012.<\/p>\n<p>\u201cEm 2016, foi o ano mais cr\u00edtico da crise. O que houve foi um arrefecimento no desemprego. Tivemos uma menor degrada\u00e7\u00e3o do mercado de trabalho\u201d, avaliou.                 <\/p>\n<p>Ainda de acordo com o Painel de Monitoramento, o n\u00famero de atendimentos nas unidades do Sine chegou a 167 mil no m\u00eas passado, 16.893 a mais em igual m\u00eas do ano anterior.<\/p>\n<p><img decoding=\"async\" src=\"http:\/\/aconteceunovale.com.br\/portal\/wp-content\/uploads\/2017\/03\/emprego_mg.jpg\" alt=\"\" \/><em>Dados do Caged mostram que o estado registrou 9.025 vagas (Foto: Carlos Alberto\/Imprensa MG)<\/em><br \/>\n<\/br><\/p>\n<p><strong>VER PRIMEIRO<\/strong><\/p>\n<p><strong>Receba as not\u00edcias do Aconteceu no Vale em primeira m\u00e3o. Clique em curtir no endere\u00e7o <a href=\"https:\/\/www.facebook.com\/aconteceunovale\" target=\"_blank\"><font color=\"red\">www.facebook.com\/aconteceunovale<\/font><\/a> ou no box abaixo:<\/strong><\/p>\n<div class=\"fb-like\" data-href=\"https:\/\/www.facebook.com\/aconteceunovale\" data-width=\"120\" data-layout=\"standard\" data-action=\"like\" data-size=\"small\" data-show-faces=\"true\" data-share=\"true\"><\/div>\n<p><\/br><\/p>\n<p><em>(Fonte: Ag\u00eancia Minas)<\/em><\/p>\n","protected":false},"excerpt":{"rendered":"<p>O Estado de Minas Gerais voltou a ter saldo positivo na gera\u00e7\u00e3o de postos de trabalho no m\u00eas passado, totalizando 9.025 vagas. Para se ter uma ideia, no mesmo per\u00edodo de 2016, o saldo entre admiss\u00f5es e demiss\u00f5es estava negativo em 3.309 ocupa\u00e7\u00f5es no Estado. Os dados s\u00e3o do Cadastro Geral de Empregados e Desempregados [&hellip;]<\/p>\n","protected":false},"author":1,"featured_media":111014,"comment_status":"open","ping_status":"closed","sticky":false,"template":"","format":"standard","meta":{"amp_status":"","footnotes":""},"categories":[40236,123],"tags":[56051,19007,143276,143275,143278,143279,143270,143274,143271,143269,143272,143273,143277,27579,49527,34949,72125,72124],"class_list":["post-111013","post","type-post","status-publish","format-standard","has-post-thumbnail","hentry","category-empregos-2","category-gerais","tag-cadastro-geral-de-empregados-e-desempregados","tag-caged","tag-caged-em-minas","tag-caged-minas-gerais","tag-diretor-de-desenvolvimento-de-politicas-para-inclusao-ao-emprego-da-sedese","tag-emanuel-camilo-de-oliveira-marra","tag-emprego-em-minas-gerais","tag-estado-de-minas-gerais-voltou-a-ter-saldo-positivo-na-geracao-de-postos-de-trabalho-no-mes-passado","tag-geracao-de-emprego-em-minas-gerais","tag-minas-gerais-volta-a-registrar-saldo-positivo-de-vagas-de-emprego","tag-oportunidades-de-trabalho-em-minas-gerais","tag-saldo-positivo-de-vagas-de-emprego-em-minas-gerais","tag-secretaria-de-estado-do-trabalho-e-desenvolvimento-social","tag-sedese","tag-sine","tag-sistema-nacional-de-emprego","tag-trabalho-em-minas-gerais","tag-vagas-de-emprego-em-minas-gerais"],"_links":{"self":[{"href":"https:\/\/aconteceunovale.com.br\/portal\/index.php?rest_route=\/wp\/v2\/posts\/111013","targetHints":{"allow":["GET"]}}],"collection":[{"href":"https:\/\/aconteceunovale.com.br\/portal\/index.php?rest_route=\/wp\/v2\/posts"}],"about":[{"href":"https:\/\/aconteceunovale.com.br\/portal\/index.php?rest_route=\/wp\/v2\/types\/post"}],"author":[{"embeddable":true,"href":"https:\/\/aconteceunovale.com.br\/portal\/index.php?rest_route=\/wp\/v2\/users\/1"}],"replies":[{"embeddable":true,"href":"https:\/\/aconteceunovale.com.br\/portal\/index.php?rest_route=%2Fwp%2Fv2%2Fcomments&post=111013"}],"version-history":[{"count":0,"href":"https:\/\/aconteceunovale.com.br\/portal\/index.php?rest_route=\/wp\/v2\/posts\/111013\/revisions"}],"wp:featuredmedia":[{"embeddable":true,"href":"https:\/\/aconteceunovale.com.br\/portal\/index.php?rest_route=\/wp\/v2\/media\/111014"}],"wp:attachment":[{"href":"https:\/\/aconteceunovale.com.br\/portal\/index.php?rest_route=%2Fwp%2Fv2%2Fmedia&parent=111013"}],"wp:term":[{"taxonomy":"category","embeddable":true,"href":"https:\/\/aconteceunovale.com.br\/portal\/index.php?rest_route=%2Fwp%2Fv2%2Fcategories&post=111013"},{"taxonomy":"post_tag","embeddable":true,"href":"https:\/\/aconteceunovale.com.br\/portal\/index.php?rest_route=%2Fwp%2Fv2%2Ftags&post=111013"}],"curies":[{"name":"wp","href":"https:\/\/api.w.org\/{rel}","templated":true}]}}