{"id":110986,"date":"2017-03-21T23:29:21","date_gmt":"2017-03-22T01:29:21","guid":{"rendered":"http:\/\/aconteceunovale.com.br\/portal\/?p=110986"},"modified":"2017-03-21T23:29:21","modified_gmt":"2017-03-22T01:29:21","slug":"irregularidades-identificadas-na-operacao-carne-fraca-sao-pontuais-diz-pf","status":"publish","type":"post","link":"https:\/\/aconteceunovale.com.br\/portal\/?p=110986","title":{"rendered":"Irregularidades identificadas na \u201cOpera\u00e7\u00e3o Carne Fraca\u201d s\u00e3o pontuais, diz PF"},"content":{"rendered":"<p>Ap\u00f3s deflagrar a\u00a0Opera\u00e7\u00e3o Carne Fraca, na \u00faltima sexta-feira (17), que bloqueou R$ 1 bilh\u00e3o de empresas suspeitas de \u201cmaquiar\u201d carnes vencidas e as reembalarem para venda, a Pol\u00edcia Federal reconheceu hoje (21) que as investiga\u00e7\u00f5es tratam de desvios praticados por \u201calguns servidores\u201d. De acordo com a corpora\u00e7\u00e3o, a apura\u00e7\u00e3o das irregularidades \u201cn\u00e3o representam um mau funcionamento generalizado do sistema de integridade sanit\u00e1ria brasileiro\u201d.<\/p>\n<p>As declara\u00e7\u00f5es foram divulgadas nesta noite pela PF e pelo Minist\u00e9rio da Agricultura, Pecu\u00e1ria e Abastecimento (Mapa), ap\u00f3s encontro do secret\u00e1rio-executivo da pasta, Eumar Roberto Novacki, com o diretor-geral da corpora\u00e7\u00e3o, Leandro Daiello. O foco da opera\u00e7\u00e3o, segundo os \u00f3rg\u00e3os, \u00e9 a eventual pr\u00e1tica de crimes de corrup\u00e7\u00e3o por agendes p\u00fablicos.<\/p>\n<p>\u201cO sistema de inspe\u00e7\u00e3o federal brasileiro j\u00e1 foi auditado por v\u00e1rios pa\u00edses que atestaram sua qualidade. O SIF [Servi\u00e7o de Inspe\u00e7\u00e3o Federal] garante produtos de qualidade ao consumidor brasileiro\u201d, afirmaram a PF e o minist\u00e9rio em nota conjunta.<\/p>\n<p>Ao dar detalhes das investiga\u00e7\u00f5es, na \u00faltima sexta-feira, a PF informou que essa \u00e9, em n\u00fameros, a maior opera\u00e7\u00e3o j\u00e1 realizada no pa\u00eds. Cerca de 1.100 agentes federais cumpriram 309 mandados judiciais em sete estados, para buscas e pris\u00f5es tempor\u00e1rias de suspeitos de fazer parte do esquema. Segundo a investiga\u00e7\u00e3o, frigor\u00edficos envolvidos \u201cmaquiavam\u201d carnes vencidas com \u00e1cido asc\u00f3rbico e subornavam fiscais federais para que eles autorizassem a comercializa\u00e7\u00e3o de produtos j\u00e1 impr\u00f3prios para consumo.<\/p>\n<p><strong>Repercuss\u00e3o negativa<\/strong><\/p>\n<p>Desde a deflagra\u00e7\u00e3o da Carne Fraca, o governo federal reagiu argumentando que as fraudes representam um \u201cfato isolado\u201d e que a inspe\u00e7\u00e3o brasileira \u00e9 \u201cforte, robusta e s\u00e9ria\u201d. Em um gesto para mostrar que n\u00e3o h\u00e1 preocupa\u00e7\u00f5es generalizadas, o presidente Michel Temer se reuniu com embaixadores estrangeiros em uma churrascaria, no \u00faltimo domingo (19), ap\u00f3s apresentar n\u00fameros de que a opera\u00e7\u00e3o atingiu apenas 33 dos 11 mil funcion\u00e1rios do Minist\u00e9rio da Agricultura.<\/p>\n<p>Na tarde desta ter\u00e7a-feira (21), a Associa\u00e7\u00e3o Nacional dos Peritos Criminais Federais (APCF) tamb\u00e9m fez cr\u00edticas \u00e0 opera\u00e7\u00e3o. De acordo com a entidade, as afirma\u00e7\u00f5es sobre \u201cdano agudo \u00e0 sa\u00fade p\u00fablica\u201d que vieram \u00e0 tona nos \u00faltimos dias \u201cn\u00e3o se encontram lastreadas pelo trabalho cient\u00edfico\u201d dos peritos da corpora\u00e7\u00e3o.<\/p>\n<p>\u201cA atua\u00e7\u00e3o adequada dos peritos criminais federais nas demais etapas do procedimento investigat\u00f3rio, e n\u00e3o apenas no seu in\u00edcio e na sua deflagra\u00e7\u00e3o, teria propiciado a correta interpreta\u00e7\u00e3o dos dados t\u00e9cnicos em apura\u00e7\u00e3o, assim como a defini\u00e7\u00e3o dos procedimentos t\u00e9cnico-cient\u00edficos necess\u00e1rios para a materializa\u00e7\u00e3o de crimes de fraude alimentar eventualmente cometidos pelas ind\u00fastrias sob suspei\u00e7\u00e3o. Al\u00e9m disso, sem sombra de d\u00favida, teria poupado o pa\u00eds de t\u00e3o graves preju\u00edzos comerciais e econ\u00f4micos\u201d, disse a APCF.<\/p>\n<p><strong>VER PRIMEIRO<\/strong><\/p>\n<p><strong>Receba as not\u00edcias do Aconteceu no Vale em primeira m\u00e3o. Clique em curtir no endere\u00e7o <a href=\"https:\/\/www.facebook.com\/aconteceunovale\" target=\"_blank\"><font color=\"red\">www.facebook.com\/aconteceunovale<\/font><\/a> ou no box abaixo:<\/strong><\/p>\n<div class=\"fb-like\" data-href=\"https:\/\/www.facebook.com\/aconteceunovale\" data-width=\"120\" data-layout=\"standard\" data-action=\"like\" data-size=\"small\" data-show-faces=\"true\" data-share=\"true\"><\/div>\n<p><\/br><\/p>\n<p><em>(Fonte: Ag\u00eancia Brasil)<\/em><\/p>\n","protected":false},"excerpt":{"rendered":"<p>Ap\u00f3s deflagrar a\u00a0Opera\u00e7\u00e3o Carne Fraca, na \u00faltima sexta-feira (17), que bloqueou R$ 1 bilh\u00e3o de empresas suspeitas de \u201cmaquiar\u201d carnes vencidas e as reembalarem para venda, a Pol\u00edcia Federal reconheceu hoje (21) que as investiga\u00e7\u00f5es tratam de desvios praticados por \u201calguns servidores\u201d. De acordo com a corpora\u00e7\u00e3o, a apura\u00e7\u00e3o das irregularidades \u201cn\u00e3o representam um mau [&hellip;]<\/p>\n","protected":false},"author":1,"featured_media":106843,"comment_status":"open","ping_status":"closed","sticky":false,"template":"","format":"standard","meta":{"amp_status":"","footnotes":""},"categories":[6],"tags":[142678,142746,22104,142841,93870,105963,142612,142681,142745,142960,142963,143099,143098,1018,57287,142672,142964,142679,102502,142619,142673,142620,142616,143240,102497,142611,23235,142781,142782,142783,142784,15948,20181,91974,143097,142617,142609,142680,142618,142615,1659,20966,142608,772,142610,142613,15166,142614,142961,142962,142747,142748,27315,142780,142677],"class_list":["post-110986","post","type-post","status-publish","format-standard","has-post-thumbnail","hentry","category-br","tag-aeb","tag-ariane-do-nascimento","tag-banco-central","tag-banco-central-bloqueia-r-2-milhoes-de-46-investigados-na-carne-fraca","tag-blairo-maggi","tag-bloqueio","tag-brf-brasil","tag-carne-fraca-ministerio-afasta-33-servidores-suspeitos-de-envolvimento","tag-carne-maquiada-pode-levar-a-morte","tag-churrascaria-em-que-michel-temer-levou-embaixadores-serve-carne-importada","tag-churrascaria-em-que-temer-levou-embaixadores","tag-confira-a-lista-dos-21-frigorificos-brasileiros-impedidos-de-exportar","tag-confira-a-lista-dos-21-frigorificos-impedidos-de-exportar","tag-destaque","tag-diz-entidade","tag-empresas-maquiavam-carne-vencida-e-subornavam-fiscais-de-ministerio","tag-escandalo-da-carne","tag-exportacao-de-carnes","tag-friboi","tag-frigorifico-larissa","tag-frigorificos","tag-frigorificos-alvos-de-operacao-da-pf-vendiam-carne-vencida-no-brasil-e-no-exterior","tag-idair-antonio-piccin","tag-irregularidades-identificadas-na-operacao-carne-fraca-sao-pontuais","tag-jbs","tag-mandados-operacao-carne-fraca","tag-mapa","tag-marcas-investigadas-na-operacao-carne-fraca","tag-marcas-que-vendem-carne-adulterada","tag-marcas-que-vendem-carne-podre","tag-marcas-que-vendem-papelao","tag-maua","tag-michel-temer","tag-ministerio-da-agricultura","tag-ministro-da-agricultura","tag-nair-klein-piccin","tag-operacao-carne-fraca","tag-operacao-carne-fraca-podera-afetar-vendas-do-brasil-no-exterior","tag-paulo-rogerio-sposito","tag-peccin","tag-perdigao","tag-pf","tag-pf-faz-operacao-para-combater-fraudes-na-fiscalizacao-do-setor-de-alimentos","tag-policia-federal","tag-presos-na-operacao-carne-fraca","tag-sadia","tag-seara","tag-swift","tag-temer-em-churrascaria","tag-temer-em-churrascaria-que-serve-carne-importada","tag-tony-ramos","tag-tony-ramos-se-diz-surpreso-com-operacao-da-pf","tag-unifenas","tag-veja-a-lista-com-as-principais-marcas-envolvidas-na-operacao-carne-fraca","tag-vendas-do-brasil-no-exterior"],"_links":{"self":[{"href":"https:\/\/aconteceunovale.com.br\/portal\/index.php?rest_route=\/wp\/v2\/posts\/110986","targetHints":{"allow":["GET"]}}],"collection":[{"href":"https:\/\/aconteceunovale.com.br\/portal\/index.php?rest_route=\/wp\/v2\/posts"}],"about":[{"href":"https:\/\/aconteceunovale.com.br\/portal\/index.php?rest_route=\/wp\/v2\/types\/post"}],"author":[{"embeddable":true,"href":"https:\/\/aconteceunovale.com.br\/portal\/index.php?rest_route=\/wp\/v2\/users\/1"}],"replies":[{"embeddable":true,"href":"https:\/\/aconteceunovale.com.br\/portal\/index.php?rest_route=%2Fwp%2Fv2%2Fcomments&post=110986"}],"version-history":[{"count":0,"href":"https:\/\/aconteceunovale.com.br\/portal\/index.php?rest_route=\/wp\/v2\/posts\/110986\/revisions"}],"wp:featuredmedia":[{"embeddable":true,"href":"https:\/\/aconteceunovale.com.br\/portal\/index.php?rest_route=\/wp\/v2\/media\/106843"}],"wp:attachment":[{"href":"https:\/\/aconteceunovale.com.br\/portal\/index.php?rest_route=%2Fwp%2Fv2%2Fmedia&parent=110986"}],"wp:term":[{"taxonomy":"category","embeddable":true,"href":"https:\/\/aconteceunovale.com.br\/portal\/index.php?rest_route=%2Fwp%2Fv2%2Fcategories&post=110986"},{"taxonomy":"post_tag","embeddable":true,"href":"https:\/\/aconteceunovale.com.br\/portal\/index.php?rest_route=%2Fwp%2Fv2%2Ftags&post=110986"}],"curies":[{"name":"wp","href":"https:\/\/api.w.org\/{rel}","templated":true}]}}