{"id":110983,"date":"2017-03-21T22:27:22","date_gmt":"2017-03-22T00:27:22","guid":{"rendered":"http:\/\/aconteceunovale.com.br\/portal\/?p=110983"},"modified":"2017-03-21T22:27:22","modified_gmt":"2017-03-22T00:27:22","slug":"presidente-retira-servidores-estaduais-e-municipais-da-reforma-da-previdencia","status":"publish","type":"post","link":"https:\/\/aconteceunovale.com.br\/portal\/?p=110983","title":{"rendered":"Presidente retira servidores estaduais e municipais da Reforma da Previd\u00eancia"},"content":{"rendered":"<p>O presidente da Rep\u00fablica, Michel Temer, tirou da proposta de reforma da Previd\u00eancia enviada ao Congresso Nacional os servidores p\u00fablicos estaduais. O an\u00fancio foi feito na noite de hoje (21\/3) no Pal\u00e1cio do Planalto. Segundo o presidente, a decis\u00e3o refor\u00e7a o princ\u00edpio federativo e a autonomia dos estados, algo que segundo ele \u00e9 exaltado pelo governo. A medida tamb\u00e9m vale para os munic\u00edpios. Com a decis\u00e3o, os servidores p\u00fablicos estaduais e municipais saem da reforma discutida atualmente na C\u00e2mara dos Deputados.<\/p>\n<p>\u201cV\u00e1rios estados j\u00e1 providenciaram sua reformula\u00e7\u00e3o previdenci\u00e1ria. E seria uma relativa invas\u00e3o de compet\u00eancia, que n\u00f3s n\u00e3o queremos levar adiante, portanto disciplinando a Previd\u00eancia apenas para servidores federais\u201d, disse o presidente, em r\u00e1pido pronunciamento. A decis\u00e3o faz com que professores da rede p\u00fablica estadual e policiais civis estaduais, dentre outras categorias vinculadas aos governos dos estados, aguardem uma reforma espec\u00edfica, definida pelos governadores e deputados estaduais.<\/p>\n<p>Continuam dentro da reforma apresentada pelo governo os servidores p\u00fablicos federais, bem como os trabalhadores da iniciativa privada, como por exemplo os regidos pela Consolida\u00e7\u00e3o das Leis Trabalhistas (CLT).<\/p>\n<p>Com isso, Temer atende a um pedido da base governista no Congresso. \u201cIsso agrada a base. \u00c9 um pleito da base sendo atendido pelo governo. Cada estado trata dos seus funcion\u00e1rios e n\u00f3s aqui, a n\u00edvel federal, tratamos dos servidores p\u00fablicos federais\u201d, disse o deputado Carlos Marun (PMDB\/MS), presidente da comiss\u00e3o especial criada para analisar a proposta da Reforma da Previd\u00eancia.<\/p>\n<p><img decoding=\"async\" src=\"http:\/\/aconteceunovale.com.br\/portal\/wp-content\/uploads\/2017\/03\/recuo_reforma.jpg\" alt=\"\" \/><em>Temer fala sobre altera\u00e7\u00f5es na Reforma da Previd\u00eancia (Valter Campanato\/Ag\u00eancia Brasil)<\/em><br \/>\n<\/br><\/p>\n<p><strong>VER PRIMEIRO<\/strong><\/p>\n<p><strong>Receba as not\u00edcias do Aconteceu no Vale em primeira m\u00e3o. Clique em curtir no endere\u00e7o <a href=\"https:\/\/www.facebook.com\/aconteceunovale\" target=\"_blank\"><font color=\"red\">www.facebook.com\/aconteceunovale<\/font><\/a> ou no box abaixo:<\/strong><\/p>\n<div class=\"fb-like\" data-href=\"https:\/\/www.facebook.com\/aconteceunovale\" data-width=\"120\" data-layout=\"standard\" data-action=\"like\" data-size=\"small\" data-show-faces=\"true\" data-share=\"true\"><\/div>\n<p><\/br><\/p>\n<p><em>(Fonte: Ag\u00eancia Brasil)<\/em><\/p>\n","protected":false},"excerpt":{"rendered":"<p>O presidente da Rep\u00fablica, Michel Temer, tirou da proposta de reforma da Previd\u00eancia enviada ao Congresso Nacional os servidores p\u00fablicos estaduais. O an\u00fancio foi feito na noite de hoje (21\/3) no Pal\u00e1cio do Planalto. Segundo o presidente, a decis\u00e3o refor\u00e7a o princ\u00edpio federativo e a autonomia dos estados, algo que segundo ele \u00e9 exaltado pelo [&hellip;]<\/p>\n","protected":false},"author":1,"featured_media":110984,"comment_status":"open","ping_status":"closed","sticky":false,"template":"","format":"standard","meta":{"amp_status":"","footnotes":""},"categories":[6],"tags":[143238,1018,20181,143237,129306,20321,143239,59559,143236,110209,143233,143234,143232,143235],"class_list":["post-110983","post","type-post","status-publish","format-standard","has-post-thumbnail","hentry","category-br","tag-alteracao-na-reforma-da-previdencia","tag-destaque","tag-michel-temer","tag-mudanca-na-reforma-da-previdencia","tag-pec-287","tag-presidente-da-republica","tag-presidente-retira-servidores-estaduais-e-municipais-da-reforma-da-previdencia","tag-previdencia","tag-recuo-na-reforma-da-previdencia","tag-reforma-da-previdencia","tag-retira-policiais-da-reforma-da-previdencia","tag-retira-professores-da-reforma-da-previdencia","tag-retira-servidores-estaduais-da-reforma-da-previdencia","tag-retira-servidores-municipais-da-reforma-da-previdencia"],"_links":{"self":[{"href":"https:\/\/aconteceunovale.com.br\/portal\/index.php?rest_route=\/wp\/v2\/posts\/110983","targetHints":{"allow":["GET"]}}],"collection":[{"href":"https:\/\/aconteceunovale.com.br\/portal\/index.php?rest_route=\/wp\/v2\/posts"}],"about":[{"href":"https:\/\/aconteceunovale.com.br\/portal\/index.php?rest_route=\/wp\/v2\/types\/post"}],"author":[{"embeddable":true,"href":"https:\/\/aconteceunovale.com.br\/portal\/index.php?rest_route=\/wp\/v2\/users\/1"}],"replies":[{"embeddable":true,"href":"https:\/\/aconteceunovale.com.br\/portal\/index.php?rest_route=%2Fwp%2Fv2%2Fcomments&post=110983"}],"version-history":[{"count":0,"href":"https:\/\/aconteceunovale.com.br\/portal\/index.php?rest_route=\/wp\/v2\/posts\/110983\/revisions"}],"wp:featuredmedia":[{"embeddable":true,"href":"https:\/\/aconteceunovale.com.br\/portal\/index.php?rest_route=\/wp\/v2\/media\/110984"}],"wp:attachment":[{"href":"https:\/\/aconteceunovale.com.br\/portal\/index.php?rest_route=%2Fwp%2Fv2%2Fmedia&parent=110983"}],"wp:term":[{"taxonomy":"category","embeddable":true,"href":"https:\/\/aconteceunovale.com.br\/portal\/index.php?rest_route=%2Fwp%2Fv2%2Fcategories&post=110983"},{"taxonomy":"post_tag","embeddable":true,"href":"https:\/\/aconteceunovale.com.br\/portal\/index.php?rest_route=%2Fwp%2Fv2%2Ftags&post=110983"}],"curies":[{"name":"wp","href":"https:\/\/api.w.org\/{rel}","templated":true}]}}