{"id":110979,"date":"2017-03-21T21:58:14","date_gmt":"2017-03-21T23:58:14","guid":{"rendered":"http:\/\/aconteceunovale.com.br\/portal\/?p=110979"},"modified":"2017-03-22T00:04:52","modified_gmt":"2017-03-22T02:04:52","slug":"policia-prende-suspeitos-de-participacao-em-morte-de-aluno-da-apae-no-vale-do-rio-doce","status":"publish","type":"post","link":"https:\/\/aconteceunovale.com.br\/portal\/?p=110979","title":{"rendered":"Pol\u00edcia prende suspeitos de participa\u00e7\u00e3o em morte de aluno da APAE no Vale do Rio Doce"},"content":{"rendered":"<p>Quatro jovens foram presos na noite desta segunda-feira (20\/03\/2017) em Cuparaque, no Vale do Rio Doce, suspeitos de participa\u00e7\u00e3o no assassinato de um adolescente, de 16 anos, estudante da Associa\u00e7\u00e3o de Pais e Amigos dos Excepcionais (APAE) da cidade. Segundo a Pol\u00edcia Civil, que divulgou as informa\u00e7\u00f5es das pris\u00f5es nesta ter\u00e7a-feira (21), Jean S\u00e9rgio de Souza foi morto de forma cruel, com 18 facadas no pesco\u00e7o.<\/p>\n<p>As pris\u00f5es aconteceram durante uma opera\u00e7\u00e3o que foi deflagrada por equipes da PC de Conselheiro Pena, Galileia, Resplendor e ainda o apoio da Pol\u00edcia Militar de Cuparaque. Um drone foi utilizado para fazer o monitoramento a\u00e9reo dos alvos durante a opera\u00e7\u00e3o. Os jovens presos t\u00eam 21, 20 e 19 anos. Eles teriam cometido o homic\u00eddio no dia 17 de fevereiro deste ano.<\/p>\n<p>As investiga\u00e7\u00f5es apontam que os suspeitos invadiram a resid\u00eancia de Jean S\u00e9rgio e surpreenderam o menor, que dormia. A v\u00edtima teve p\u00e9s e m\u00e3os amarrados para tr\u00e1s e ainda foi amorda\u00e7ada. Os suspeitos desferiram 18 facadas no pesco\u00e7o do adolescente e depois tentaram arrastar o corpo dele para fora da casa, pois pretendiam colocar fogo no cad\u00e1ver, mas foram interrompidos quando passou um ve\u00edculo pela rua.<\/p>\n<p><img decoding=\"async\" src=\"http:\/\/aconteceunovale.com.br\/portal\/wp-content\/uploads\/2017\/03\/caso_apae_cuparaque_1.jpeg\" alt=\"\" \/><em>Pol\u00edcia realizou pris\u00e3o dos suspeitos na noite desta segunda (Foto: PC\/Divulga\u00e7\u00e3o)<\/em><br \/>\n<\/br><\/p>\n<p><strong>Como\u00e7\u00e3o<\/strong><\/p>\n<p>A morte  de Jean S\u00e9rgio de Souza provocou grande como\u00e7\u00e3o na cidade. Segundo a APAE, o adolescente era aluno da institui\u00e7\u00e3o desde 2013; ele foi diagnosticado com retardo mental leve. Segundo a PC, o motivo do crime seria uma d\u00edvida de R$ 80 relacionada \u00e0 venda de um celular.<\/p>\n<p>A diretora da APAE de Cuparaque, Maria das Gra\u00e7as Pena Braga, conta que o adolescente era muito inteligente e se formou em primeiro lugar na turma inicial de Educa\u00e7\u00e3o de Jovens e Adultos (EJA). \u201cNaquela semana eu estava providenciando documenta\u00e7\u00e3o para que ele pudesse seguir os estudos no sexto ano do ensino regular, porque eu sabia que ele n\u00e3o podia deixar de estudar. No dia anterior comemoramos os aniversariantes do primeiro bimestre e ele era um deles, estava muito feliz. Foi um choque muito grande o que aconteceu, porque ele n\u00e3o tinha inimizades, era querido por todos\u201d, revela a diretora.<\/p>\n<p>Ela conta ainda que no \u00faltimo contato que teve com Jean S\u00e9rgio de Souza, este contou que queria comprar um celular e que iria cobrar R$ 80 que um jovem lhe devia. \u201cEu pe\u00e7o a Deus que agora a justi\u00e7a seja feita, porque ningu\u00e9m merece morrer daquele jeito, ainda mais um menino bom\u201d, lamenta Maria das Gra\u00e7as.<\/p>\n<p><img decoding=\"async\" src=\"http:\/\/aconteceunovale.com.br\/portal\/wp-content\/uploads\/2017\/03\/caso_apae_cuparaque_2.jpeg\" alt=\"\" \/><em>Adolescente ao lado de uma professora da APAE (Foto: APAE Cuparaque\/Divulga\u00e7\u00e3o)<\/em><br \/>\n<\/br><\/p>\n<p><img decoding=\"async\" src=\"http:\/\/aconteceunovale.com.br\/portal\/wp-content\/uploads\/2017\/03\/caso_apae_cuparaque_3.jpg\" alt=\"\" \/><em>Pol\u00edcia realizou pris\u00e3o dos suspeitos na noite desta segunda (Foto: PC\/Divulga\u00e7\u00e3o)<\/em><br \/>\n<\/br><\/p>\n<p><strong>VER PRIMEIRO<\/strong><\/p>\n<p><strong>Receba as not\u00edcias do Aconteceu no Vale em primeira m\u00e3o. Clique em curtir no endere\u00e7o <a href=\"https:\/\/www.facebook.com\/aconteceunovale\" target=\"_blank\"><font color=\"red\">www.facebook.com\/aconteceunovale<\/font><\/a> ou no box abaixo:<\/strong><\/p>\n<div class=\"fb-like\" data-href=\"https:\/\/www.facebook.com\/aconteceunovale\" data-width=\"120\" data-layout=\"standard\" data-action=\"like\" data-size=\"small\" data-show-faces=\"true\" data-share=\"true\"><\/div>\n<p><\/br><\/p>\n<p><em>(Fonte: G1 dos Vales)<\/em><\/p>\n","protected":false},"excerpt":{"rendered":"<p>Quatro jovens foram presos na noite desta segunda-feira (20\/03\/2017) em Cuparaque, no Vale do Rio Doce, suspeitos de participa\u00e7\u00e3o no assassinato de um adolescente, de 16 anos, estudante da Associa\u00e7\u00e3o de Pais e Amigos dos Excepcionais (APAE) da cidade. Segundo a Pol\u00edcia Civil, que divulgou as informa\u00e7\u00f5es das pris\u00f5es nesta ter\u00e7a-feira (21), Jean S\u00e9rgio de [&hellip;]<\/p>\n","protected":false},"author":1,"featured_media":110980,"comment_status":"open","ping_status":"closed","sticky":false,"template":"","format":"standard","meta":{"amp_status":"","footnotes":""},"categories":[121],"tags":[143226,143229,143222,282,284,292,143230,143223,143225,143227,143228,143224,143231,309],"class_list":["post-110979","post","type-post","status-publish","format-standard","has-post-thumbnail","hentry","category-leste","tag-apae-de-cuparaque","tag-assassinato-de-aluno-da-apae-de-cuparaque","tag-assassinato-em-cuparaque","tag-conselheiro-pena","tag-cuparaque","tag-galileia","tag-homicidio-de-aluno-da-apae-de-cuparaque","tag-homicidio-em-cuparaque","tag-jean-sergio-de-souza","tag-maria-das-gracas-pena-braga","tag-morte-de-aluno-da-apae-de-cuparaque","tag-morte-em-cuparaque","tag-policia-prende-suspeitos-de-participacao-em-morte-de-aluno-da-apae-no-vale-do-rio-doce","tag-resplendor"],"_links":{"self":[{"href":"https:\/\/aconteceunovale.com.br\/portal\/index.php?rest_route=\/wp\/v2\/posts\/110979","targetHints":{"allow":["GET"]}}],"collection":[{"href":"https:\/\/aconteceunovale.com.br\/portal\/index.php?rest_route=\/wp\/v2\/posts"}],"about":[{"href":"https:\/\/aconteceunovale.com.br\/portal\/index.php?rest_route=\/wp\/v2\/types\/post"}],"author":[{"embeddable":true,"href":"https:\/\/aconteceunovale.com.br\/portal\/index.php?rest_route=\/wp\/v2\/users\/1"}],"replies":[{"embeddable":true,"href":"https:\/\/aconteceunovale.com.br\/portal\/index.php?rest_route=%2Fwp%2Fv2%2Fcomments&post=110979"}],"version-history":[{"count":0,"href":"https:\/\/aconteceunovale.com.br\/portal\/index.php?rest_route=\/wp\/v2\/posts\/110979\/revisions"}],"wp:featuredmedia":[{"embeddable":true,"href":"https:\/\/aconteceunovale.com.br\/portal\/index.php?rest_route=\/wp\/v2\/media\/110980"}],"wp:attachment":[{"href":"https:\/\/aconteceunovale.com.br\/portal\/index.php?rest_route=%2Fwp%2Fv2%2Fmedia&parent=110979"}],"wp:term":[{"taxonomy":"category","embeddable":true,"href":"https:\/\/aconteceunovale.com.br\/portal\/index.php?rest_route=%2Fwp%2Fv2%2Fcategories&post=110979"},{"taxonomy":"post_tag","embeddable":true,"href":"https:\/\/aconteceunovale.com.br\/portal\/index.php?rest_route=%2Fwp%2Fv2%2Ftags&post=110979"}],"curies":[{"name":"wp","href":"https:\/\/api.w.org\/{rel}","templated":true}]}}