{"id":110945,"date":"2017-03-21T20:02:47","date_gmt":"2017-03-21T22:02:47","guid":{"rendered":"http:\/\/aconteceunovale.com.br\/portal\/?p=110945"},"modified":"2017-03-21T20:02:47","modified_gmt":"2017-03-21T22:02:47","slug":"apos-acidente-com-caminhao-carregado-de-sandalias-na-br-251-prf-apreende-oito-veiculos-de-saqueadores","status":"publish","type":"post","link":"https:\/\/aconteceunovale.com.br\/portal\/?p=110945","title":{"rendered":"Ap\u00f3s acidente com caminh\u00e3o carregado de sand\u00e1lias na BR-251, PRF apreende oito ve\u00edculos de saqueadores"},"content":{"rendered":"<p>Agentes da Pol\u00edcia Rodovi\u00e1ria Federal, no Norte de Minas, atenderam uma ocorr\u00eancia de acidente inusitada na noite dessa segunda-feira (20\/03). Depois que um caminh\u00e3o carregado com sand\u00e1lias tombou, saqueadores roubaram a carga e, com a chegada dos policiais, preferiram ver seus ve\u00edculos serem apreendidos e rebocados do que se apresentarem e fazer a devolu\u00e7\u00e3o do material. Os agentes perceberam que havia parte do carregamento em cinco carros e tr\u00eas motocicletas estacionados na BR-251, pr\u00f3ximo ao Km 472, onde ocorreu a queda de um caminh\u00e3o num barranco. O caminhoneiro, ao receber o socorro dos agentes, contou que tentou impedir que a mercadoria fosse levada, mas foi amea\u00e7ado.<\/p>\n<p>O acidente foi na BR-251, na descida da serra em Francisco S\u00e1. O motorista A.L.P, de 34 anos, perdeu o controle de seu caminh\u00e3o, saiu da pista e caiu no barranco, sofrendo les\u00f5es leves. Algumas pessoas ent\u00e3o pararam no acostamento e foram at\u00e9 o ve\u00edculo de carga, tombado em meio a um matagal. Ao perceberem que o condutor estava bem, ao contr\u00e1rio de ajud\u00e1-lo, decidiram ent\u00e3o saquear a carga de sand\u00e1lias, indiferente ao pedido do caminhoneiro para que n\u00e3o levassem o material.<\/p>\n<p>Diante do relato do motorista, de que depois de amea\u00e7\u00e1-lo, os saqueadores fugiram levando as sand\u00e1lias, os policiais iniciaram uma busca na \u00e1rea e perceberam algumas pessoas perto dos ve\u00edculos parados fora da pista. Quando viram os agentes federais, o grupo fugiu, entrando num matagal, deixando carros e motos para tr\u00e1s.<\/p>\n<p>Nos ve\u00edculos, os policiais perceberam v\u00e1rios pares das sand\u00e1lias das marcas Quiksilver e Roxy, que eram transportados no caminh\u00e3o acidentados. Foi ent\u00e3o que, sem que os respons\u00e1veis pelos carros e motos retornassem, os agentes rebocaram os ve\u00edculos juntamente com as sand\u00e1lias neles, levando-os para o p\u00e1tio da Pol\u00edcia Civil, que vai se encarregar das apura\u00e7\u00f5es.<\/p>\n<p>De acordo com o policial rodovi\u00e1rio Vicente Fernandes J\u00fanior, de Montes Claros, o boletim de ocorr\u00eancia foi registrado como roubo, artigo 157, j\u00e1 que o caminhoneiro sofreu amea\u00e7as durante o saque da carga. &#8220;Se as pessoas que estava no local n\u00e3o se apresentarem, o delegado pode intimar os propriet\u00e1rios a responder pelo crime ou informar os respons\u00e1veis que estavam com os ve\u00edculos envolvidos e apreendidos&#8221;, destacou. &#8220;No caso em quest\u00e3o, foi qualificado como roubo consumado a ve\u00edculo de carga, devido \u00e0s amea\u00e7as ao motorista. Em outros casos quando n\u00e3o h\u00e1 amea\u00e7a, qualificamos como furto (saque) a ve\u00edculo de carga&#8221;, explicou. Segundo J\u00fanior, at\u00e9 o come\u00e7o da tarde desta ter\u00e7a-feira, ningu\u00e9m esteve na delegacia para liberar os ve\u00edculos apreendidos.<\/p>\n<p><img decoding=\"async\" src=\"http:\/\/aconteceunovale.com.br\/portal\/wp-content\/uploads\/2017\/03\/acidente_sandalias_nm.jpg\" alt=\"\" \/><em>Carros foram apreendidos pela PRF em Francisco S\u00e1 (Foto: PRF\/Divulga\u00e7\u00e3o)<\/em><br \/>\n<\/br><\/p>\n<p><strong>VER PRIMEIRO<\/strong><\/p>\n<p><strong>Receba as not\u00edcias do Aconteceu no Vale em primeira m\u00e3o. Clique em curtir no endere\u00e7o <a href=\"https:\/\/www.facebook.com\/aconteceunovale\" target=\"_blank\"><font color=\"red\">www.facebook.com\/aconteceunovale<\/font><\/a> ou no box abaixo:<\/strong><\/p>\n<div class=\"fb-like\" data-href=\"https:\/\/www.facebook.com\/aconteceunovale\" data-width=\"120\" data-layout=\"standard\" data-action=\"like\" data-size=\"small\" data-show-faces=\"true\" data-share=\"true\"><\/div>\n<p><\/br><\/p>\n<p><em>(Fonte: Estado de Minas \/ Luiz Ribeiro)<\/em><\/p>\n","protected":false},"excerpt":{"rendered":"<p>Agentes da Pol\u00edcia Rodovi\u00e1ria Federal, no Norte de Minas, atenderam uma ocorr\u00eancia de acidente inusitada na noite dessa segunda-feira (20\/03). Depois que um caminh\u00e3o carregado com sand\u00e1lias tombou, saqueadores roubaram a carga e, com a chegada dos policiais, preferiram ver seus ve\u00edculos serem apreendidos e rebocados do que se apresentarem e fazer a devolu\u00e7\u00e3o do [&hellip;]<\/p>\n","protected":false},"author":1,"featured_media":110946,"comment_status":"open","ping_status":"closed","sticky":false,"template":"","format":"standard","meta":{"amp_status":"","footnotes":""},"categories":[1236],"tags":[143161,143163,143162,2034,1396,83223,143167,921,143160,1395,210,143158,143159,1984,239,143168,143164,143165,143166],"class_list":["post-110945","post","type-post","status-publish","format-standard","has-post-thumbnail","hentry","category-norte_de_minas","tag-acidente-com-caminhao-carregado-com-sandalias","tag-acidente-com-caminhao-carregado-com-sandalias-na-br-251","tag-acidente-com-caminhao-carregado-com-sandalias-no-norte-de-minas","tag-acidente-em-francisco-sa","tag-acidente-na-br-251","tag-acidente-na-serra-de-francisco-sa","tag-apos-acidente-com-caminhao-carregado-de-sandalias-na-br-251","tag-br-251","tag-caminhao-carregado-com-sandalias","tag-francisco-sa","tag-montes-claros","tag-ocorrencia-de-acidente-inusitada","tag-ocorrencia-de-acidente-inusitada-no-norte-de-minas","tag-policia-rodoviaria-federal","tag-prf","tag-prf-apreende-oito-veiculos-de-saqueadores","tag-quiksilver","tag-roxy","tag-vicente-fernandes-junior"],"_links":{"self":[{"href":"https:\/\/aconteceunovale.com.br\/portal\/index.php?rest_route=\/wp\/v2\/posts\/110945","targetHints":{"allow":["GET"]}}],"collection":[{"href":"https:\/\/aconteceunovale.com.br\/portal\/index.php?rest_route=\/wp\/v2\/posts"}],"about":[{"href":"https:\/\/aconteceunovale.com.br\/portal\/index.php?rest_route=\/wp\/v2\/types\/post"}],"author":[{"embeddable":true,"href":"https:\/\/aconteceunovale.com.br\/portal\/index.php?rest_route=\/wp\/v2\/users\/1"}],"replies":[{"embeddable":true,"href":"https:\/\/aconteceunovale.com.br\/portal\/index.php?rest_route=%2Fwp%2Fv2%2Fcomments&post=110945"}],"version-history":[{"count":0,"href":"https:\/\/aconteceunovale.com.br\/portal\/index.php?rest_route=\/wp\/v2\/posts\/110945\/revisions"}],"wp:featuredmedia":[{"embeddable":true,"href":"https:\/\/aconteceunovale.com.br\/portal\/index.php?rest_route=\/wp\/v2\/media\/110946"}],"wp:attachment":[{"href":"https:\/\/aconteceunovale.com.br\/portal\/index.php?rest_route=%2Fwp%2Fv2%2Fmedia&parent=110945"}],"wp:term":[{"taxonomy":"category","embeddable":true,"href":"https:\/\/aconteceunovale.com.br\/portal\/index.php?rest_route=%2Fwp%2Fv2%2Fcategories&post=110945"},{"taxonomy":"post_tag","embeddable":true,"href":"https:\/\/aconteceunovale.com.br\/portal\/index.php?rest_route=%2Fwp%2Fv2%2Ftags&post=110945"}],"curies":[{"name":"wp","href":"https:\/\/api.w.org\/{rel}","templated":true}]}}