{"id":110942,"date":"2017-03-21T19:45:33","date_gmt":"2017-03-21T21:45:33","guid":{"rendered":"http:\/\/aconteceunovale.com.br\/portal\/?p=110942"},"modified":"2017-03-21T19:45:33","modified_gmt":"2017-03-21T21:45:33","slug":"etiqueta-desenvolvida-em-minas-gerais-avalia-qualidade-de-carne","status":"publish","type":"post","link":"https:\/\/aconteceunovale.com.br\/portal\/?p=110942","title":{"rendered":"Etiqueta desenvolvida em Minas Gerais avalia qualidade de carne"},"content":{"rendered":"<p>Uma etiqueta inteligente que avalia a qualidade da carne foi desenvolvida na Universidade Federal de Ouro Preto (Ufop). A etiqueta muda de cor e tamb\u00e9m altera de rosto feliz para triste de acordo com a qualidade do alimento. Por enquanto a etiqueta ainda est\u00e1 em fase laboratorial, mas a ideia \u00e9 que ela alcance o mercado.<\/p>\n<p>\u201cA pesquisa \u00e9 feita desde 2014, foi meu projeto de conclus\u00e3o de curso e depois de mestrado. Agora estamos com uma startup e estamos buscando parceiros para produzir as etiquetas em escala comercial\u201d, afirma Marcella Rocha Franco, que desenvolveu o projeto.<\/p>\n<p>Na semana passada, uma opera\u00e7\u00e3o da Pol\u00edcia Federal denominada \u201cCarne Fraca\u201d, identificou carnes de grandes marcas com qualidade impr\u00f3pria para o consumo. As carnes estavam velhas, com bact\u00e9rias e at\u00e9 mesmo com papel\u00e3o.<\/p>\n<p>\u201cNum momento como agora, esse projeto de qualidade se torna ainda mais fundamental. Temos que trabalhar em prol da seguran\u00e7a alimentar e em benef\u00edcio do consumidor\u201d, considera Marcella.<\/p>\n<p>Segundo ela, inicialmente a etiqueta s\u00f3 foi testada em carnes de frango, mas a ideia \u00e9 expandir o controle tamb\u00e9m para outros alimentos. A etiqueta funciona por meio de uma subst\u00e2ncia qu\u00edmica que reage junto da carne e identifica sua qualidade. \u201c\u00c9 uma subst\u00e2ncia autorizada pela Anvisa e que permite diminuir os riscos a sa\u00fade\u201d, conclui Marcella.<\/p>\n<p><img decoding=\"async\" src=\"http:\/\/aconteceunovale.com.br\/portal\/wp-content\/uploads\/2017\/03\/etiqueta_carne.jpeg\" alt=\"\" \/><em>Etiqueta que avalia qualidade da carne \u00e9 desenvolvida na UFOP (Divulga\u00e7\u00e3o)<\/em><br \/>\n<\/br><\/p>\n<p><strong>VER PRIMEIRO<\/strong><\/p>\n<p><strong>Receba as not\u00edcias do Aconteceu no Vale em primeira m\u00e3o. Clique em curtir no endere\u00e7o <a href=\"https:\/\/www.facebook.com\/aconteceunovale\" target=\"_blank\"><font color=\"red\">www.facebook.com\/aconteceunovale<\/font><\/a> ou no box abaixo:<\/strong><\/p>\n<div class=\"fb-like\" data-href=\"https:\/\/www.facebook.com\/aconteceunovale\" data-width=\"120\" data-layout=\"standard\" data-action=\"like\" data-size=\"small\" data-show-faces=\"true\" data-share=\"true\"><\/div>\n<p><\/br><\/p>\n<p><em>(Fonte: O Tempo \/ Nat\u00e1lia Oliveira)<\/em><\/p>\n","protected":false},"excerpt":{"rendered":"<p>Uma etiqueta inteligente que avalia a qualidade da carne foi desenvolvida na Universidade Federal de Ouro Preto (Ufop). A etiqueta muda de cor e tamb\u00e9m altera de rosto feliz para triste de acordo com a qualidade do alimento. Por enquanto a etiqueta ainda est\u00e1 em fase laboratorial, mas a ideia \u00e9 que ela alcance o [&hellip;]<\/p>\n","protected":false},"author":1,"featured_media":110943,"comment_status":"open","ping_status":"closed","sticky":false,"template":"","format":"standard","meta":{"amp_status":"","footnotes":""},"categories":[123],"tags":[143155,143157,143156,143152,143153,143154,142609,16254,30665],"class_list":["post-110942","post","type-post","status-publish","format-standard","has-post-thumbnail","hentry","category-gerais","tag-carne-fraca","tag-etiqueta-desenvolvida-em-minas-gerais-avalia-qualidade-de-carne","tag-etiqueta-desenvolvida-em-universidade-mineira-muda-de-cor-se-carne-estiver-podre","tag-etiqueta-qualidade-de-carne","tag-etiqueta-que-avalia-qualidade-de-carne","tag-marcella-rocha-franco","tag-operacao-carne-fraca","tag-ufop","tag-universidade-federal-de-ouro-preto"],"_links":{"self":[{"href":"https:\/\/aconteceunovale.com.br\/portal\/index.php?rest_route=\/wp\/v2\/posts\/110942","targetHints":{"allow":["GET"]}}],"collection":[{"href":"https:\/\/aconteceunovale.com.br\/portal\/index.php?rest_route=\/wp\/v2\/posts"}],"about":[{"href":"https:\/\/aconteceunovale.com.br\/portal\/index.php?rest_route=\/wp\/v2\/types\/post"}],"author":[{"embeddable":true,"href":"https:\/\/aconteceunovale.com.br\/portal\/index.php?rest_route=\/wp\/v2\/users\/1"}],"replies":[{"embeddable":true,"href":"https:\/\/aconteceunovale.com.br\/portal\/index.php?rest_route=%2Fwp%2Fv2%2Fcomments&post=110942"}],"version-history":[{"count":0,"href":"https:\/\/aconteceunovale.com.br\/portal\/index.php?rest_route=\/wp\/v2\/posts\/110942\/revisions"}],"wp:featuredmedia":[{"embeddable":true,"href":"https:\/\/aconteceunovale.com.br\/portal\/index.php?rest_route=\/wp\/v2\/media\/110943"}],"wp:attachment":[{"href":"https:\/\/aconteceunovale.com.br\/portal\/index.php?rest_route=%2Fwp%2Fv2%2Fmedia&parent=110942"}],"wp:term":[{"taxonomy":"category","embeddable":true,"href":"https:\/\/aconteceunovale.com.br\/portal\/index.php?rest_route=%2Fwp%2Fv2%2Fcategories&post=110942"},{"taxonomy":"post_tag","embeddable":true,"href":"https:\/\/aconteceunovale.com.br\/portal\/index.php?rest_route=%2Fwp%2Fv2%2Ftags&post=110942"}],"curies":[{"name":"wp","href":"https:\/\/api.w.org\/{rel}","templated":true}]}}