{"id":110931,"date":"2017-03-21T18:02:45","date_gmt":"2017-03-21T20:02:45","guid":{"rendered":"http:\/\/aconteceunovale.com.br\/portal\/?p=110931"},"modified":"2017-03-21T18:02:45","modified_gmt":"2017-03-21T20:02:45","slug":"comarca-de-aguas-formosas-ganha-centro-de-solucao-de-conflitos","status":"publish","type":"post","link":"https:\/\/aconteceunovale.com.br\/portal\/?p=110931","title":{"rendered":"Comarca de \u00c1guas Formosas ganha centro de solu\u00e7\u00e3o de conflitos"},"content":{"rendered":"<p>A Comarca de \u00c1guas Formosas (regi\u00e3o Jequitinhonha\/Mucuri) ganhou na manh\u00e3 desta ter\u00e7a-feira, 21 de mar\u00e7o, uma unidade do Centro Judici\u00e1rio de Solu\u00e7\u00e3o de Conflitos e Cidadania (Cejusc). A iniciativa \u00e9 mais um passo que refor\u00e7a o compromisso do Poder Judici\u00e1rio mineiro com a paz social. A solenidade de instala\u00e7\u00e3o aconteceu no sal\u00e3o do j\u00fari do f\u00f3rum da comarca, com a presen\u00e7a de v\u00e1rias autoridades, entre elas o juiz Maur\u00edcio Pinto Ferreira, auxiliar da 3\u00aa vice-presidente.<\/p>\n<p>Durante a solenidade, o diretor do foro da comarca, juiz Glauber Oliveira Fernandes, que ir\u00e1 coordenar a unidade, destacou o fato de que os Cejuscs se fundam em tr\u00eas pilares: \u201cconcilia\u00e7\u00e3o\/media\u00e7\u00e3o extraprocessual, que envolve quest\u00f5es ainda n\u00e3o submetidas ao crivo do Judici\u00e1rio, concilia\u00e7\u00e3o\/media\u00e7\u00e3o dos feitos em andamento e cidadania, que funcionar\u00e1 como uma miniunidade de atendimento integrado\u201d.<\/p>\n<p>Na avalia\u00e7\u00e3o do magistrado, o Cejusc constitui-se, assim, como um projeto amplo e desafiador. \u201cPara a Comarca de \u00c1guas Formosas, proporcionar\u00e1 contribui\u00e7\u00e3o significativa para a melhoria dos espa\u00e7os sociais. Nele, depositamos a esperan\u00e7a de um Judici\u00e1rio melhor adaptado tanto para os problemas atuais quanto para os futuros\u201d, afirmou o juiz, para quem o Cejusc \u00e9 tamb\u00e9m um espa\u00e7o de atua\u00e7\u00e3o da sociedade que necessita da coopera\u00e7\u00e3o da advocacia, do Minist\u00e9rio P\u00fablico e dos eventuais n\u00facleos de pr\u00e1tica jur\u00eddica das faculdades de direito.<\/p>\n<p>Al\u00e9m de \u00c1guas Formosas, integram a comarca os Munic\u00edpios de Bert\u00f3polis, Cris\u00f3lita, Fronteira dos Vales, Maxacalis, Santa Helena de Minas e Umburatiba e os Distritos de \u00c1gua Quente, Nova Santa Luzia e Umburaninha.<\/p>\n<p><strong>Cejusc em Minas<\/strong><\/p>\n<p>Os Cejuscs s\u00e3o unidades da Justi\u00e7a mineira que concentram as audi\u00eancias e as sess\u00f5es de concilia\u00e7\u00e3o e media\u00e7\u00e3o, processuais e pr\u00e9-processuais, e tamb\u00e9m o setor de cidadania, que oferece servi\u00e7o de atendimento e orienta\u00e7\u00e3o ao cidad\u00e3o. A unidade de \u00c1guas Formosas funcionar\u00e1 no f\u00f3rum da comarca (Rua Deodoro de Almeida Pinto, 132, Centro).<\/p>\n<p>A Resolu\u00e7\u00e3o 682\/2011, do TJMG, prev\u00ea a cria\u00e7\u00e3o dos Cejuscs em todas as comarcas do estado, como uma forma de fomentar a pacifica\u00e7\u00e3o social, dentro da pol\u00edtica de tratamento adequado aos conflitos de interesses no \u00e2mbito do Poder Judici\u00e1rio. A coordena\u00e7\u00e3o dos centros judici\u00e1rios fica a cargo da 3\u00aa Vice-Presid\u00eancia do TJMG, por meio da Assessoria da Gest\u00e3o da Inova\u00e7\u00e3o (Agin).<\/p>\n<p><strong>VER PRIMEIRO<\/strong><\/p>\n<p><strong>Receba as not\u00edcias do Aconteceu no Vale em primeira m\u00e3o. Clique em curtir no endere\u00e7o <a href=\"https:\/\/www.facebook.com\/aconteceunovale\" target=\"_blank\"><font color=\"red\">www.facebook.com\/aconteceunovale<\/font><\/a> ou no box abaixo:<\/strong><\/p>\n<div class=\"fb-like\" data-href=\"https:\/\/www.facebook.com\/aconteceunovale\" data-width=\"120\" data-layout=\"standard\" data-action=\"like\" data-size=\"small\" data-show-faces=\"true\" data-share=\"true\"><\/div>\n<p><\/br><\/p>\n<p><em>(Fonte: TJMG)<\/em><\/p>\n","protected":false},"excerpt":{"rendered":"<p>A Comarca de \u00c1guas Formosas (regi\u00e3o Jequitinhonha\/Mucuri) ganhou na manh\u00e3 desta ter\u00e7a-feira, 21 de mar\u00e7o, uma unidade do Centro Judici\u00e1rio de Solu\u00e7\u00e3o de Conflitos e Cidadania (Cejusc). A iniciativa \u00e9 mais um passo que refor\u00e7a o compromisso do Poder Judici\u00e1rio mineiro com a paz social. A solenidade de instala\u00e7\u00e3o aconteceu no sal\u00e3o do j\u00fari do [&hellip;]<\/p>\n","protected":false},"author":1,"featured_media":110933,"comment_status":"open","ping_status":"closed","sticky":false,"template":"","format":"standard","meta":{"amp_status":"","footnotes":""},"categories":[122],"tags":[1536,1798,116029,143111,143117,143110,49553,143108,2453,510,143113,143112,143114,143116,143115,143109,23975],"class_list":["post-110931","post","type-post","status-publish","format-standard","has-post-thumbnail","hentry","category-mucuri","tag-aguas-formosas","tag-bertopolis","tag-cejusc","tag-cejusc-aguas-formosas","tag-cejusc-em-minas","tag-centro-de-solucao-de-conflitos-em-aguas-formosas","tag-centro-judiciario-de-solucao-de-conflitos-e-cidadania","tag-comarca-de-aguas-formosas-ganha-centro-de-solucao-de-conflitos","tag-crisolita","tag-fronteira-dos-vales","tag-glauber-oliveira-fernandes","tag-juiz-glauber-oliveira-fernandes","tag-maxacalis","tag-nova-santa-luzia","tag-santa-helena-de-minas-e-umburatiba-e-os-distritos-de-agua-quente","tag-solucao-de-conflitos-em-aguas-formosas","tag-umburaninha"],"_links":{"self":[{"href":"https:\/\/aconteceunovale.com.br\/portal\/index.php?rest_route=\/wp\/v2\/posts\/110931","targetHints":{"allow":["GET"]}}],"collection":[{"href":"https:\/\/aconteceunovale.com.br\/portal\/index.php?rest_route=\/wp\/v2\/posts"}],"about":[{"href":"https:\/\/aconteceunovale.com.br\/portal\/index.php?rest_route=\/wp\/v2\/types\/post"}],"author":[{"embeddable":true,"href":"https:\/\/aconteceunovale.com.br\/portal\/index.php?rest_route=\/wp\/v2\/users\/1"}],"replies":[{"embeddable":true,"href":"https:\/\/aconteceunovale.com.br\/portal\/index.php?rest_route=%2Fwp%2Fv2%2Fcomments&post=110931"}],"version-history":[{"count":0,"href":"https:\/\/aconteceunovale.com.br\/portal\/index.php?rest_route=\/wp\/v2\/posts\/110931\/revisions"}],"wp:featuredmedia":[{"embeddable":true,"href":"https:\/\/aconteceunovale.com.br\/portal\/index.php?rest_route=\/wp\/v2\/media\/110933"}],"wp:attachment":[{"href":"https:\/\/aconteceunovale.com.br\/portal\/index.php?rest_route=%2Fwp%2Fv2%2Fmedia&parent=110931"}],"wp:term":[{"taxonomy":"category","embeddable":true,"href":"https:\/\/aconteceunovale.com.br\/portal\/index.php?rest_route=%2Fwp%2Fv2%2Fcategories&post=110931"},{"taxonomy":"post_tag","embeddable":true,"href":"https:\/\/aconteceunovale.com.br\/portal\/index.php?rest_route=%2Fwp%2Fv2%2Ftags&post=110931"}],"curies":[{"name":"wp","href":"https:\/\/api.w.org\/{rel}","templated":true}]}}