{"id":110928,"date":"2017-03-21T17:36:47","date_gmt":"2017-03-21T19:36:47","guid":{"rendered":"http:\/\/aconteceunovale.com.br\/portal\/?p=110928"},"modified":"2017-03-21T17:36:47","modified_gmt":"2017-03-21T19:36:47","slug":"governo-de-minas-divulga-calendario-de-parcelamento-dos-salarios-dos-servidores","status":"publish","type":"post","link":"https:\/\/aconteceunovale.com.br\/portal\/?p=110928","title":{"rendered":"Governo de Minas divulga calend\u00e1rio de parcelamento dos sal\u00e1rios dos servidores"},"content":{"rendered":"<p>O Governo de Minas Gerais divulgou o novo calend\u00e1rio de parcelamento dos sal\u00e1rios de seus servidores referente aos meses de abril, maio e junho deste ano. Uma circular com as datas foi encaminhada aos sindicatos representativos das categorias na manh\u00e3 desta ter\u00e7a-feira (21\/03\/2017) <\/p>\n<p>A nota traz as datas e explica que a escala pode sofrer altera\u00e7\u00f5es. &#8220;Caso ocorra qualquer melhora, neste per\u00edodo, do fluxo de receitas estaduais, a escala ser\u00e1 alterada e os sindicatos ser\u00e3o comunicados com anteced\u00eancia&#8221;, diz o comunicado. <\/p>\n<p>Em abril, a primeira parcela ser\u00e1 paga no dia 12, a segunda no dia 19, e a terceira e \u00faltima no dia 25. J\u00e1 em maio, o pagamento acontecer\u00e1 nos dias 11, 17 e 22. No m\u00eas de junho, ser\u00e1 nos dias 12, 19 e 22. <\/p>\n<p>O parcelamento dos sal\u00e1rios, sob alega\u00e7\u00e3o de problemas financeiros, acontece desde fevereiro de 2016. Desde ent\u00e3o, v\u00e1rias categorias fizeram paralisa\u00e7\u00f5es contra o parcelamento.<\/p>\n<p>Veja a tabela:<\/p>\n<p><img decoding=\"async\" src=\"http:\/\/aconteceunovale.com.br\/portal\/wp-content\/uploads\/2017\/03\/pagamento_gm.jpg\" alt=\"\" \/><br \/>\n<\/br><\/p>\n<p><strong>VER PRIMEIRO<\/strong><\/p>\n<p><strong>Receba as not\u00edcias do Aconteceu no Vale em primeira m\u00e3o. Clique em curtir no endere\u00e7o <a href=\"https:\/\/www.facebook.com\/aconteceunovale\" target=\"_blank\"><font color=\"red\">www.facebook.com\/aconteceunovale<\/font><\/a> ou no box abaixo:<\/strong><\/p>\n<div class=\"fb-like\" data-href=\"https:\/\/www.facebook.com\/aconteceunovale\" data-width=\"120\" data-layout=\"standard\" data-action=\"like\" data-size=\"small\" data-show-faces=\"true\" data-share=\"true\"><\/div>\n<p><\/br><\/p>\n<p><em>(Via O Tempo)<\/em><\/p>\n","protected":false},"excerpt":{"rendered":"<p>O Governo de Minas Gerais divulgou o novo calend\u00e1rio de parcelamento dos sal\u00e1rios de seus servidores referente aos meses de abril, maio e junho deste ano. Uma circular com as datas foi encaminhada aos sindicatos representativos das categorias na manh\u00e3 desta ter\u00e7a-feira (21\/03\/2017) A nota traz as datas e explica que a escala pode sofrer [&hellip;]<\/p>\n","protected":false},"author":1,"featured_media":110929,"comment_status":"open","ping_status":"closed","sticky":false,"template":"","format":"standard","meta":{"amp_status":"","footnotes":""},"categories":[40236,123],"tags":[143103,143106,143104,143105,143107,51191,143100,143102,143101],"class_list":["post-110928","post","type-post","status-publish","format-standard","has-post-thumbnail","hentry","category-empregos-2","category-gerais","tag-calendario-governo-de-minas-gerais","tag-calendario-pagamento-funcionarios-do-governo-de-minas-gerais","tag-calendario-pagamento-governo-de-minas-gerais","tag-calendario-pagamento-servidores-do-governo-de-minas-gerais","tag-governo-de-minas-divulga-calendario-de-parcelamento-dos-salarios-dos-servidores","tag-governo-de-minas-gerais","tag-novo-calendario-de-pagamento-de-servidores","tag-pagamento-funcionarios-governo-de-minas-gerais","tag-pagamento-servidores-do-governo-de-minas-gerais"],"_links":{"self":[{"href":"https:\/\/aconteceunovale.com.br\/portal\/index.php?rest_route=\/wp\/v2\/posts\/110928","targetHints":{"allow":["GET"]}}],"collection":[{"href":"https:\/\/aconteceunovale.com.br\/portal\/index.php?rest_route=\/wp\/v2\/posts"}],"about":[{"href":"https:\/\/aconteceunovale.com.br\/portal\/index.php?rest_route=\/wp\/v2\/types\/post"}],"author":[{"embeddable":true,"href":"https:\/\/aconteceunovale.com.br\/portal\/index.php?rest_route=\/wp\/v2\/users\/1"}],"replies":[{"embeddable":true,"href":"https:\/\/aconteceunovale.com.br\/portal\/index.php?rest_route=%2Fwp%2Fv2%2Fcomments&post=110928"}],"version-history":[{"count":0,"href":"https:\/\/aconteceunovale.com.br\/portal\/index.php?rest_route=\/wp\/v2\/posts\/110928\/revisions"}],"wp:featuredmedia":[{"embeddable":true,"href":"https:\/\/aconteceunovale.com.br\/portal\/index.php?rest_route=\/wp\/v2\/media\/110929"}],"wp:attachment":[{"href":"https:\/\/aconteceunovale.com.br\/portal\/index.php?rest_route=%2Fwp%2Fv2%2Fmedia&parent=110928"}],"wp:term":[{"taxonomy":"category","embeddable":true,"href":"https:\/\/aconteceunovale.com.br\/portal\/index.php?rest_route=%2Fwp%2Fv2%2Fcategories&post=110928"},{"taxonomy":"post_tag","embeddable":true,"href":"https:\/\/aconteceunovale.com.br\/portal\/index.php?rest_route=%2Fwp%2Fv2%2Ftags&post=110928"}],"curies":[{"name":"wp","href":"https:\/\/api.w.org\/{rel}","templated":true}]}}