{"id":110926,"date":"2017-03-21T17:30:28","date_gmt":"2017-03-21T19:30:28","guid":{"rendered":"http:\/\/aconteceunovale.com.br\/portal\/?p=110926"},"modified":"2017-03-21T21:47:01","modified_gmt":"2017-03-21T23:47:01","slug":"confira-a-lista-dos-21-frigorificos-brasileiros-impedidos-de-exportar","status":"publish","type":"post","link":"https:\/\/aconteceunovale.com.br\/portal\/?p=110926","title":{"rendered":"Confira a lista dos 21 frigor\u00edficos brasileiros impedidos de exportar"},"content":{"rendered":"<p>O ministro da Agricultura, Blairo Maggi, disse hoje (20) que seria um \u201cdesastre\u201d a restri\u00e7\u00e3o \u00e0 carne brasileira pelo mercado internacional. At\u00e9 o momento, a Uni\u00e3o Europeia, a Coreia do Sul, a China e o Chile oficializaram a suspens\u00e3o das importa\u00e7\u00f5es do produto brasileiro. Os pa\u00edses aguardam esclarecimentos do governo brasileiro sobre a Opera\u00e7\u00e3o Carne Fraca, deflagrada sexta-feira (17) pela Pol\u00edcia Federal.<\/p>\n<p>\u201c[A restri\u00e7\u00e3o seria] um desastre. Com toda certeza, um desastre, porque a China \u00e9 um grande importador nosso. A Comunidade Europeia, al\u00e9m de ser o nosso segundo ponto de importa\u00e7\u00e3o, \u00e9 tamb\u00e9m o nosso cart\u00e3o de visitas\u201d, ressaltou o ministro, em entrevista \u00e0 imprensa.<\/p>\n<p>Segundo a den\u00fancia da Pol\u00edcia Federal, o esquema criminoso envolve empres\u00e1rios do agroneg\u00f3cio e fiscais agropecu\u00e1rios que facilitavam a emiss\u00e3o de certificados sanit\u00e1rios para alimentos inadequados para o consumo.<\/p>\n<p>\u201cQuem vende para Europa vende para muitos pa\u00edses que, muitas vezes, nem pedem fiscaliza\u00e7\u00e3o nossa, pois sabem que temos um sistema bom. Eu tor\u00e7o, eu rezo, eu penso, eu trabalho para que isso n\u00e3o venha a acontecer\u201d, disse Maggi.<\/p>\n<p>O ministro anunciou a suspens\u00e3o da licen\u00e7a de exporta\u00e7\u00e3o de 21 plantas de frigor\u00edficos sob investiga\u00e7\u00e3o na opera\u00e7\u00e3o, mas afirmou que continuar\u00e1 a permitir a venda dos produtos no mercado interno. Maggi destacou que as medidas dentro do pa\u00eds s\u00e3o mais brandas porque h\u00e1 controle r\u00edgido dos procedimentos, com base na legisla\u00e7\u00e3o, que protege o consumidor brasileiro. \u201cNo mercado interno, temos mais controle.\u201d<\/p>\n<p>Segundo o ministro, a preocupa\u00e7\u00e3o com o mercado externo se deve \u00e0 dificuldade de reabertura caso haja alguma medida mais r\u00edgida. \u201cUma vez que haja o fechamento de um mercado desses, para reabrir, ser\u00e3o muitos anos de trabalho. A nossa preocupa\u00e7\u00e3o neste momento \u00e9 n\u00e3o deixar sem resposta todos os pedidos de informa\u00e7\u00e3o que o mercado internacional est\u00e1 nos pedindo\u201d, disse Maggi. O ministro lembrou ainda que o mal da vaca louca provocou o fechamento do mercado durante tr\u00eas anos.<\/p>\n<p><strong>China<\/strong><\/p>\n<p>Em reuni\u00e3o via teleconfer\u00eancia na noite desta segunda-feira, o governo brasileiro pretende esclarecer os questionamentos das autoridades sanit\u00e1rias chinesas. No momento, o pa\u00eds tem restringido o desembara\u00e7o de cont\u00eaineres dos portos chineses, ou seja, a sa\u00edda dos produtos em dire\u00e7\u00e3o aos mercados consumidores. \u201cEsperamos que, com essa conversa da noite, conseguir minimizar essa quest\u00e3o que a China colocou\u201d, disse o ministro.<\/p>\n<p>De acordo com a ag\u00eancia de not\u00edcias chinesa Xinhua, as exporta\u00e7\u00f5es do Brasil para a China quase duplicaram nos dois primeiros meses do ano em rela\u00e7\u00e3o ao mesmo per\u00edodo em 2016. Em janeiro e fevereiro, as exporta\u00e7\u00f5es trouxeram US$ 6,246 bilh\u00f5es, principalmente nas vendas de petr\u00f3leo e ferro, soja, polpa de madeira e carne bovina. O valor das exporta\u00e7\u00f5es do Brasil para a China saltou 94,3%, impulsionando por uma subida dos pre\u00e7os de mat\u00e9rias-primas como petr\u00f3leo e ferro.<\/p>\n<p><strong>Demais pa\u00edses<\/strong><\/p>\n<p>O ministro disse acreditar que o Brasil pode receber pedidos de esclarecimento de cerca de 30 pa\u00edses sobre as suspeitas levantadas pela Opera\u00e7\u00e3o Carne Fraca. Este \u00e9 o total de pa\u00edses que importam a carne brasileira.<\/p>\n<p>Segundo Maggi, a Uni\u00e3o Europeia suspendeu a entrada, nos pa\u00edses que comp\u00f5em o bloco, de carne de quatro frigor\u00edficos sob investiga\u00e7\u00e3o na opera\u00e7\u00e3o. \u201cA Comunidade Europeia j\u00e1 comunicou oficialmente que n\u00e3o tomar\u00e1 nenhuma atitude contra o Brasil, a n\u00e3o ser sobre as 21 plantas que est\u00e3o sob suspeita sendo investigadas.\u201d<\/p>\n<p>O governo do Chile tamb\u00e9m enviou comunicado anunciando a suspens\u00e3o da carne brasileira. Maggi afirmou ainda n\u00e3o ter conhecimento do n\u00edvel de restri\u00e7\u00e3o ao produto nacional, mas disse que pode retaliar o pa\u00eds vizinho caso as san\u00e7\u00f5es sejam muito duras. Na Coreia do Sul, a medida restringiu apenas a entrada dos produtos do frigor\u00edfico BRF.<\/p>\n<p>Maggi informou tamb\u00e9m que o Egito comunicou a pasta sobre a possibilidade de suspender as compras de carne brasileira e que a R\u00fassia observa a rea\u00e7\u00e3o da Uni\u00e3o Europeia para decidir o que fazer.<\/p>\n<p>Ainda de acordo com ministro, n\u00e3o h\u00e1 restri\u00e7\u00e3o de embarque da carne brasileira para o mercado externo. As inspe\u00e7\u00f5es nos frigor\u00edficos devem ser realizadas em tr\u00eas semanas, prazo em que o governo espera ter esclarecido todas as d\u00favidas levantadas na Opera\u00e7\u00e3o Carne Fraca.<\/p>\n<p>\u201c\u00c9 claro que as empresas t\u00eam que ter ci\u00eancia deste momento. Eu, particularmente, se fosse uma empresa dessas, n\u00e3o faria embarque at\u00e9 uma defini\u00e7\u00e3o final do que vai acontecer\u201d, disse. Segundo o ministro, o governo j\u00e1 est\u00e1 coletando amostras de produtos dos envolvidos na opera\u00e7\u00e3o. \u201cSe detectarmos algum problema, vamos recomendar a suspens\u00e3o e o recolhimento desses produtos\u201d, garantiu.<\/p>\n<p>O setor de carne movimenta cerca de US$ 15 bilh\u00f5es por ano. Desse total, 30% representam o total em importa\u00e7\u00f5es do produto brasileiro. \u201cSignifica muito dinheiro nisso, por isso a nossa aten\u00e7\u00e3o em n\u00e3o deixar acontecer [uma interrup\u00e7\u00e3o]. N\u00e3o estamos s\u00f3 preocupados com a balan\u00e7a comercial, isso \u00e9 um ponto, mas esse setor emprega 6 milh\u00f5es de pessoas\u201d, ressaltou Maggi.<\/p>\n<p><strong>Confira a lista:<\/strong><\/p>\n<p>1 &#8211; Frigor\u00edfico Oregon (Apucarana-PR)<br \/>\n2 &#8211; Frango DM Ind\u00fastria e Com\u00e9rcio de Alimentos (Arapongas-PR)<br \/>\n3 &#8211; Seara Alimentos (Lapa-PR)<br \/>\n4 &#8211; Peccin Agro Industrial (Jaragu\u00e1 do Sul-SC)<br \/>\n5 &#8211; BRF (Mineiros-GO)<br \/>\n6 &#8211; Frigor\u00edfico Argus (S\u00e3o Jos\u00e9 dos Pinhais-PR)<br \/>\n7 &#8211; Frigomax Frigor\u00edfico e Com\u00e9rcio de Carnes (Arapongas-PR)<br \/>\n9 &#8211; Peccin Agro Industrial (Curitiba-PR)<br \/>\n10 &#8211; JJZ Alimentos (Goianira-GO)<br \/>\n11 &#8211; Balsa Com\u00e9rcio de Alimentos Eireli (Balsa Nova-PR)<br \/>\n12 &#8211; Madero Ind\u00fastria e Com\u00e9rcio (Ponta Grossa-PR)<br \/>\n13 &#8211; Frigor\u00edfico Rainha da Paz) (Ibipor\u00e3-PR)<br \/>\n14 &#8211; Ind\u00fastria de Latic\u00ednios S.S.P.M.A. (Sapopemba-PR)<br \/>\n15 &#8211; Breyer &#038; Cia (Uni\u00e3o da Vit\u00f3ria-PR)<br \/>\n16 &#8211; Frigor\u00edfico Larissa (Ipor\u00e3-PR)<br \/>\n17 &#8211; Central de Carnes Paranaense (Colombo-PR)<br \/>\n18 &#8211; Frigor\u00edfico Souza Ramos (Colombo-PR)<br \/>\n19 &#8211; E.H. Constantino &#038; Constantino (Londrina-PR)<br \/>\n20 &#8211; F\u00e1brica de Farinha de Carnes Castro (Castro-PR)<br \/>\n21 &#8211; Transmeat Log\u00edstica, Transportes e Servi\u00e7os (Balsa Nova-PR)<\/p>\n<p><strong>VER PRIMEIRO<\/strong><\/p>\n<p><strong>Receba as not\u00edcias do Aconteceu no Vale em primeira m\u00e3o. Clique em curtir no endere\u00e7o <a href=\"https:\/\/www.facebook.com\/aconteceunovale\" target=\"_blank\"><font color=\"red\">www.facebook.com\/aconteceunovale<\/font><\/a> ou no box abaixo:<\/strong><\/p>\n<div class=\"fb-like\" data-href=\"https:\/\/www.facebook.com\/aconteceunovale\" data-width=\"120\" data-layout=\"standard\" data-action=\"like\" data-size=\"small\" data-show-faces=\"true\" data-share=\"true\"><\/div>\n<p><\/br><\/p>\n<p><em>(Fonte: Ag\u00eancia Brasil)<\/em><\/p>\n","protected":false},"excerpt":{"rendered":"<p>O ministro da Agricultura, Blairo Maggi, disse hoje (20) que seria um \u201cdesastre\u201d a restri\u00e7\u00e3o \u00e0 carne brasileira pelo mercado internacional. At\u00e9 o momento, a Uni\u00e3o Europeia, a Coreia do Sul, a China e o Chile oficializaram a suspens\u00e3o das importa\u00e7\u00f5es do produto brasileiro. Os pa\u00edses aguardam esclarecimentos do governo brasileiro sobre a Opera\u00e7\u00e3o Carne [&hellip;]<\/p>\n","protected":false},"author":1,"featured_media":93475,"comment_status":"open","ping_status":"closed","sticky":false,"template":"","format":"standard","meta":{"amp_status":"","footnotes":""},"categories":[6,28848],"tags":[142678,142746,22104,142841,93870,105963,142612,142681,142745,142960,142963,143099,143098,1018,57287,142672,142964,142679,102502,142619,142673,142620,142616,102497,142611,23235,142781,142782,142783,142784,15948,20181,91974,143097,142617,142609,142680,142618,142615,1659,20966,142608,772,142610,142613,15166,142614,142961,142962,142747,142748,27315,142780,142677],"class_list":["post-110926","post","type-post","status-publish","format-standard","has-post-thumbnail","hentry","category-br","category-mundo","tag-aeb","tag-ariane-do-nascimento","tag-banco-central","tag-banco-central-bloqueia-r-2-milhoes-de-46-investigados-na-carne-fraca","tag-blairo-maggi","tag-bloqueio","tag-brf-brasil","tag-carne-fraca-ministerio-afasta-33-servidores-suspeitos-de-envolvimento","tag-carne-maquiada-pode-levar-a-morte","tag-churrascaria-em-que-michel-temer-levou-embaixadores-serve-carne-importada","tag-churrascaria-em-que-temer-levou-embaixadores","tag-confira-a-lista-dos-21-frigorificos-brasileiros-impedidos-de-exportar","tag-confira-a-lista-dos-21-frigorificos-impedidos-de-exportar","tag-destaque","tag-diz-entidade","tag-empresas-maquiavam-carne-vencida-e-subornavam-fiscais-de-ministerio","tag-escandalo-da-carne","tag-exportacao-de-carnes","tag-friboi","tag-frigorifico-larissa","tag-frigorificos","tag-frigorificos-alvos-de-operacao-da-pf-vendiam-carne-vencida-no-brasil-e-no-exterior","tag-idair-antonio-piccin","tag-jbs","tag-mandados-operacao-carne-fraca","tag-mapa","tag-marcas-investigadas-na-operacao-carne-fraca","tag-marcas-que-vendem-carne-adulterada","tag-marcas-que-vendem-carne-podre","tag-marcas-que-vendem-papelao","tag-maua","tag-michel-temer","tag-ministerio-da-agricultura","tag-ministro-da-agricultura","tag-nair-klein-piccin","tag-operacao-carne-fraca","tag-operacao-carne-fraca-podera-afetar-vendas-do-brasil-no-exterior","tag-paulo-rogerio-sposito","tag-peccin","tag-perdigao","tag-pf","tag-pf-faz-operacao-para-combater-fraudes-na-fiscalizacao-do-setor-de-alimentos","tag-policia-federal","tag-presos-na-operacao-carne-fraca","tag-sadia","tag-seara","tag-swift","tag-temer-em-churrascaria","tag-temer-em-churrascaria-que-serve-carne-importada","tag-tony-ramos","tag-tony-ramos-se-diz-surpreso-com-operacao-da-pf","tag-unifenas","tag-veja-a-lista-com-as-principais-marcas-envolvidas-na-operacao-carne-fraca","tag-vendas-do-brasil-no-exterior"],"_links":{"self":[{"href":"https:\/\/aconteceunovale.com.br\/portal\/index.php?rest_route=\/wp\/v2\/posts\/110926","targetHints":{"allow":["GET"]}}],"collection":[{"href":"https:\/\/aconteceunovale.com.br\/portal\/index.php?rest_route=\/wp\/v2\/posts"}],"about":[{"href":"https:\/\/aconteceunovale.com.br\/portal\/index.php?rest_route=\/wp\/v2\/types\/post"}],"author":[{"embeddable":true,"href":"https:\/\/aconteceunovale.com.br\/portal\/index.php?rest_route=\/wp\/v2\/users\/1"}],"replies":[{"embeddable":true,"href":"https:\/\/aconteceunovale.com.br\/portal\/index.php?rest_route=%2Fwp%2Fv2%2Fcomments&post=110926"}],"version-history":[{"count":0,"href":"https:\/\/aconteceunovale.com.br\/portal\/index.php?rest_route=\/wp\/v2\/posts\/110926\/revisions"}],"wp:featuredmedia":[{"embeddable":true,"href":"https:\/\/aconteceunovale.com.br\/portal\/index.php?rest_route=\/wp\/v2\/media\/93475"}],"wp:attachment":[{"href":"https:\/\/aconteceunovale.com.br\/portal\/index.php?rest_route=%2Fwp%2Fv2%2Fmedia&parent=110926"}],"wp:term":[{"taxonomy":"category","embeddable":true,"href":"https:\/\/aconteceunovale.com.br\/portal\/index.php?rest_route=%2Fwp%2Fv2%2Fcategories&post=110926"},{"taxonomy":"post_tag","embeddable":true,"href":"https:\/\/aconteceunovale.com.br\/portal\/index.php?rest_route=%2Fwp%2Fv2%2Ftags&post=110926"}],"curies":[{"name":"wp","href":"https:\/\/api.w.org\/{rel}","templated":true}]}}