{"id":110913,"date":"2017-03-21T13:34:37","date_gmt":"2017-03-21T15:34:37","guid":{"rendered":"http:\/\/aconteceunovale.com.br\/portal\/?p=110913"},"modified":"2017-03-21T13:37:12","modified_gmt":"2017-03-21T15:37:12","slug":"joao-neto-frederico-parangole-e-joao-lucas-diogo-serao-as-atracoes-principais-da-cavalgada-de-veredinha","status":"publish","type":"post","link":"https:\/\/aconteceunovale.com.br\/portal\/?p=110913","title":{"rendered":"Jo\u00e3o Neto &#038; Frederico, Parangol\u00e9 e Jo\u00e3o Lucas &#038; Diogo ser\u00e3o as atra\u00e7\u00f5es principais da Cavalgada de Veredinha"},"content":{"rendered":"<p>A Cavalgada de Veredinha, um dos principais eventos do Alto Jequitinhonha, ter\u00e1 tr\u00eas shows de renome nacional em 2017. A programa\u00e7\u00e3o da festa, que acontecer\u00e1 no per\u00edodo de 20 a 23 de abril, foi divulgada recentemente pela prefeitura do munic\u00edpio. <\/p>\n<p>De acordo com nota enviada ao Aconteceu no Vale, Parangol\u00e9, Jo\u00e3o Neto &#038; Frederico e Jo\u00e3o Lucas &#038; Diogo ser\u00e3o as principais atra\u00e7\u00f5es da XXIV Cavalgada de Veredinha. Show Amigos, Encontro de Cavaleiros, Encontro de Som Automotivo e Copa de Marcha tamb\u00e9m est\u00e3o previstos na programa\u00e7\u00e3o do evento.<\/p>\n<p>A Cavalgada de Veredinha \u00e9 produzida pela empresa Minas Eventos e promovida pela Secretaria de Cultura do munic\u00edpio com apoio da C\u00e2mara Municipal, Pol\u00edcia Militar, IMA e EMATER-MG. <\/p>\n<p><img decoding=\"async\" src=\"http:\/\/aconteceunovale.com.br\/portal\/wp-content\/uploads\/2017\/03\/cavalgada_veredinha_17.jpg\" alt=\"\" \/><em>Jo\u00e3o Neto &#038; Frederico, Parangol\u00e9 e Jo\u00e3o Lucas &#038; Diogo (Divulga\u00e7\u00e3o)<\/em><br \/>\n<\/br><\/p>\n<p><strong>Confira a programa\u00e7\u00e3o:<\/strong><\/p>\n<p>Quinta-feira (20\/04\/2017)<br \/>\n&#8211; 20h00 &#8211; Show Amigos com entrada franca<\/p>\n<p>Sexta-feira (21\/04\/2017)<br \/>\n&#8211; 12h00 \u2013 Encontro de Cavaleiros<br \/>\n&#8211; 20h00 \u2013 Show com Banda PARANGOL\u00c9<\/p>\n<p>S\u00e1bado (22\/04\/2017)<br \/>\n&#8211; 12h00 \u2013 Encontro de Som Automotivo<br \/>\n&#8211; 20h00 \u2013 Show com JO\u00c3O NETO &#038; FREDERICO<\/p>\n<p>Domingo (23\/04\/2017)<br \/>\n&#8211; 12h00 \u2013 Copa de Marcha<br \/>\n&#8211; 20h00 \u2013 Show com JO\u00c3O LUCAS &#038; DIOGO<\/p>\n<p><strong>Encontro de Cavaleiros em Mendon\u00e7a<\/strong><\/p>\n<p>O Distrito de Mendon\u00e7a realizou no domingo (19) o grande encontro de cavaleiros em prepara\u00e7\u00e3o para a XXIV Cavalgada de Veredinha. O evento contou com cavaleiros de diversas comunidades rurais e de outros munic\u00edpios, como: Capelinha, Turmalina e Itamarandiba. <\/p>\n<p>No pr\u00f3ximo dia 2 de abril acontecer\u00e1 em Veredinha o grande esquenta para a XXIV Cavalgada.<\/p>\n<p><img decoding=\"async\" src=\"http:\/\/aconteceunovale.com.br\/portal\/wp-content\/uploads\/2017\/03\/encontro_mendonca_1.jpg\" alt=\"\" \/><em>Encontro de Cavaleiros em Mendon\u00e7a (Foto: Divulga\u00e7\u00e3o\/Prefeitura de Veredinha)<\/em><br \/>\n<\/br><\/p>\n<p><img decoding=\"async\" src=\"http:\/\/aconteceunovale.com.br\/portal\/wp-content\/uploads\/2017\/03\/encontro_mendonca_2.jpg\" alt=\"\" \/><em>Encontro de Cavaleiros em Mendon\u00e7a (Foto: Divulga\u00e7\u00e3o\/Prefeitura de Veredinha)<\/em><br \/>\n<\/br><\/p>\n<p><img decoding=\"async\" src=\"http:\/\/aconteceunovale.com.br\/portal\/wp-content\/uploads\/2017\/03\/encontro_mendonca_3.jpg\" alt=\"\" \/><em>Encontro de Cavaleiros em Mendon\u00e7a (Foto: Divulga\u00e7\u00e3o\/Prefeitura de Veredinha)<\/em><br \/>\n<\/br><\/p>\n<p><strong>VER PRIMEIRO<\/strong><\/p>\n<p><strong>Receba as not\u00edcias do Aconteceu no Vale em primeira m\u00e3o. Clique em curtir no endere\u00e7o <a href=\"https:\/\/www.facebook.com\/aconteceunovale\" target=\"_blank\"><font color=\"red\">www.facebook.com\/aconteceunovale<\/font><\/a> ou no box abaixo:<\/strong><\/p>\n<div class=\"fb-like\" data-href=\"https:\/\/www.facebook.com\/aconteceunovale\" data-width=\"120\" data-layout=\"standard\" data-action=\"like\" data-size=\"small\" data-show-faces=\"true\" data-share=\"true\"><\/div>\n<p><\/br><\/p>\n","protected":false},"excerpt":{"rendered":"<p>A Cavalgada de Veredinha, um dos principais eventos do Alto Jequitinhonha, ter\u00e1 tr\u00eas shows de renome nacional em 2017. A programa\u00e7\u00e3o da festa, que acontecer\u00e1 no per\u00edodo de 20 a 23 de abril, foi divulgada recentemente pela prefeitura do munic\u00edpio. De acordo com nota enviada ao Aconteceu no Vale, Parangol\u00e9, Jo\u00e3o Neto &#038; Frederico e [&hellip;]<\/p>\n","protected":false},"author":1,"featured_media":110917,"comment_status":"open","ping_status":"closed","sticky":false,"template":"","format":"standard","meta":{"amp_status":"","footnotes":""},"categories":[125,120],"tags":[143066,143069,143073,143064,143068,143072,143063,38332,143070,143065,143060,143076,143074,1865,143075,143067,143071,143062,916,143061],"class_list":["post-110913","post","type-post","status-publish","format-standard","has-post-thumbnail","hentry","category-noticias","category-jequi","tag-agenda-xxiv-cavalgada-de-veredinha","tag-atracoes-cavalgada-de-veredinha","tag-atracoes-cavalgada-de-veredinha-2017","tag-atracoes-xxiv-cavalgada-de-veredinha","tag-bandas-cavalgada-de-veredinha","tag-bandas-cavalgada-de-veredinha-2017","tag-bandas-xxiv-cavalgada-de-veredinha","tag-cavalgada-de-veredinha","tag-cavalgada-de-veredinha-2017","tag-datas-xxiv-cavalgada-de-veredinha","tag-encontro-de-cavaleiros-em-mendonca","tag-joao-lucas-diogo","tag-joao-neto-frederico","tag-mendonca","tag-parangole","tag-shows-cavalgada-de-veredinha","tag-shows-cavalgada-de-veredinha-2017","tag-shows-xxiv-cavalgada-de-veredinha","tag-veredinha","tag-xxiv-cavalgada-de-veredinha"],"_links":{"self":[{"href":"https:\/\/aconteceunovale.com.br\/portal\/index.php?rest_route=\/wp\/v2\/posts\/110913","targetHints":{"allow":["GET"]}}],"collection":[{"href":"https:\/\/aconteceunovale.com.br\/portal\/index.php?rest_route=\/wp\/v2\/posts"}],"about":[{"href":"https:\/\/aconteceunovale.com.br\/portal\/index.php?rest_route=\/wp\/v2\/types\/post"}],"author":[{"embeddable":true,"href":"https:\/\/aconteceunovale.com.br\/portal\/index.php?rest_route=\/wp\/v2\/users\/1"}],"replies":[{"embeddable":true,"href":"https:\/\/aconteceunovale.com.br\/portal\/index.php?rest_route=%2Fwp%2Fv2%2Fcomments&post=110913"}],"version-history":[{"count":0,"href":"https:\/\/aconteceunovale.com.br\/portal\/index.php?rest_route=\/wp\/v2\/posts\/110913\/revisions"}],"wp:featuredmedia":[{"embeddable":true,"href":"https:\/\/aconteceunovale.com.br\/portal\/index.php?rest_route=\/wp\/v2\/media\/110917"}],"wp:attachment":[{"href":"https:\/\/aconteceunovale.com.br\/portal\/index.php?rest_route=%2Fwp%2Fv2%2Fmedia&parent=110913"}],"wp:term":[{"taxonomy":"category","embeddable":true,"href":"https:\/\/aconteceunovale.com.br\/portal\/index.php?rest_route=%2Fwp%2Fv2%2Fcategories&post=110913"},{"taxonomy":"post_tag","embeddable":true,"href":"https:\/\/aconteceunovale.com.br\/portal\/index.php?rest_route=%2Fwp%2Fv2%2Ftags&post=110913"}],"curies":[{"name":"wp","href":"https:\/\/api.w.org\/{rel}","templated":true}]}}