{"id":110817,"date":"2017-03-18T23:40:20","date_gmt":"2017-03-19T01:40:20","guid":{"rendered":"http:\/\/aconteceunovale.com.br\/portal\/?p=110817"},"modified":"2017-03-18T23:40:20","modified_gmt":"2017-03-19T01:40:20","slug":"banco-central-bloqueia-r-2-milhoes-de-46-investigados-na-operacao-carne-fraca","status":"publish","type":"post","link":"https:\/\/aconteceunovale.com.br\/portal\/?p=110817","title":{"rendered":"Banco Central bloqueia R$ 2 milh\u00f5es de 46 investigados na Opera\u00e7\u00e3o Carne Fraca"},"content":{"rendered":"<p>O Banco Central bloqueou cerca de R$ 2 milh\u00f5es de contas de 46 investigados na Opera\u00e7\u00e3o Carne Fraca, deflagrada ontem pela Pol\u00edcia Federal. A Justi\u00e7a Federal determinou que o Banco Central fizesse o bloqueio de at\u00e9 R$ 1 bilh\u00e3o de cada uma das contas.<\/p>\n<p>As contas bloqueadas tinham valores diversos, que iam de centavos a at\u00e9 mais de R$ 500 mil. O valor de bloqueio de R$ 1 bilh\u00e3o era o teto estipulado pela Justi\u00e7a, n\u00e3o significando a identifica\u00e7\u00e3o desse valor durante as investiga\u00e7\u00f5es. <\/p>\n<p>A Opera\u00e7\u00e3o Carne Fraca, da Pol\u00edcia Federal, desarticulou uma organiza\u00e7\u00e3o criminosa liderada por fiscais agropecu\u00e1rios que emitiam certificados sanit\u00e1rios sem fiscaliza\u00e7\u00e3o em troca de propina. Ao todo, cerca de 30 empresas fornecedoras de grandes frigor\u00edficos est\u00e3o sendo investigadas. Al\u00e9m disso, 33 fiscais federais tamb\u00e9m est\u00e3o sob investiga\u00e7\u00e3o.<\/p>\n<p>Ainda segundo a PF,  os frigor\u00edficos envolvidos no esquema criminoso &#8220;maquiavam&#8221; carnes vencidas com \u00e1cido asc\u00f3rbico e as reembalavam para conseguir vend\u00ea-las. A carne impr\u00f3pria para consumo era destinada tanto ao mercado interno quanto \u00e0 exporta\u00e7\u00e3o.<\/p>\n<p><strong>Governo<\/strong><\/p>\n<p>Mais cedo, o ministro da Agricultura, Pecu\u00e1ria e Abastecimento, Blairo Maggi, defendeu o sistema de inspe\u00e7\u00e3o agropecu\u00e1ria brasileiro e disse que a fiscaliza\u00e7\u00e3o \u00e9 \u201cforte, robusta e s\u00e9ria\u201d. Segundo ele, o minist\u00e9rio est\u00e1 tomando todas as provid\u00eancias sobre as den\u00fancias levantadas pela opera\u00e7\u00e3o, mas n\u00e3o h\u00e1 motivos para a popula\u00e7\u00e3o ter receio de consumir carne.<\/p>\n<p>\u201cO que aconteceu foi desvio de alguns servidores, de algumas empresas, n\u00f3s temos que discutir como foi que isso aconteceu. Mas eu posso garantir com toda tranquilidade: eu n\u00e3o deixarei de consumir e recomendo que voc\u00ea tamb\u00e9m n\u00e3o deixe porque n\u00e3o h\u00e1 risco nenhum\u201d, afirmou.<\/p>\n<p>Em nota, a pasta afirma que o \u201cServi\u00e7o de Inspe\u00e7\u00e3o Federal brasileiro \u00e9 considerado um dos mais eficientes e rigorosos do mundo\u201d.<\/p>\n<p>O presidente Michel Temer deve se reunir amanh\u00e3 (19) \u00e0 tarde com Blairo Maggi para discutir as medidas do governo e a repercuss\u00e3o no mercado internacional depois da deflagra\u00e7\u00e3o da Opera\u00e7\u00e3o Carne Fraca. O objetivo ser\u00e1 debater as medidas que j\u00e1 est\u00e3o sendo tomadas pelo minist\u00e9rio e os poss\u00edveis impactos da opera\u00e7\u00e3o sobre as exporta\u00e7\u00f5es de carnes brasileiras.<\/p>\n<p><strong>VER PRIMEIRO<\/strong><\/p>\n<p><strong>Receba as not\u00edcias do Aconteceu no Vale em primeira m\u00e3o. Clique em curtir no endere\u00e7o <a href=\"https:\/\/www.facebook.com\/aconteceunovale\" target=\"_blank\"><font color=\"red\">www.facebook.com\/aconteceunovale<\/font><\/a> ou no box abaixo:<\/strong><\/p>\n<div class=\"fb-like\" data-href=\"https:\/\/www.facebook.com\/aconteceunovale\" data-width=\"120\" data-layout=\"standard\" data-action=\"like\" data-size=\"small\" data-show-faces=\"true\" data-share=\"true\"><\/div>\n<p><\/br><\/p>\n<p><em>(Fonte: Ag\u00eancia Brasil)<\/em><\/p>\n","protected":false},"excerpt":{"rendered":"<p>O Banco Central bloqueou cerca de R$ 2 milh\u00f5es de contas de 46 investigados na Opera\u00e7\u00e3o Carne Fraca, deflagrada ontem pela Pol\u00edcia Federal. A Justi\u00e7a Federal determinou que o Banco Central fizesse o bloqueio de at\u00e9 R$ 1 bilh\u00e3o de cada uma das contas. As contas bloqueadas tinham valores diversos, que iam de centavos a [&hellip;]<\/p>\n","protected":false},"author":1,"featured_media":110818,"comment_status":"open","ping_status":"closed","sticky":false,"template":"","format":"standard","meta":{"amp_status":"","footnotes":""},"categories":[6],"tags":[142678,142746,22104,142841,105963,142612,142681,142745,1018,57287,142672,142679,102502,142619,142673,142620,142616,102497,142611,23235,142781,142782,142783,142784,15948,91974,142617,142609,142680,142618,142615,1659,20966,142608,772,142610,142613,15166,142614,142747,142748,27315,142780,142677],"class_list":["post-110817","post","type-post","status-publish","format-standard","has-post-thumbnail","hentry","category-br","tag-aeb","tag-ariane-do-nascimento","tag-banco-central","tag-banco-central-bloqueia-r-2-milhoes-de-46-investigados-na-carne-fraca","tag-bloqueio","tag-brf-brasil","tag-carne-fraca-ministerio-afasta-33-servidores-suspeitos-de-envolvimento","tag-carne-maquiada-pode-levar-a-morte","tag-destaque","tag-diz-entidade","tag-empresas-maquiavam-carne-vencida-e-subornavam-fiscais-de-ministerio","tag-exportacao-de-carnes","tag-friboi","tag-frigorifico-larissa","tag-frigorificos","tag-frigorificos-alvos-de-operacao-da-pf-vendiam-carne-vencida-no-brasil-e-no-exterior","tag-idair-antonio-piccin","tag-jbs","tag-mandados-operacao-carne-fraca","tag-mapa","tag-marcas-investigadas-na-operacao-carne-fraca","tag-marcas-que-vendem-carne-adulterada","tag-marcas-que-vendem-carne-podre","tag-marcas-que-vendem-papelao","tag-maua","tag-ministerio-da-agricultura","tag-nair-klein-piccin","tag-operacao-carne-fraca","tag-operacao-carne-fraca-podera-afetar-vendas-do-brasil-no-exterior","tag-paulo-rogerio-sposito","tag-peccin","tag-perdigao","tag-pf","tag-pf-faz-operacao-para-combater-fraudes-na-fiscalizacao-do-setor-de-alimentos","tag-policia-federal","tag-presos-na-operacao-carne-fraca","tag-sadia","tag-seara","tag-swift","tag-tony-ramos","tag-tony-ramos-se-diz-surpreso-com-operacao-da-pf","tag-unifenas","tag-veja-a-lista-com-as-principais-marcas-envolvidas-na-operacao-carne-fraca","tag-vendas-do-brasil-no-exterior"],"_links":{"self":[{"href":"https:\/\/aconteceunovale.com.br\/portal\/index.php?rest_route=\/wp\/v2\/posts\/110817","targetHints":{"allow":["GET"]}}],"collection":[{"href":"https:\/\/aconteceunovale.com.br\/portal\/index.php?rest_route=\/wp\/v2\/posts"}],"about":[{"href":"https:\/\/aconteceunovale.com.br\/portal\/index.php?rest_route=\/wp\/v2\/types\/post"}],"author":[{"embeddable":true,"href":"https:\/\/aconteceunovale.com.br\/portal\/index.php?rest_route=\/wp\/v2\/users\/1"}],"replies":[{"embeddable":true,"href":"https:\/\/aconteceunovale.com.br\/portal\/index.php?rest_route=%2Fwp%2Fv2%2Fcomments&post=110817"}],"version-history":[{"count":0,"href":"https:\/\/aconteceunovale.com.br\/portal\/index.php?rest_route=\/wp\/v2\/posts\/110817\/revisions"}],"wp:featuredmedia":[{"embeddable":true,"href":"https:\/\/aconteceunovale.com.br\/portal\/index.php?rest_route=\/wp\/v2\/media\/110818"}],"wp:attachment":[{"href":"https:\/\/aconteceunovale.com.br\/portal\/index.php?rest_route=%2Fwp%2Fv2%2Fmedia&parent=110817"}],"wp:term":[{"taxonomy":"category","embeddable":true,"href":"https:\/\/aconteceunovale.com.br\/portal\/index.php?rest_route=%2Fwp%2Fv2%2Fcategories&post=110817"},{"taxonomy":"post_tag","embeddable":true,"href":"https:\/\/aconteceunovale.com.br\/portal\/index.php?rest_route=%2Fwp%2Fv2%2Ftags&post=110817"}],"curies":[{"name":"wp","href":"https:\/\/api.w.org\/{rel}","templated":true}]}}