{"id":110812,"date":"2017-03-18T23:20:42","date_gmt":"2017-03-19T01:20:42","guid":{"rendered":"http:\/\/aconteceunovale.com.br\/portal\/?p=110812"},"modified":"2017-03-18T23:20:42","modified_gmt":"2017-03-19T01:20:42","slug":"policia-militar-prende-suspeito-de-varios-assaltos-em-conceicao-do-mato-dentro","status":"publish","type":"post","link":"https:\/\/aconteceunovale.com.br\/portal\/?p=110812","title":{"rendered":"Pol\u00edcia Militar prende suspeito de v\u00e1rios assaltos em Concei\u00e7\u00e3o do Mato Dentro"},"content":{"rendered":"<p>Um rapaz de 20 anos foi preso nessa sexta-feira, 17 de mar\u00e7o, suspeito de v\u00e1rios roubos em Concei\u00e7\u00e3o do Mato Dentro (MG). De acordo com informa\u00e7\u00f5es divulgadas pela Pol\u00edcia Militar (PM), Jeferson Rodrigo dos Santos teria assaltado um supermercado, a ag\u00eancia dos Correios e uma loja de doces. Os crimes foram praticados durante tr\u00eas dias.<\/p>\n<p>Ainda segundo a PM, no come\u00e7o da noite de ontem, ap\u00f3s mobilizar viaturas durante o roubo ao supermercado, o suspeito foi abordado. <\/p>\n<p>O jovem, que \u00e9 morador de Itabira, teria confessado os crimes. Ele afirmou que chegou a Concei\u00e7\u00e3o do Mato Dentro na ter\u00e7a-feira e que procurava um emprego. Como teria ficado sem dinheiro, cometeu os assaltos para retornar a sua cidade.<\/p>\n<p>A PM informou tamb\u00e9m que o rapaz cometia os crimes simulando o porte de arma. Ele roubou R$ 400 da loja de doces e aproximadamente R$ 1000 dos outros dois estabelecimentos. O valor roubado do supermercado foi recuperado pela PM.<\/p>\n<p>O assaltante j\u00e1 tinha passagens pelos meios policiais e foi encaminhado \u00e0 Delegacia de Plant\u00e3o em Diamantina para demais provid\u00eancias.<\/p>\n<p><img decoding=\"async\" src=\"http:\/\/aconteceunovale.com.br\/portal\/wp-content\/uploads\/2017\/03\/assalto_cmd_ita_1.jpeg\" alt=\"\" \/><em>Material apreendido na ocorr\u00eancia (Foto: Divulga\u00e7\u00e3o\/PM)<\/em><br \/>\n<\/br><\/p>\n<p><img decoding=\"async\" src=\"http:\/\/aconteceunovale.com.br\/portal\/wp-content\/uploads\/2017\/03\/assalto_cmd_ita_2.jpeg\" alt=\"\" \/><em>Suspeito foi encaminhado para Diamantina (Foto: Divulga\u00e7\u00e3o\/PM)<\/em><br \/>\n<\/br><\/p>\n<p><strong>VER PRIMEIRO<\/strong><\/p>\n<p><strong>Receba as not\u00edcias do Aconteceu no Vale em primeira m\u00e3o. Clique em curtir no endere\u00e7o <a href=\"https:\/\/www.facebook.com\/aconteceunovale\" target=\"_blank\"><font color=\"red\">www.facebook.com\/aconteceunovale<\/font><\/a> ou no box abaixo:<\/strong><\/p>\n<div class=\"fb-like\" data-href=\"https:\/\/www.facebook.com\/aconteceunovale\" data-width=\"120\" data-layout=\"standard\" data-action=\"like\" data-size=\"small\" data-show-faces=\"true\" data-share=\"true\"><\/div>\n<p><\/br><\/p>\n","protected":false},"excerpt":{"rendered":"<p>Um rapaz de 20 anos foi preso nessa sexta-feira, 17 de mar\u00e7o, suspeito de v\u00e1rios roubos em Concei\u00e7\u00e3o do Mato Dentro (MG). De acordo com informa\u00e7\u00f5es divulgadas pela Pol\u00edcia Militar (PM), Jeferson Rodrigo dos Santos teria assaltado um supermercado, a ag\u00eancia dos Correios e uma loja de doces. Os crimes foram praticados durante tr\u00eas dias. [&hellip;]<\/p>\n","protected":false},"author":1,"featured_media":110815,"comment_status":"open","ping_status":"closed","sticky":false,"template":"","format":"standard","meta":{"amp_status":"","footnotes":""},"categories":[123],"tags":[142839,142836,142835,142833,628,202,142832,142840,142838,142837,142834],"class_list":["post-110812","post","type-post","status-publish","format-standard","has-post-thumbnail","hentry","category-gerais","tag-assaltante-preso-em-conceicao-do-mato-dentro","tag-assalto-correios-de-conceicao-do-mato-dentro","tag-assalto-supermercado-de-conceicao-do-mato-dentro","tag-assaltos-conceicao-do-mato-dentro","tag-conceicao-do-mato-dentro","tag-itabira","tag-jeferson-rodrigo-dos-santos","tag-policia-militar-prende-suspeito-de-varios-assaltos-em-conceicao-do-mato-dentro","tag-preso-em-conceicao-do-mato-dentro","tag-roubo-correios-de-conceicao-do-mato-dentro","tag-roubos-conceicao-do-mato-dentro"],"_links":{"self":[{"href":"https:\/\/aconteceunovale.com.br\/portal\/index.php?rest_route=\/wp\/v2\/posts\/110812","targetHints":{"allow":["GET"]}}],"collection":[{"href":"https:\/\/aconteceunovale.com.br\/portal\/index.php?rest_route=\/wp\/v2\/posts"}],"about":[{"href":"https:\/\/aconteceunovale.com.br\/portal\/index.php?rest_route=\/wp\/v2\/types\/post"}],"author":[{"embeddable":true,"href":"https:\/\/aconteceunovale.com.br\/portal\/index.php?rest_route=\/wp\/v2\/users\/1"}],"replies":[{"embeddable":true,"href":"https:\/\/aconteceunovale.com.br\/portal\/index.php?rest_route=%2Fwp%2Fv2%2Fcomments&post=110812"}],"version-history":[{"count":0,"href":"https:\/\/aconteceunovale.com.br\/portal\/index.php?rest_route=\/wp\/v2\/posts\/110812\/revisions"}],"wp:featuredmedia":[{"embeddable":true,"href":"https:\/\/aconteceunovale.com.br\/portal\/index.php?rest_route=\/wp\/v2\/media\/110815"}],"wp:attachment":[{"href":"https:\/\/aconteceunovale.com.br\/portal\/index.php?rest_route=%2Fwp%2Fv2%2Fmedia&parent=110812"}],"wp:term":[{"taxonomy":"category","embeddable":true,"href":"https:\/\/aconteceunovale.com.br\/portal\/index.php?rest_route=%2Fwp%2Fv2%2Fcategories&post=110812"},{"taxonomy":"post_tag","embeddable":true,"href":"https:\/\/aconteceunovale.com.br\/portal\/index.php?rest_route=%2Fwp%2Fv2%2Ftags&post=110812"}],"curies":[{"name":"wp","href":"https:\/\/api.w.org\/{rel}","templated":true}]}}