{"id":110809,"date":"2017-03-18T22:42:26","date_gmt":"2017-03-19T00:42:26","guid":{"rendered":"http:\/\/aconteceunovale.com.br\/portal\/?p=110809"},"modified":"2017-03-18T22:42:26","modified_gmt":"2017-03-19T00:42:26","slug":"incendio-destroi-veiculo-de-transporte-escolar-em-sao-francisco-no-norte-de-minas","status":"publish","type":"post","link":"https:\/\/aconteceunovale.com.br\/portal\/?p=110809","title":{"rendered":"Inc\u00eandio destr\u00f3i ve\u00edculo de transporte escolar em S\u00e3o Francisco, no Norte de Minas"},"content":{"rendered":"<p>Uma Kombi pegou fogo no fim da tarde de sexta-feira (17) em S\u00e3o Francisco, no Norte de Minas. De acordo com informa\u00e7\u00f5es da Pol\u00edcia Militar (PM), as chamas tiveram in\u00edcio no sistema el\u00e9trico do ve\u00edculo, que ficou totalmente destru\u00eddo.<\/p>\n<p>Moradores afirmam que o ve\u00edculo era utilizado para transporte de alunos na cidade. O inc\u00eandio atingiu a Kombi pr\u00f3ximo \u00e0 escola do Bairro Bandeirantes. Ningu\u00e9m ficou ferido.<\/p>\n<p>A PM afirmou que outras duas ocorr\u00eancias com as mesmas caracter\u00edsticas foram registras na cidade nos \u00faltimos 30 dias. S\u00e3o Francisco n\u00e3o possui unidade do Corpo de Bombeiros e \u00e9 atendida pelo pelot\u00e3o de Janu\u00e1ria.<\/p>\n<p><img decoding=\"async\" src=\"http:\/\/aconteceunovale.com.br\/portal\/wp-content\/uploads\/2017\/03\/incendio_kombi_sf.jpg\" alt=\"\" \/><em>Chamas destru\u00edram ve\u00edculo (Foto: Raul Ribeiro da Silva\/Reprodu\u00e7\u00e3o G1)<\/em><br \/>\n<\/br><\/p>\n<p><strong>VER PRIMEIRO<\/strong><\/p>\n<p><strong>Receba as not\u00edcias do Aconteceu no Vale em primeira m\u00e3o. Clique em curtir no endere\u00e7o <a href=\"https:\/\/www.facebook.com\/aconteceunovale\" target=\"_blank\"><font color=\"red\">www.facebook.com\/aconteceunovale<\/font><\/a> ou no box abaixo:<\/strong><\/p>\n<div class=\"fb-like\" data-href=\"https:\/\/www.facebook.com\/aconteceunovale\" data-width=\"120\" data-layout=\"standard\" data-action=\"like\" data-size=\"small\" data-show-faces=\"true\" data-share=\"true\"><\/div>\n<p><\/br><\/p>\n<p><em>(Fonte: G1 Grande Minas)<\/em><\/p>\n","protected":false},"excerpt":{"rendered":"<p>Uma Kombi pegou fogo no fim da tarde de sexta-feira (17) em S\u00e3o Francisco, no Norte de Minas. De acordo com informa\u00e7\u00f5es da Pol\u00edcia Militar (PM), as chamas tiveram in\u00edcio no sistema el\u00e9trico do ve\u00edculo, que ficou totalmente destru\u00eddo. Moradores afirmam que o ve\u00edculo era utilizado para transporte de alunos na cidade. O inc\u00eandio atingiu [&hellip;]<\/p>\n","protected":false},"author":1,"featured_media":110810,"comment_status":"open","ping_status":"closed","sticky":false,"template":"","format":"standard","meta":{"amp_status":"","footnotes":""},"categories":[1236],"tags":[142831,142829,142830,1522],"class_list":["post-110809","post","type-post","status-publish","format-standard","has-post-thumbnail","hentry","category-norte_de_minas","tag-incendio-destroi-veiculo-de-transporte-escolar-em-sao-francisco","tag-incendio-sao-francisco","tag-incendio-veiculo-escolar-em-sao-francisco","tag-sao-francisco"],"_links":{"self":[{"href":"https:\/\/aconteceunovale.com.br\/portal\/index.php?rest_route=\/wp\/v2\/posts\/110809","targetHints":{"allow":["GET"]}}],"collection":[{"href":"https:\/\/aconteceunovale.com.br\/portal\/index.php?rest_route=\/wp\/v2\/posts"}],"about":[{"href":"https:\/\/aconteceunovale.com.br\/portal\/index.php?rest_route=\/wp\/v2\/types\/post"}],"author":[{"embeddable":true,"href":"https:\/\/aconteceunovale.com.br\/portal\/index.php?rest_route=\/wp\/v2\/users\/1"}],"replies":[{"embeddable":true,"href":"https:\/\/aconteceunovale.com.br\/portal\/index.php?rest_route=%2Fwp%2Fv2%2Fcomments&post=110809"}],"version-history":[{"count":0,"href":"https:\/\/aconteceunovale.com.br\/portal\/index.php?rest_route=\/wp\/v2\/posts\/110809\/revisions"}],"wp:featuredmedia":[{"embeddable":true,"href":"https:\/\/aconteceunovale.com.br\/portal\/index.php?rest_route=\/wp\/v2\/media\/110810"}],"wp:attachment":[{"href":"https:\/\/aconteceunovale.com.br\/portal\/index.php?rest_route=%2Fwp%2Fv2%2Fmedia&parent=110809"}],"wp:term":[{"taxonomy":"category","embeddable":true,"href":"https:\/\/aconteceunovale.com.br\/portal\/index.php?rest_route=%2Fwp%2Fv2%2Fcategories&post=110809"},{"taxonomy":"post_tag","embeddable":true,"href":"https:\/\/aconteceunovale.com.br\/portal\/index.php?rest_route=%2Fwp%2Fv2%2Ftags&post=110809"}],"curies":[{"name":"wp","href":"https:\/\/api.w.org\/{rel}","templated":true}]}}