{"id":110798,"date":"2017-03-18T22:17:41","date_gmt":"2017-03-19T00:17:41","guid":{"rendered":"http:\/\/aconteceunovale.com.br\/portal\/?p=110798"},"modified":"2017-03-19T11:31:04","modified_gmt":"2017-03-19T13:31:04","slug":"motorista-de-trator-morre-em-acidente-na-zona-rural-de-frei-gaspar","status":"publish","type":"post","link":"https:\/\/aconteceunovale.com.br\/portal\/?p=110798","title":{"rendered":"Motorista de trator morre em acidente na zona rural de Frei Gaspar"},"content":{"rendered":"<p>O motorista de um trator, de 23 anos, morreu ap\u00f3s capotar o ve\u00edculo na zona rural de Frei Gaspar, no Vale do Mucuri, na quinta-feira (16\/03\/2017). O acidente aconteceu no C\u00f3rrego Bananal.<\/p>\n<p>Segundo informa\u00e7\u00f5es do Corpo de Bombeiros, a v\u00edtima Junior Martins dos Santos seguia para a fazenda do patr\u00e3o e n\u00e3o conseguiu trocar a macha ao passar por um trecho \u00edngreme. O ve\u00edculo voltou de r\u00e9, capotou e caiu sobre o motorista. Os Bombeiros retiraram o ve\u00edculo de cima da v\u00edtima, que morreu no local. O corpo foi levado para o Instituto M\u00e9dico Legal (IML) em Te\u00f3filo Otoni.<\/p>\n<p><strong>VER PRIMEIRO<\/strong><\/p>\n<p><strong>Receba as not\u00edcias do Aconteceu no Vale em primeira m\u00e3o. Clique em curtir no endere\u00e7o <a href=\"https:\/\/www.facebook.com\/aconteceunovale\" target=\"_blank\"><font color=\"red\">www.facebook.com\/aconteceunovale<\/font><\/a> ou no box abaixo:<\/strong><\/p>\n<div class=\"fb-like\" data-href=\"https:\/\/www.facebook.com\/aconteceunovale\" data-width=\"120\" data-layout=\"standard\" data-action=\"like\" data-size=\"small\" data-show-faces=\"true\" data-share=\"true\"><\/div>\n<p><\/br><\/p>\n<p><em>(G1 dos Vales)<\/em><\/p>\n","protected":false},"excerpt":{"rendered":"<p>O motorista de um trator, de 23 anos, morreu ap\u00f3s capotar o ve\u00edculo na zona rural de Frei Gaspar, no Vale do Mucuri, na quinta-feira (16\/03\/2017). O acidente aconteceu no C\u00f3rrego Bananal. Segundo informa\u00e7\u00f5es do Corpo de Bombeiros, a v\u00edtima Junior Martins dos Santos seguia para a fazenda do patr\u00e3o e n\u00e3o conseguiu trocar a [&hellip;]<\/p>\n","protected":false},"author":1,"featured_media":71442,"comment_status":"open","ping_status":"closed","sticky":false,"template":"","format":"standard","meta":{"amp_status":"","footnotes":""},"categories":[122],"tags":[142821,3136,142904,142822,142823,164],"class_list":["post-110798","post","type-post","status-publish","format-standard","has-post-thumbnail","hentry","category-mucuri","tag-acidente-com-trator-em-frei-gaspar","tag-frei-gaspar","tag-junior-martins-dos-santos","tag-morte-de-tratorista-em-frei-gaspar","tag-motorista-de-trator-morre-em-acidente-na-zona-rural-de-frei-gaspar","tag-teofilo-otoni"],"_links":{"self":[{"href":"https:\/\/aconteceunovale.com.br\/portal\/index.php?rest_route=\/wp\/v2\/posts\/110798","targetHints":{"allow":["GET"]}}],"collection":[{"href":"https:\/\/aconteceunovale.com.br\/portal\/index.php?rest_route=\/wp\/v2\/posts"}],"about":[{"href":"https:\/\/aconteceunovale.com.br\/portal\/index.php?rest_route=\/wp\/v2\/types\/post"}],"author":[{"embeddable":true,"href":"https:\/\/aconteceunovale.com.br\/portal\/index.php?rest_route=\/wp\/v2\/users\/1"}],"replies":[{"embeddable":true,"href":"https:\/\/aconteceunovale.com.br\/portal\/index.php?rest_route=%2Fwp%2Fv2%2Fcomments&post=110798"}],"version-history":[{"count":0,"href":"https:\/\/aconteceunovale.com.br\/portal\/index.php?rest_route=\/wp\/v2\/posts\/110798\/revisions"}],"wp:featuredmedia":[{"embeddable":true,"href":"https:\/\/aconteceunovale.com.br\/portal\/index.php?rest_route=\/wp\/v2\/media\/71442"}],"wp:attachment":[{"href":"https:\/\/aconteceunovale.com.br\/portal\/index.php?rest_route=%2Fwp%2Fv2%2Fmedia&parent=110798"}],"wp:term":[{"taxonomy":"category","embeddable":true,"href":"https:\/\/aconteceunovale.com.br\/portal\/index.php?rest_route=%2Fwp%2Fv2%2Fcategories&post=110798"},{"taxonomy":"post_tag","embeddable":true,"href":"https:\/\/aconteceunovale.com.br\/portal\/index.php?rest_route=%2Fwp%2Fv2%2Ftags&post=110798"}],"curies":[{"name":"wp","href":"https:\/\/api.w.org\/{rel}","templated":true}]}}