{"id":110709,"date":"2017-03-17T19:04:59","date_gmt":"2017-03-17T21:04:59","guid":{"rendered":"http:\/\/aconteceunovale.com.br\/portal\/?p=110709"},"modified":"2017-03-17T19:04:59","modified_gmt":"2017-03-17T21:04:59","slug":"dos-339-casos-confirmados-de-febre-amarela-em-minas-84-envolvem-homens","status":"publish","type":"post","link":"https:\/\/aconteceunovale.com.br\/portal\/?p=110709","title":{"rendered":"Dos 339 casos confirmados de febre amarela em Minas, 84% envolvem homens"},"content":{"rendered":"<p>Minas Gerais contabiliza 1.094 notifica\u00e7\u00f5es de febre amarela no estado. Destas, 118 foram descartadas e 339 s\u00e3o casos confirmados. \u00c9 o que aponta o boletim epidemiol\u00f3gico da Secretaria de Sa\u00fade de Minas Gerais (SES-MG) divulgado hoje (7). Segundo o levantamento, entre as v\u00edtimas que apresentaram exame positivo para a doen\u00e7a, 84% s\u00e3o do sexo masculino.<\/p>\n<p>Os casos confirmados s\u00e3o aqueles em que o paciente apresenta exame positivo para febre amarela, exame negativo para dengue, falta ou desconhecimento sobre vacina\u00e7\u00e3o e sintomas compat\u00edveis com a doen\u00e7a. O boletim da SES-MG mostra tamb\u00e9m que a febre amarela provocou a morte de 117 pessoas em Minas Gerais. Mais 75 \u00f3bitos ainda est\u00e3o sendo analisados.<\/p>\n<p>O atual surto \u00e9 considerado o maior no Brasil desde 1980, quando o Minist\u00e9rio da Sa\u00fade passou a disponibilizar dados da s\u00e9rie hist\u00f3rica. A situa\u00e7\u00e3o mais grave at\u00e9 ent\u00e3o havia ocorrido em 2000, quando morreram 40 pessoas.<\/p>\n<p>At\u00e9 o momento, 53 cidades mineiras tiveram ao menos uma confirma\u00e7\u00e3o de transmiss\u00e3o da doen\u00e7a. Quatro delas tiveram mais de 20 confirma\u00e7\u00f5es: Ladainha, Caratinga, Novo Cruzeiro e Pot\u00e9. Mais 40 munic\u00edpios analisam casos suspeitos.<\/p>\n<p>A febre amarela atinge humanos e macacos e \u00e9 causada por um v\u00edrus da fam\u00edlia\u00a0<em>Flaviviridae<\/em>. No meio rural e silvestre, ele \u00e9 transmitida pelo mosquito\u00a0<em>Haemagogus<\/em>. Em \u00e1rea urbana, o vetor \u00e9 o\u00a0<em>Aedes aegypti<\/em>, o mesmo da dengue, do v\u00edrus zika e da febre chikungunya. Segundo o Minist\u00e9rio da Sa\u00fade, a transmiss\u00e3o da febre amarela no Brasil n\u00e3o ocorre em \u00e1reas urbanas desde 1942. At\u00e9 o momento, nenhum dos casos em Minas Gerais s\u00e3o considerados urbanos pelos \u00f3rg\u00e3os p\u00fablicos.<\/p>\n<p>A principal medida de combate \u00e0 doen\u00e7a \u00e9 a vacina\u00e7\u00e3o da popula\u00e7\u00e3o. O imunizante \u00e9 ofertado gratuitamente nos postos de sa\u00fade por meio do Sistema \u00danico de Sa\u00fade (SUS). A aplica\u00e7\u00e3o ocorre em dose \u00fanica, devendo ser refor\u00e7ada ap\u00f3s dez anos. No caso de crian\u00e7as, o Minist\u00e9rio da Sa\u00fade recomenda a administra\u00e7\u00e3o de uma dose aos 9 meses e um refor\u00e7o aos 4 anos.<\/p>\n<p><strong>Terceiro macaco morto<\/strong><\/p>\n<p>A Secretaria Municipal de Sa\u00fade de Belo Horizonte confirmou hoje (17) que um terceiro macaco encontrado morto na capital mineira estava com febre amarela. O corpo do animal estava na regi\u00e3o centro-sul e foi submetido a exames que deram resultado positivo.<\/p>\n<p>Os outros dois macacos que j\u00e1 tiveram confirma\u00e7\u00e3o para a doen\u00e7a foram encontrados nas regi\u00f5es oeste e Venda Nova. Belo Horizonte analisa ainda 18 mortes de animais. Por outro lado, a capital mineira n\u00e3o tem nenhuma notifica\u00e7\u00e3o de transmiss\u00e3o da doen\u00e7a para humanos.<\/p>\n<p>Em todo o estado de Minas Gerais, 102 munic\u00edpios t\u00eam confirma\u00e7\u00e3o de macacos mortos por febre amarela. Mais 105 cidades investigam mortes de animais.<\/p>\n<p>A prefeitura de Belo Horizonte vem fazendo algumas a\u00e7\u00f5es para evitar que a doen\u00e7a atinja sua popula\u00e7\u00e3o. Entre as medidas adotadas, est\u00e3o o refor\u00e7o da vacina\u00e7\u00e3o e a interdi\u00e7\u00e3o do Parque Jacques Cousteau, do Parque das Mangabeiras e do Parque da Serra do Curral. At\u00e9 o momento, 556 mil pessoas receberam o imunizante na cidade.<\/p>\n<p><strong>VER PRIMEIRO<\/strong><\/p>\n<p><strong>Receba as not\u00edcias do Aconteceu no Vale em primeira m\u00e3o. Clique em curtir no endere\u00e7o <a href=\"https:\/\/www.facebook.com\/aconteceunovale\" target=\"_blank\"><font color=\"red\">www.facebook.com\/aconteceunovale<\/font><\/a> ou no box abaixo:<\/strong><\/p>\n<div class=\"fb-like\" data-href=\"https:\/\/www.facebook.com\/aconteceunovale\" data-width=\"120\" data-layout=\"standard\" data-action=\"like\" data-size=\"small\" data-show-faces=\"true\" data-share=\"true\"><\/div>\n<p><\/br><\/p>\n<p><em>(Fonte: Ag\u00eancia Brasil)<\/em><\/p>\n","protected":false},"excerpt":{"rendered":"<p>Minas Gerais contabiliza 1.094 notifica\u00e7\u00f5es de febre amarela no estado. Destas, 118 foram descartadas e 339 s\u00e3o casos confirmados. \u00c9 o que aponta o boletim epidemiol\u00f3gico da Secretaria de Sa\u00fade de Minas Gerais (SES-MG) divulgado hoje (7). Segundo o levantamento, entre as v\u00edtimas que apresentaram exame positivo para a doen\u00e7a, 84% s\u00e3o do sexo masculino. [&hellip;]<\/p>\n","protected":false},"author":1,"featured_media":108658,"comment_status":"open","ping_status":"closed","sticky":false,"template":"","format":"standard","meta":{"amp_status":"","footnotes":""},"categories":[123,40242],"tags":[142683,8952,194,1017,142685,237,142684,18737,1344,142682,47713,139783,11059,137422,344,131,140058,142689,142688,175,3139,13553,52113,142687,142686,22284,67237],"class_list":["post-110709","post","type-post","status-publish","format-standard","has-post-thumbnail","hentry","category-gerais","category-saude-2","tag-84-envolvem-homens","tag-aedes-aegypti","tag-belo-horizonte","tag-bh","tag-boletim-epidemiologico-da-secretaria-de-saude-de-minas-gerais","tag-caratinga","tag-casos-confirmados-de-febre-amarela-em-minas","tag-chikungunya","tag-dengue","tag-dos-339-casos-confirmados-de-febre-amarela-em-minas","tag-febre-amarela","tag-febre-amarela-em-minas","tag-febre-chikungunya","tag-haemagogus","tag-ladainha","tag-minas-gerais","tag-morte-de-macacos","tag-morte-de-macacos-em-belo-horizonte","tag-morte-de-macacos-em-bh","tag-novo-cruzeiro","tag-pote","tag-secretaria-de-saude-de-minas-gerais","tag-ses-mg","tag-terceiro-macaco-morto-em-belo-horizonte","tag-terceiro-macaco-morto-em-bh","tag-vacinacao","tag-virus-zika"],"_links":{"self":[{"href":"https:\/\/aconteceunovale.com.br\/portal\/index.php?rest_route=\/wp\/v2\/posts\/110709","targetHints":{"allow":["GET"]}}],"collection":[{"href":"https:\/\/aconteceunovale.com.br\/portal\/index.php?rest_route=\/wp\/v2\/posts"}],"about":[{"href":"https:\/\/aconteceunovale.com.br\/portal\/index.php?rest_route=\/wp\/v2\/types\/post"}],"author":[{"embeddable":true,"href":"https:\/\/aconteceunovale.com.br\/portal\/index.php?rest_route=\/wp\/v2\/users\/1"}],"replies":[{"embeddable":true,"href":"https:\/\/aconteceunovale.com.br\/portal\/index.php?rest_route=%2Fwp%2Fv2%2Fcomments&post=110709"}],"version-history":[{"count":0,"href":"https:\/\/aconteceunovale.com.br\/portal\/index.php?rest_route=\/wp\/v2\/posts\/110709\/revisions"}],"wp:featuredmedia":[{"embeddable":true,"href":"https:\/\/aconteceunovale.com.br\/portal\/index.php?rest_route=\/wp\/v2\/media\/108658"}],"wp:attachment":[{"href":"https:\/\/aconteceunovale.com.br\/portal\/index.php?rest_route=%2Fwp%2Fv2%2Fmedia&parent=110709"}],"wp:term":[{"taxonomy":"category","embeddable":true,"href":"https:\/\/aconteceunovale.com.br\/portal\/index.php?rest_route=%2Fwp%2Fv2%2Fcategories&post=110709"},{"taxonomy":"post_tag","embeddable":true,"href":"https:\/\/aconteceunovale.com.br\/portal\/index.php?rest_route=%2Fwp%2Fv2%2Ftags&post=110709"}],"curies":[{"name":"wp","href":"https:\/\/api.w.org\/{rel}","templated":true}]}}