{"id":110695,"date":"2017-03-17T18:36:06","date_gmt":"2017-03-17T20:36:06","guid":{"rendered":"http:\/\/aconteceunovale.com.br\/portal\/?p=110695"},"modified":"2017-03-17T18:36:06","modified_gmt":"2017-03-17T20:36:06","slug":"justica-comeca-oitiva-de-testemunhas-do-triplo-homicidio-de-brasileiras-em-portugal","status":"publish","type":"post","link":"https:\/\/aconteceunovale.com.br\/portal\/?p=110695","title":{"rendered":"Justi\u00e7a come\u00e7a oitiva de testemunhas do triplo homic\u00eddio de brasileiras em Portugal"},"content":{"rendered":"<p>As testemunhas que poder\u00e3o ajudar a Justi\u00e7a solucionar o caso de assassinato de tr\u00eas brasileiras em Portugal come\u00e7ar\u00e3o a ser ouvidas. A 11\u00aa Vara Federal determinou nesta sexta-feira (17) que quatro testemunhas arroladas pela acusa\u00e7\u00e3o dar\u00e3o depoimento no dia 30 de mar\u00e7o em coopera\u00e7\u00e3o com a Subse\u00e7\u00e3o Judici\u00e1ria de Te\u00f3filo Otoni.<\/p>\n<p>Duas das testemunhas participar\u00e3o de forma presencial e outras duas via videoconfer\u00eancia. O acusado de ter cometido o crime, Dinai Gomes, est\u00e1 preso na Penitenci\u00e1ria Nelson Hungria e dever\u00e1 acompanhar os depoimentos.<\/p>\n<p>As v\u00edtimas s\u00e3o as irm\u00e3s mineiras Michele Santana Ferreira e Lidiana Neves Santana, de 28 e 16 anos, e Thayane Milla Mendes, capixaba de 21 anos, amiga das irm\u00e3s. Elas foram encontradas mortas no po\u00e7o de um hotel para animais pr\u00f3ximo ao aeroporto em Tires, um distrito de Lisboa, em agosto do ano passado. Os corpos teriam sido localizados ap\u00f3s uma den\u00fancia da empresa de esgotos de limpeza de fossas e n\u00e3o por confiss\u00e3o.<\/p>\n<p>O suspeito \u00e9 o namorado de Michele, que estava gr\u00e1vida. O nome dele foi divulgado atrav\u00e9s de um alerta da Interpol. Dinai teria retornado ao Brasil ap\u00f3s o desaparecimento das tr\u00eas jovens e, segundo acusa\u00e7\u00e3o da Pol\u00edcia Judici\u00e1ria portuguesa, ele n\u00e3o teria c\u00famplices no crime.  <\/p>\n<p>Ainda de acordo com a Justi\u00e7a Federal, no dia 20 de abril, ser\u00e3o ouvidas testemunhas residentes em Portugal, tamb\u00e9m por meio de videoconfer\u00eancia com o apoio do Departamento de Recupera\u00e7\u00e3o de Ativos e Coopera\u00e7\u00e3o Jur\u00eddica Internacional, vinculado ao Minist\u00e9rio da Justi\u00e7a e Seguran\u00e7a P\u00fablica.<\/p>\n<p><strong>Desaparecimento<\/strong><\/p>\n<p>Desde fevereiro de 2016 Michele Santana e Lidiana Neves n\u00e3o conversavam com a fam\u00edlia no Brasil. A comunica\u00e7\u00e3o, ent\u00e3o, passou a ser feita por interm\u00e9dio de Dinai Alves, namorado de Michele. As irm\u00e3s s\u00e3o naturais de Campan\u00e1rio, no Vale do Mucuri, Minas Gerais. O desaparecimento das irm\u00e3s mineiras e da amiga Thayane repercurtiu em todo o pa\u00eds com as declara\u00e7\u00f5es e apelos da m\u00e3e das irm\u00e3s, Solange. Em maio ela denunciou o desaparecimento em redes sociais e pediu ajuda para encontrar as filhas.<\/p>\n<p>Ainda em maio, o Itamaraty informou que acompanhava o caso e obteve informa\u00e7\u00f5es que elas pretendiam se mudar para Londres, mas n\u00e3o havia registro de entrada delas no Reino Unido e nem sa\u00edda de Portugal. \u00e0 \u00e9poca, as brasileiras foram, inclusive, inclu\u00eddas no sistema de alerta da imigra\u00e7\u00e3o da pol\u00edcia inglesa e da Interpol.<\/p>\n<p><strong>Investiga\u00e7\u00e3o<\/strong><\/p>\n<p>Ainda de acordo com o jornal portugu\u00eas &#8220;i&#8221;, a Pol\u00edcia Judici\u00e1ria afirma que a investiga\u00e7\u00e3o come\u00e7ou tardiamente devido a demora da comunica\u00e7\u00e3o do desaparecimento \u00e0s autoridades brasileiras por parte de Solange Santana, de 50 anos, m\u00e3e de duas das v\u00edtimas. S\u00f3 em mar\u00e7o Portugal foi comunicado, e ent\u00e3o as investiga\u00e7\u00f5es come\u00e7aram com buscas e inspe\u00e7\u00f5es.<\/p>\n<p>Durante a investiga\u00e7\u00e3o, chegaram a localizar a casa onde residia Dinai Gomes, que ent\u00e3o j\u00e1 havia retornado ao Brasil. As dificuldades foram grandes  por n\u00e3o terem qualquer pista ou prova, afirma o jornal &#8220;i&#8221;. Segundo a publica\u00e7\u00e3o, o suspeito Dinai caiu em contradi\u00e7\u00e3o quando tentou explicar \u00e0 m\u00e3e das v\u00edtimas que elas n\u00e3o poderiam falar ao telefone como desculpa para o sumi\u00e7o delas, e logo depois ter afirmado que elas haviam fugido para outro pa\u00eds europeu. Foi quando suspeitaram de um crime envolvido no desparecimento das brasileiras.<\/p>\n<p><img decoding=\"async\" src=\"http:\/\/aconteceunovale.com.br\/portal\/wp-content\/uploads\/2016\/08\/dinai_nc.jpg\" alt=\"\" \/><em>Dinai Gomes foi denunciado por triplo feminic\u00eddio (Foto: Divulga\u00e7\u00e3o\/\u00c1lbum de Fam\u00edlia)<\/em><br \/>\n<\/br><\/p>\n<p><strong>VER PRIMEIRO<\/strong><\/p>\n<p><strong>Receba as not\u00edcias do Aconteceu no Vale em primeira m\u00e3o. Clique em curtir no endere\u00e7o <a href=\"https:\/\/www.facebook.com\/aconteceunovale\" target=\"_blank\"><font color=\"red\">www.facebook.com\/aconteceunovale<\/font><\/a> ou no box abaixo:<\/strong><\/p>\n<div class=\"fb-like\" data-href=\"https:\/\/www.facebook.com\/aconteceunovale\" data-width=\"120\" data-layout=\"standard\" data-action=\"like\" data-size=\"small\" data-show-faces=\"true\" data-share=\"true\"><\/div>\n<p><\/br><\/p>\n<p><em>(Fonte: Hoje em Dia\/Tatiana Lag\u00f4a)<\/em><\/p>\n","protected":false},"excerpt":{"rendered":"<p>As testemunhas que poder\u00e3o ajudar a Justi\u00e7a solucionar o caso de assassinato de tr\u00eas brasileiras em Portugal come\u00e7ar\u00e3o a ser ouvidas. A 11\u00aa Vara Federal determinou nesta sexta-feira (17) que quatro testemunhas arroladas pela acusa\u00e7\u00e3o dar\u00e3o depoimento no dia 30 de mar\u00e7o em coopera\u00e7\u00e3o com a Subse\u00e7\u00e3o Judici\u00e1ria de Te\u00f3filo Otoni. Duas das testemunhas participar\u00e3o [&hellip;]<\/p>\n","protected":false},"author":1,"featured_media":95895,"comment_status":"open","ping_status":"closed","sticky":false,"template":"","format":"standard","meta":{"amp_status":"","footnotes":""},"categories":[6,123,28848],"tags":[119156,119159,114145,183,112684,112685,277,138993,112679,112687,112680,112682,112691,112681,112683,94309,94318,1018,136234,112833,112689,119158,138995,112692,112925,95820,112944,112945,94317,95821,94319,94316,142671,94312,112688,94311,112690,94310,5667,112943,18887,138994,112834,94340,175,114081,114082,18919,114083,114084,119160,119157,94314,113005,94315,112686,94313,114080,136236,138991,138992],"class_list":["post-110695","post","type-post","status-publish","format-standard","has-post-thumbnail","hentry","category-br","category-gerais","category-mundo","tag-20a-vara-federal-de-belo-horizonte","tag-acusado-de-assassinar-tres-brasileiras-que-residiam-em-portugal","tag-acusado-de-matar-brasileiras-em-portugal-nega-crime","tag-ataleia","tag-brasileiras-assassinadas-em-portugal","tag-brasileiras-mortas-em-portugal","tag-campanario","tag-canil-e-gatil-quinta-monte-dos-vendavais","tag-cascais","tag-corpo-de-bombeiros-de-parede","tag-corpos-de-brasileiras-encontrados-em-cascais","tag-corpos-de-brasileiras-encontrados-em-portugal","tag-corpos-de-tres-brasileiras-que-estavam-desaparecidas-em-portugal-sao-encontrados","tag-corpos-encontrados-em-cascais","tag-corpos-encontrados-em-portugal","tag-desaparecidas-em-portugal","tag-desaparecimento-de-irmas-em-portugal","tag-destaque","tag-dinai-alves","tag-dinai-alves-gomes","tag-dinai-alves-mendes","tag-dinai-gomes","tag-dinai-gomes-foi-denunciado-por-triplo-feminicidio","tag-encontrados-os-corpos-de-tres-brasileiras-que-estavam-desaparecidas-em-portugal","tag-familia-faz-campanha-para-custear-traslado-dos-corpos-de-brasileiras-assassinadas-em-portugal","tag-help-desperate-mom-find-daughters","tag-homofobia-e-casamento-no-brasil-podem-ter-motivado-morte-de-tres-brasileiras-em-portugal","tag-homofobia-e-relacionamento-extraconjugal-podem-ter-motivado-morte-de-tres-brasileiras-em-portugal","tag-irmas-desaparecidas-em-portugal","tag-irmas-mineiras-continuam-desaparecidas-em-portugal","tag-irmas-mineiras-desaparecidas-em-portugal","tag-irmas-mineiras-estao-desaparecidas-ha-tres-meses-em-portugal","tag-justica-comeca-oitiva-de-testemunhas-do-triplo-homicidio-de-brasileiras-em-portugal","tag-lidiana-neves-santana","tag-michele-ferreira","tag-michele-santana-ferreira","tag-michelle-santana-ferreira","tag-mineiras-desaparecidas-em-portugal","tag-ministerio-publico-federal","tag-morte-de-brasileiras-em-portugal-pode-ter-sido-motivada-por-homofobia-e-relacionamento-extraconjugal","tag-mpf","tag-mpf-em-minas-oferece-denuncia-contra-brasileiro-que-matou-tres-mulheres-em-portugal","tag-namorado-ameacou-jovem-mineira-assassinada-em-portugal","tag-nova-venecia","tag-novo-cruzeiro","tag-pf-prende-suspeito-de-matar-e-ocultar-cadaveres-de-brasileiras-no-exterior","tag-policia-federal-prende-suspeito-de-matar-jovens-mineiras-em-portugal","tag-portugal","tag-prisao-de-dinai","tag-prisao-de-homem-que-matou-tres-brasileiras-em-portugal","tag-prisao-de-mineiro-acusado-de-triplo-homicidio-em-portugal-e-prorrogada","tag-prisao-temporaria-do-brasileiro-dinai-gomes","tag-solange-santana-leite","tag-suspeito-de-matar-tres-brasileiras-em-portugal-e-procurado-pela-policia-federal","tag-tania-maria-mendes-dias","tag-thayane-mendes-dias","tag-thayane-milla-mendes","tag-thayane-milla-mendes-dias","tag-tires","tag-triplo-feminicidio","tag-triplo-feminicidio-em-portugal"],"_links":{"self":[{"href":"https:\/\/aconteceunovale.com.br\/portal\/index.php?rest_route=\/wp\/v2\/posts\/110695","targetHints":{"allow":["GET"]}}],"collection":[{"href":"https:\/\/aconteceunovale.com.br\/portal\/index.php?rest_route=\/wp\/v2\/posts"}],"about":[{"href":"https:\/\/aconteceunovale.com.br\/portal\/index.php?rest_route=\/wp\/v2\/types\/post"}],"author":[{"embeddable":true,"href":"https:\/\/aconteceunovale.com.br\/portal\/index.php?rest_route=\/wp\/v2\/users\/1"}],"replies":[{"embeddable":true,"href":"https:\/\/aconteceunovale.com.br\/portal\/index.php?rest_route=%2Fwp%2Fv2%2Fcomments&post=110695"}],"version-history":[{"count":0,"href":"https:\/\/aconteceunovale.com.br\/portal\/index.php?rest_route=\/wp\/v2\/posts\/110695\/revisions"}],"wp:featuredmedia":[{"embeddable":true,"href":"https:\/\/aconteceunovale.com.br\/portal\/index.php?rest_route=\/wp\/v2\/media\/95895"}],"wp:attachment":[{"href":"https:\/\/aconteceunovale.com.br\/portal\/index.php?rest_route=%2Fwp%2Fv2%2Fmedia&parent=110695"}],"wp:term":[{"taxonomy":"category","embeddable":true,"href":"https:\/\/aconteceunovale.com.br\/portal\/index.php?rest_route=%2Fwp%2Fv2%2Fcategories&post=110695"},{"taxonomy":"post_tag","embeddable":true,"href":"https:\/\/aconteceunovale.com.br\/portal\/index.php?rest_route=%2Fwp%2Fv2%2Ftags&post=110695"}],"curies":[{"name":"wp","href":"https:\/\/api.w.org\/{rel}","templated":true}]}}