{"id":110693,"date":"2017-03-17T18:20:21","date_gmt":"2017-03-17T20:20:21","guid":{"rendered":"http:\/\/aconteceunovale.com.br\/portal\/?p=110693"},"modified":"2017-03-17T18:20:21","modified_gmt":"2017-03-17T20:20:21","slug":"confira-a-previsao-do-tempo-para-o-outono-que-comeca-na-proxima-segunda-feira","status":"publish","type":"post","link":"https:\/\/aconteceunovale.com.br\/portal\/?p=110693","title":{"rendered":"Confira a previs\u00e3o do tempo para o outono, que come\u00e7a na pr\u00f3xima segunda-feira"},"content":{"rendered":"<p>A partir das 7h29 desta segunda-feira (20\/3), o ver\u00e3o sai de cena e come\u00e7a o outono, que representa a transi\u00e7\u00e3o entre o per\u00edodo mais quente e o mais frio do ano. Outra caracter\u00edstica importante \u00e9 que no decorrer do outono a atmosfera se torna gradativamente mais seca, podendo atingir valores de umidade relativa do ar abaixo de 30% em alguns dias de maio e junho. O outono termina na madrugada de 21 de junho.<\/p>\n<p>De acordo com o meteorologista da Cemig, Arthur Chaves, neste ano, n\u00e3o haver\u00e1 influ\u00eancia do fen\u00f4meno El Ni\u00f1o ou La Ni\u00f1a durante todo o outono, o que favorece a ocorr\u00eancia de temperaturas pr\u00f3ximas \u00e0 m\u00e9dia.<\/p>\n<p>\u201cDurante o outono ocorrer\u00e3o temperaturas acima da m\u00e9dia apenas no Norte e Noroeste de Minas e ligeiramente abaixo da m\u00e9dia no Sul de Minas e nos Vales do Jequitinhonha e Mucuri. Nas demais regi\u00f5es, as temperaturas ficar\u00e3o mais pr\u00f3ximas da m\u00e9dia. Entretanto, isto n\u00e3o exclui a possibilidade de que em alguns dias os valores fiquem acima ou abaixo dos esperados\u201d, destaca.<\/p>\n<p>Ainda segundo o meteorologista da Cemig, as chuvas dever\u00e3o diminuir gradativamente ao longo da esta\u00e7\u00e3o, chegando a um m\u00ednimo no m\u00eas de junho, podendo ocorrer pancadas ocasionais em abril. Dessa forma, as precipita\u00e7\u00f5es devem ficar ligeiramente acima da m\u00e9dia no Sul de Minas, abaixo da m\u00e9dia hist\u00f3rica no Norte e Noroeste de Minas e dentro da m\u00e9dia nas demais regi\u00f5es.<\/p>\n<p><strong>Final da esta\u00e7\u00e3o<\/strong><\/p>\n<p>No outono, a passagem de frentes frias, que antes causavam pancadas fortes de chuva durante o ver\u00e3o, come\u00e7a a provocar quedas de temperatura, semelhantes \u00e0s t\u00edpicas de inverno, enquanto que as chuvas diminuem.<\/p>\n<p>\u201cOcorrem tamb\u00e9m mudan\u00e7as relativamente r\u00e1pidas nas condi\u00e7\u00f5es de tempo com uma maior probabilidade de ocorr\u00eancia de nevoeiros e geadas nas primeiras horas do dia nas regi\u00f5es serranas do Estado\u201d, afirma.<\/p>\n<p>Ainda segundo Arthur Chaves, outro fen\u00f4meno que marca o final desta esta\u00e7\u00e3o \u00e9 a forma\u00e7\u00e3o de invers\u00e3o t\u00e9rmica, que ocorre quando a temperatura da atmosfera na superf\u00edcie \u00e9 menor do que nos n\u00edveis acima, fazendo com que os poluentes n\u00e3o se dissipem rapidamente e, consequentemente, piorando a qualidade do ar nas cidades, com maior frequ\u00eancia no final de maio e em junho.<\/p>\n<p><strong>VER PRIMEIRO<\/strong><\/p>\n<p><strong>Receba as not\u00edcias do Aconteceu no Vale em primeira m\u00e3o. Clique em curtir no endere\u00e7o <a href=\"https:\/\/www.facebook.com\/aconteceunovale\" target=\"_blank\"><font color=\"red\">www.facebook.com\/aconteceunovale<\/font><\/a> ou no box abaixo:<\/strong><\/p>\n<div class=\"fb-like\" data-href=\"https:\/\/www.facebook.com\/aconteceunovale\" data-width=\"120\" data-layout=\"standard\" data-action=\"like\" data-size=\"small\" data-show-faces=\"true\" data-share=\"true\"><\/div>\n<p><\/br><\/p>\n<p><em>(Ag\u00eancia Minas)<\/em><\/p>\n","protected":false},"excerpt":{"rendered":"<p>A partir das 7h29 desta segunda-feira (20\/3), o ver\u00e3o sai de cena e come\u00e7a o outono, que representa a transi\u00e7\u00e3o entre o per\u00edodo mais quente e o mais frio do ano. Outra caracter\u00edstica importante \u00e9 que no decorrer do outono a atmosfera se torna gradativamente mais seca, podendo atingir valores de umidade relativa do ar [&hellip;]<\/p>\n","protected":false},"author":1,"featured_media":105059,"comment_status":"open","ping_status":"closed","sticky":false,"template":"","format":"standard","meta":{"amp_status":"","footnotes":""},"categories":[123],"tags":[27346,347,142665,99931,38387,142669,142666,142668,142667,142670],"class_list":["post-110693","post","type-post","status-publish","format-standard","has-post-thumbnail","hentry","category-gerais","tag-arthur-chaves","tag-cemig","tag-confira-a-previsao-do-tempo-para-o-outono","tag-meteorologista-da-cemig","tag-outono","tag-outono-2017","tag-previsao-do-tempo-para-o-outono","tag-previsao-do-tempo-para-o-outono-2017","tag-tempo-no-outono-2017","tag-transicao-entre-o-periodo-mais-quente-e-o-mais-frio-do-ano"],"_links":{"self":[{"href":"https:\/\/aconteceunovale.com.br\/portal\/index.php?rest_route=\/wp\/v2\/posts\/110693","targetHints":{"allow":["GET"]}}],"collection":[{"href":"https:\/\/aconteceunovale.com.br\/portal\/index.php?rest_route=\/wp\/v2\/posts"}],"about":[{"href":"https:\/\/aconteceunovale.com.br\/portal\/index.php?rest_route=\/wp\/v2\/types\/post"}],"author":[{"embeddable":true,"href":"https:\/\/aconteceunovale.com.br\/portal\/index.php?rest_route=\/wp\/v2\/users\/1"}],"replies":[{"embeddable":true,"href":"https:\/\/aconteceunovale.com.br\/portal\/index.php?rest_route=%2Fwp%2Fv2%2Fcomments&post=110693"}],"version-history":[{"count":0,"href":"https:\/\/aconteceunovale.com.br\/portal\/index.php?rest_route=\/wp\/v2\/posts\/110693\/revisions"}],"wp:featuredmedia":[{"embeddable":true,"href":"https:\/\/aconteceunovale.com.br\/portal\/index.php?rest_route=\/wp\/v2\/media\/105059"}],"wp:attachment":[{"href":"https:\/\/aconteceunovale.com.br\/portal\/index.php?rest_route=%2Fwp%2Fv2%2Fmedia&parent=110693"}],"wp:term":[{"taxonomy":"category","embeddable":true,"href":"https:\/\/aconteceunovale.com.br\/portal\/index.php?rest_route=%2Fwp%2Fv2%2Fcategories&post=110693"},{"taxonomy":"post_tag","embeddable":true,"href":"https:\/\/aconteceunovale.com.br\/portal\/index.php?rest_route=%2Fwp%2Fv2%2Ftags&post=110693"}],"curies":[{"name":"wp","href":"https:\/\/api.w.org\/{rel}","templated":true}]}}