{"id":110689,"date":"2017-03-17T18:08:21","date_gmt":"2017-03-17T20:08:21","guid":{"rendered":"http:\/\/aconteceunovale.com.br\/portal\/?p=110689"},"modified":"2017-03-17T18:08:21","modified_gmt":"2017-03-17T20:08:21","slug":"direto-de-brasilia-leia-na-pagina-da-jornalista-jerusia-arruda-4","status":"publish","type":"post","link":"https:\/\/aconteceunovale.com.br\/portal\/?p=110689","title":{"rendered":"Direto de Bras\u00edlia \u2013 leia na p\u00e1gina da jornalista Jer\u00fasia Arruda"},"content":{"rendered":"<p><center><img decoding=\"async\" src=\"http:\/\/aconteceunovale.com.br\/portal\/wp-content\/uploads\/2017\/01\/jerusia_arruda.jpg\" alt=\"\" \/><a href=\"https:\/\/www.facebook.com\/jerusia.arruda\" target=\"_blank\">JER\u00daSIA ARRUDA &#8211; <font color=\"blue\">www.facebook.com\/jerusia.arruda<\/font><\/a><\/center><br \/>\n<\/br><\/p>\n<p><strong>PREFEITOS MINEIROS EM BRAS\u00cdLIA<\/strong><br \/>\nPrefeitos, vice-prefeitos, vereadores e secret\u00e1rios de agricultura de 15 munic\u00edpios do Norte de Minas e vales do Jequitinhonha e do Mucuri estiveram em Bras\u00edlia nesta quinta-feira (16), para conhecer mais sobre as pol\u00edticas p\u00fablicas voltadas para o meio rural. O encontro foi promovido pelo deputado federal Z\u00e9 Silva (SD-MG), que reuniu a comitiva com o secret\u00e1rio especial de Agricultura Familiar e do Desenvolvimento Agr\u00e1rio, Jos\u00e9 Ricardo Roseno. Segundo o deputado mineiro, que \u00e9 presidente da Frente Parlamentar da Agricultura Familiar na C\u00e2mara e vice-l\u00edder nacional do partido, a SEAD possui mais de 20 pol\u00edticas p\u00fablicas que possibilitam o desenvolvimento da agricultura nos munic\u00edpios e \u201co encontro foi uma excelente oportunidade para os prefeitos assegurarem o desenvolvimento econ\u00f4mico e social, garantindo melhores condi\u00e7\u00f5es para os produtores rurais\u201d. <\/p>\n<p><strong>APOSENTADORIA DE TRABALHADORES RURAIS <\/strong><br \/>\nCom atua\u00e7\u00e3o parlamentar voltada para o produtor rural, o deputado federal Z\u00e9 Silva tamb\u00e9m protocolou Emenda sugerindo modifica\u00e7\u00e3o \u00e0 PEC 287\/2016, que trata da Reforma da Previd\u00eancia, apresentada pelo governo, defendendo a manuten\u00e7\u00e3o da idade para aposentadoria rural com os crit\u00e9rios atuais. Na proposta de reforma apresentada pelo governo, a idade m\u00ednima para aposentadoria da popula\u00e7\u00e3o rural \u00e9 de 65 anos.  Pela emenda do deputado mineiro, a aposentadoria rural continuar\u00e1 a ser concedida aos 55 anos para as mulheres e 60 anos para os homens. Para que a emenda seja aceita e posteriormente analisada pela Comiss\u00e3o Especial \u00e9 necess\u00e1rio o apoio de pelo menos um ter\u00e7o da composi\u00e7\u00e3o da C\u00e2mara (171 deputados). <\/p>\n<p><strong>PRESCRITO<\/strong><br \/>\nO Supremo Tribunal Federal (STF) arquivou as investiga\u00e7\u00f5es contra o senador A\u00e9cio Neves (MG). Ele era acusado por um ex-colega de partido de receber R$ 1 milh\u00e3o ilicitamente quando era deputado. O procurador-geral da Rep\u00fablica, Rodrigo Janot avisou ao STF que o crime prescreveu. A\u00e9cio s\u00f3 poderia ser punido at\u00e9 2016.<\/p>\n<p><strong>CARNE FRACA<\/strong><br \/>\nOpera\u00e7\u00e3o &#8220;Carne Fraca&#8221;, deflagrada pela Pol\u00edcia Federal, nesta sexta-feira (17), investiga uma suposta organiza\u00e7\u00e3o criminosa liderada por fiscais agropecu\u00e1rios do Minist\u00e9rio da Agricultura, que, com o pagamento de propina, facilitavam a produ\u00e7\u00e3o de produtos adulterados, emitindo certificados sanit\u00e1rios sem fiscaliza\u00e7\u00e3o. Alguns dos maiores frigor\u00edficos do pa\u00eds, como JBS, BRF e Seara s\u00e3o alvo da opera\u00e7\u00e3o. Devido \u00e0 crise aberta com a opera\u00e7\u00e3o, o ministro da Agricultura, Blairo Maggi, cancelou uma licen\u00e7a para voltar ao comando da Pasta.<\/p>\n<p><strong>BRASIL FORA <\/strong><br \/>\nO Brasil vai ficar ao menos at\u00e9 2033 fora do Conselho de Seguran\u00e7a das Na\u00e7\u00f5es Unidas, porque n\u00e3o apresentou candidatura nos \u00faltimos anos. Mais alta inst\u00e2ncia da ONU, o CS tem como objetivo cuidar da seguran\u00e7a e da paz internacionais. A aus\u00eancia simboliza uma mudan\u00e7a radical na pol\u00edtica externa brasileira. No governo de Luiz In\u00e1cio Lula da Silva (2003-2010), a diplomacia tinha ambi\u00e7\u00f5es de mediar a paz entre israelenses e palestinos e chegou a apresentar uma proposta de acordo, em conjunto com a Turquia, para resolver a quest\u00e3o nuclear no Ir\u00e3. J\u00e1 na gest\u00e3o de Dilma Rousseff (2011-2016), n\u00e3o houve nem sequer interesse de fazer parte do Conselho. &#8220;O Brasil foi do 80 para o 8&#8221;, diz um funcion\u00e1rio do governo.<\/p>\n<p><strong>FIM DO SEGREDO<\/strong><br \/>\nNa \u00faltima quinta-feira, mesmo dia em tomou posse a nova dire\u00e7\u00e3o Superior Tribunal Militar (STM), o Supremo Tribunal Federal determinou a libera\u00e7\u00e3o do acesso ao p\u00fablico de documentos e \u00e1udios de julgamentos da d\u00e9cada de 1970, incluindo aqueles classificados como \u201csecretos\u201d. Desde 2006 que o STF havia decidido liberar o acesso aos documentos, mas, apesar da jurisprud\u00eancia, o STM continuou mantendo parte de seus arquivos sob sigilo, negando, por exemplo, acesso a grava\u00e7\u00f5es de julgamentos de presos pol\u00edticos nos anos 70, alegando que precisava assegurar a \u201cpreserva\u00e7\u00e3o da intimidade dos processados\u201d.<\/p>\n<p><strong>PASSE LIVRE<\/strong><br \/>\nEstudantes que vivem em situa\u00e7\u00e3o de rua ter\u00e3o passe livre no Distrito Federal. A decis\u00e3o \u00e9 do Tribunal de Justi\u00e7a do DF, que concedeu liminar garantindo aos alunos o pleno acesso ao passe livre estudantil. O pedido foi feito pela Defensoria P\u00fablica, sob a justificativa de que os alunos t\u00eam dificuldade para acessar o cadastro do benef\u00edcio devido \u00e0 impossibilidade de comprova\u00e7\u00e3o de endere\u00e7o fixo. No DF, todos os estudantes de escolas p\u00fablicas e privadas t\u00eam passe livre no sistema de transporte p\u00fablico.<\/p>\n<p><strong>VER PRIMEIRO<\/strong><\/p>\n<p><strong>Receba as not\u00edcias do Aconteceu no Vale em primeira m\u00e3o. Clique em curtir no endere\u00e7o <a href=\"https:\/\/www.facebook.com\/aconteceunovale\" target=\"_blank\"><font color=\"red\">www.facebook.com\/aconteceunovale<\/font><\/a> ou no box abaixo:<\/strong><\/p>\n<div class=\"fb-like\" data-href=\"https:\/\/www.facebook.com\/aconteceunovale\" data-width=\"120\" data-layout=\"standard\" data-action=\"like\" data-size=\"small\" data-show-faces=\"true\" data-share=\"true\"><\/div>\n<p><\/br><\/p>\n","protected":false},"excerpt":{"rendered":"<p>JER\u00daSIA ARRUDA &#8211; www.facebook.com\/jerusia.arruda PREFEITOS MINEIROS EM BRAS\u00cdLIA Prefeitos, vice-prefeitos, vereadores e secret\u00e1rios de agricultura de 15 munic\u00edpios do Norte de Minas e vales do Jequitinhonha e do Mucuri estiveram em Bras\u00edlia nesta quinta-feira (16), para conhecer mais sobre as pol\u00edticas p\u00fablicas voltadas para o meio rural. O encontro foi promovido pelo deputado federal Z\u00e9 [&hellip;]<\/p>\n","protected":false},"author":1,"featured_media":106574,"comment_status":"open","ping_status":"closed","sticky":false,"template":"","format":"standard","meta":{"amp_status":"","footnotes":""},"categories":[4927],"tags":[4606,135443,135343,135442,137424,139963,206036],"class_list":["post-110689","post","type-post","status-publish","format-standard","has-post-thumbnail","hentry","category-colunistas","tag-brasilia","tag-coluna-direto-de-brasilia","tag-coluna-jerusia-arruda","tag-direto-de-brasilia","tag-direto-de-brasilia-jerusia-arruda","tag-direto-de-brasilia-coluna-jerusia-arruda","tag-jerusia-arruda"],"_links":{"self":[{"href":"https:\/\/aconteceunovale.com.br\/portal\/index.php?rest_route=\/wp\/v2\/posts\/110689","targetHints":{"allow":["GET"]}}],"collection":[{"href":"https:\/\/aconteceunovale.com.br\/portal\/index.php?rest_route=\/wp\/v2\/posts"}],"about":[{"href":"https:\/\/aconteceunovale.com.br\/portal\/index.php?rest_route=\/wp\/v2\/types\/post"}],"author":[{"embeddable":true,"href":"https:\/\/aconteceunovale.com.br\/portal\/index.php?rest_route=\/wp\/v2\/users\/1"}],"replies":[{"embeddable":true,"href":"https:\/\/aconteceunovale.com.br\/portal\/index.php?rest_route=%2Fwp%2Fv2%2Fcomments&post=110689"}],"version-history":[{"count":0,"href":"https:\/\/aconteceunovale.com.br\/portal\/index.php?rest_route=\/wp\/v2\/posts\/110689\/revisions"}],"wp:featuredmedia":[{"embeddable":true,"href":"https:\/\/aconteceunovale.com.br\/portal\/index.php?rest_route=\/wp\/v2\/media\/106574"}],"wp:attachment":[{"href":"https:\/\/aconteceunovale.com.br\/portal\/index.php?rest_route=%2Fwp%2Fv2%2Fmedia&parent=110689"}],"wp:term":[{"taxonomy":"category","embeddable":true,"href":"https:\/\/aconteceunovale.com.br\/portal\/index.php?rest_route=%2Fwp%2Fv2%2Fcategories&post=110689"},{"taxonomy":"post_tag","embeddable":true,"href":"https:\/\/aconteceunovale.com.br\/portal\/index.php?rest_route=%2Fwp%2Fv2%2Ftags&post=110689"}],"curies":[{"name":"wp","href":"https:\/\/api.w.org\/{rel}","templated":true}]}}