{"id":110578,"date":"2017-03-16T18:46:29","date_gmt":"2017-03-16T20:46:29","guid":{"rendered":"http:\/\/aconteceunovale.com.br\/portal\/?p=110578"},"modified":"2017-03-16T18:46:29","modified_gmt":"2017-03-16T20:46:29","slug":"artesanato-mineiro-movimenta-cerca-de-r-22-bilhoes-por-ano","status":"publish","type":"post","link":"https:\/\/aconteceunovale.com.br\/portal\/?p=110578","title":{"rendered":"Artesanato mineiro movimenta cerca de R$ 2,2 bilh\u00f5es por ano"},"content":{"rendered":"<p>Em sua casa em Belo Horizonte, Euzil\u00e9ia Oliveira, 48 anos, dedica seus dias ao of\u00edcio aprendido com suas tias ainda quando crian\u00e7a: o artesanato. \u201cDesde pequena aprendi a dar import\u00e2ncia aos trabalhos manuais, pois tive uma cria\u00e7\u00e3o mais antiquada, na qual as mulheres tinham que ser prendadas e fazer de tudo\u201d, conta. \u201cPor\u00e9m, descobri assim uma paix\u00e3o, principalmente pelas tintas e pinc\u00e9is. Tenho uma enorme satisfa\u00e7\u00e3o de poder transformar materiais simples em arte, em algo funcional e belo\u201d, completa.<\/p>\n<p>Euzil\u00e9ia \u00e9 uma entre milhares de pessoas em Minas Gerais que vivem da renda obtida com o artesanato. Estima-se que existam 300 mil artes\u00e3os no estado, onde a cadeia produtiva movimenta cerca de R$ 2,2 bilh\u00f5es por ano. Por\u00e9m, destes, apenas cerca de 2.900 est\u00e3o cadastrados no Sistema de Informa\u00e7\u00f5es Cadastrais do Artesanato Brasileiro (SICAB) e possuem a Carteira Nacional do Artes\u00e3o e do Trabalhador Manual, documento que identifica os profissionais.<\/p>\n<p>\u201cEste ano, nossa prioridade \u00e9 cadastrar o artes\u00e3o mineiro. Isso \u00e9 importante porque, quanto mais profissionais tiverem a carteira, mais saberemos a real situa\u00e7\u00e3o da categoria, o que amplia nosso olhar para as pol\u00edticas p\u00fablicas necess\u00e1rias. Poderemos fazer um raio-x da atividade em Minas Gerais\u201d, diz Thiago Tomaz Chaveiro, coordenador de Artesanato do N\u00facleo de Artesanato da Secretaria de Estado Extraordin\u00e1ria de Desenvolvimento Integrado e F\u00f3runs Regionais (Seedif).<\/p>\n<p>O documento \u00e9 previsto pela portaria n\u00ba 14, de 16 de abril de 2012, dentro do Programa do Artesanato Brasileiro (PAB), e, em Minas Gerais, o \u00f3rg\u00e3o respons\u00e1vel pelo cadastramento \u00e9 a Secretaria.<\/p>\n<p>Um importante benef\u00edcio da carteira \u00e9 que ela facilita a participa\u00e7\u00e3o dos artes\u00e3os em eventos especializados, como feiras, exposi\u00e7\u00f5es, treinamentos e outros. \u201cAlguns destes eventos j\u00e1 exigem o documento\u201d, diz Chaveiro. Ainda segundo ele, algumas operadoras de cart\u00e3o de cr\u00e9dito oferecem, ainda, taxas diferenciadas para os artes\u00e3os devidamente identificados.<\/p>\n<p>Para Euzil\u00e9ia, que fez o cadastro no m\u00eas passado, a carteira se traduz na expectativa de aumentar sua renda. \u201cAl\u00e9m de conseguir participar de mais eventos de grande porte, tenho interesse em oferecer oficinas e workshops, ent\u00e3o acredito que ela dar\u00e1 mais credibilidade ao meu trabalho\u201d, diz.<\/p>\n<p>Artes\u00e3 h\u00e1 dez anos, seu carro chefe \u00e9 a pintura em caba\u00e7a e gesso. \u201cMeu objetivo \u00e9 criar pe\u00e7as diferentes e \u00fanicas. Transformo os materiais em bonecas, animais, fruteiras, lumin\u00e1rias e o que mais a minha criatividade permitir\u201d, conta ela, que j\u00e1 tem cartela de clientes formada e vende para todo o pa\u00eds.<\/p>\n<p><img decoding=\"async\" src=\"http:\/\/aconteceunovale.com.br\/portal\/wp-content\/uploads\/2017\/03\/artesanato_minero.jpg\" alt=\"\" \/><em>Artesanato mineiro movimenta cerca de R$ 2,2 bi por ano (Gl\u00e1ucia Rodrigues\/Ag\u00eancia Minas)<\/em><br \/>\n<\/br><\/p>\n<p><strong>Cadastro<\/strong><\/p>\n<p>Para fazer a Carteira Nacional do Artes\u00e3o, o profissional deve fazer um pr\u00e9-agendamento na Secretaria de Estado Extraordin\u00e1ria de Desenvolvimento Integrado e F\u00f3runs Regionais (Seedif), no N\u00facleo de Artesanato, pelo telefone (31) 3915-2938. O cadastro \u00e9 feito \u00e0s ter\u00e7as e quintas, mas, em caso de necessidade, a Secretaria pode realizar o atendimento em outros dias da semana.<\/p>\n<p>O artes\u00e3o precisa levar RG, CPF, um comprovante de resid\u00eancia, uma foto 3&#215;4 colorida e, mediante o cadastramento, \u00e9 necess\u00e1rio fazer uma prova de habilidade manual. \u201cEste procedimento \u00e9 realizado exatamente para proteger a categoria, barrando pessoas que querem se passar por artes\u00e3os\u201d, explica Chaveiro.<\/p>\n<p>Em virtude do dia Nacional do Artes\u00e3o, celebrado no pr\u00f3ximo domingo (19\/3), a Seedif vai promover, neste dia, no Museu Ab\u00edlio Barreto, um mutir\u00e3o de cadastramento para obten\u00e7\u00e3o do documento. Para participar, o artes\u00e3o precisa preencher pr\u00e9-cadastro, pela internet, no link <a href=\"https:\/\/docs.google.com\/forms\/d\/e\/1FAIpQLScLecwVeZJEHETjd1YpnNXjzQQMzDd9g9R3kBxqIAHntF1_ZQ\/viewform?c=0&#038;w=1\" target=\"_blank\">https:\/\/goo.gl\/forms\/axcvtniNLiO0wKLn1<\/a>.  As vagas s\u00e3o limitadas.<\/p>\n<p><img decoding=\"async\" src=\"http:\/\/aconteceunovale.com.br\/portal\/wp-content\/uploads\/2017\/03\/artesanato_mineiro_1.jpg\" alt=\"\" \/><em>Euzil\u00e9ia disse que a carteira se traduz na expectativa de aumentar sua renda (Ag\u00eancia Minas)<\/em><br \/>\n<\/br><\/p>\n<p><strong>Comercializa\u00e7\u00e3o<\/strong><\/p>\n<p>Rica culturalmente, conhecida mundialmente e importante economicamente, a atividade conta com apoio do Governo de Minas Gerais, por meio da Seedif, que monitora, incentiva, cadastra artes\u00e3os e realiza feiras nacionais e internacionais para promover o artesanato mineiro.<\/p>\n<p>De acordo com Thiago Tomaz Chaveiro, o N\u00facleo de Artesanato trabalha para inserir os trabalhadores em eventos do setor e em iniciativas de desenvolvimento do artesanato. \u201cFazemos levantamento de canais de comercializa\u00e7\u00e3o, oferecemos ajuda para possibilitar a participa\u00e7\u00e3o dos artes\u00e3os em feiras e tamb\u00e9m trabalhamos na capacita\u00e7\u00e3o e qualifica\u00e7\u00e3o destes profissionais, com a ajuda de entidades parceiras, como o Sebrae-MG\u201d, explica. &#8220;A maior dificuldade hoje \u00e9 o escoamento da produ\u00e7\u00e3o e, por isso, a demanda \u00e9 pela abertura desses canais\u201d, completa.<\/p>\n<p>Natural de Cipot\u00e2nea, no territ\u00f3rio Vertentes, Cec\u00edlia Miranda, 50 anos, faz parte da Associa\u00e7\u00e3o das Artes\u00e3s da cidade e marca presen\u00e7a em eventos em todo o pa\u00eds. \u201cNossa mat\u00e9ria-prima \u00e9 a palha de milho, e fazemos cesteria em geral, ba\u00fas, fruteiras, bolsas, entre outros produtos\u201d, conta.<\/p>\n<p>Registrada h\u00e1 quinze anos, a Associa\u00e7\u00e3o, composta por cerca de 40 fam\u00edlias, tem uma loja no centro da cidade e tamb\u00e9m trabalha sob encomenda. \u201cN\u00f3s devemos muito ao Governo e ao Sebrae-MG, que nos leva para todas essas feiras importantes. \u00c9 nesses eventos que a gente faz contatos para futuras vendas e pedidos\u201d, diz a artes\u00e3, que fez a Carteira Nacional do Artes\u00e3o no ano passado.<\/p>\n<p><img decoding=\"async\" src=\"http:\/\/aconteceunovale.com.br\/portal\/wp-content\/uploads\/2017\/03\/artesanato_mineiro_2.jpeg\" alt=\"\" \/><em>N\u00facleo de Artesanato trabalha para inserir os trabalhadores em eventos (Ag\u00eancia Minas)<\/em><br \/>\n<\/br><\/p>\n<p><strong>Top 100 do artesanato<\/strong><\/p>\n<p>Prova da for\u00e7a do artesanato mineiro \u00e9 que Minas Gerais dominou o \u201cOscar brasileiro do artesanato\u201d. Dos cem melhores empreendimentos premiados na 4\u00aa edi\u00e7\u00e3o do Pr\u00eamio Sebrae Top 100 de Artesanato nos 27 Estados, 13 s\u00e3o mineiros. Al\u00e9m disso, Minas Gerais teve o maior n\u00famero de representantes na premia\u00e7\u00e3o. Dos 2.145 artes\u00e3os inscritos, 309 foram do estado. A cerim\u00f4nia de premia\u00e7\u00e3o ser\u00e1 realizada no dia 23 de novembro, no Rio de Janeiro.<\/p>\n<p>De Tr\u00eas Cora\u00e7\u00f5es, no territ\u00f3rio Sul, Osvaldo In\u00e1cio de Souza, 61 anos, n\u00e3o esperava ser premiado. Ele trabalha h\u00e1 vinte e sete anos com pe\u00e7as de decora\u00e7\u00e3o em madeira. \u201cQuando crian\u00e7a, observava um senhor vizinho meu que era artes\u00e3o. Comecei a aprender com ele, fui modificando at\u00e9 chegar no meu modelo\u201d, relata.<\/p>\n<p>\u201cMinha paix\u00e3o \u00e9 o artesanato. Vou moldando as pe\u00e7as, uma a uma, com o canivete, fa\u00e7o animais em miniatura, carrinhos de boi, entre outras. Participo de muitas feiras com ajuda do Governo, mas n\u00e3o esperava esse reconhecimento do pr\u00eamio. Fiquei muito satisfeito\u201d, comemora.<\/p>\n<p>Os vencedores mineiros foram: Cooperativa Mariense de Artesanato \/ Gente de Fibra (Maria da F\u00e9), Brasil Pitanga Arte Rustica (Carangola), Fio Brasil (Muzambinho), Cooperativa de Trabalho, Produ\u00e7\u00e3o e Comercializa\u00e7\u00e3o, Cooperativa de Trabalho, Produ\u00e7\u00e3o e Comercializa\u00e7\u00e3o (Betim),  Essamulher Acess\u00f3rios de Moda (Belo Horizonte) , Jos\u00e9 Roberto dos Santos (Antonio Carlos), Fernanda de Castro Carvalho (Prados), Maria de Lourdes Rosa de Freitas (Ouro Preto), Divino Ofh\u00edcio Artesanato (Lagoa Dourada), Jo\u00e3o Batista Ferreira Anjos Anjos (Santo Ant\u00f4nio do Leite), Mario  Pereira Teles (Divin\u00f3polis), Moises Silva (Tiradentes) e Osvaldo In\u00e1cio de Souza (Tr\u00eas Cora\u00e7\u00f5es).<\/p>\n<p>Al\u00e9m do reconhecimento nacional, os vencedores ter\u00e3o oportunidade de expor seus produtos em quatro eventos comerciais de express\u00e3o nacional. Eles poder\u00e3o ainda usar o selo &#8220;Pr\u00eamio Sebrae TOP 100 de Artesanato &#8211; 4\u00aa Edi\u00e7\u00e3o&#8221; at\u00e9 o final de 2019 e divulgar seus trabalhos no cat\u00e1logo da premia\u00e7\u00e3o. <\/p>\n<p><strong>VER PRIMEIRO<\/strong><\/p>\n<p><strong>Receba as not\u00edcias do Aconteceu no Vale em primeira m\u00e3o. Clique em curtir no endere\u00e7o <a href=\"https:\/\/www.facebook.com\/aconteceunovale\" target=\"_blank\"><font color=\"red\">www.facebook.com\/aconteceunovale<\/font><\/a> ou no box abaixo:<\/strong><\/p>\n<div class=\"fb-like\" data-href=\"https:\/\/www.facebook.com\/aconteceunovale\" data-width=\"120\" data-layout=\"standard\" data-action=\"like\" data-size=\"small\" data-show-faces=\"true\" data-share=\"true\"><\/div>\n<p><\/br><\/p>\n<p><em>(Fonte: Ag\u00eancia Minas)<\/em><\/p>\n","protected":false},"excerpt":{"rendered":"<p>Em sua casa em Belo Horizonte, Euzil\u00e9ia Oliveira, 48 anos, dedica seus dias ao of\u00edcio aprendido com suas tias ainda quando crian\u00e7a: o artesanato. \u201cDesde pequena aprendi a dar import\u00e2ncia aos trabalhos manuais, pois tive uma cria\u00e7\u00e3o mais antiquada, na qual as mulheres tinham que ser prendadas e fazer de tudo\u201d, conta. \u201cPor\u00e9m, descobri assim [&hellip;]<\/p>\n","protected":false},"author":1,"featured_media":110579,"comment_status":"open","ping_status":"closed","sticky":false,"template":"","format":"standard","meta":{"amp_status":"","footnotes":""},"categories":[123],"tags":[35302,111148,76965,142464,142443,194,1495,142452,1501,76966,142447,78447,142454,142450,142444,1018,142459,199,142456,142440,142457,142453,142451,142460,4386,1765,37546,142458,142462,142463,8430,142448,211,113798,1767,142449,142455,142446,142461,176,56547,44759,142445,142441,142442,76970,711,142439,1507],"class_list":["post-110578","post","type-post","status-publish","format-standard","has-post-thumbnail","hentry","category-gerais","tag-antonio-carlos","tag-artesanato-de-minas-gerais","tag-artesanato-mineiro","tag-artesanato-mineiro-movimenta-cerca-de-r-2-2-bilhoes-por-ano","tag-artesao-mineiro","tag-belo-horizonte","tag-betim","tag-brasil-pitanga-arte-rustica","tag-carangola","tag-carteira-nacional-do-artesao-e-do-trabalhador-manual","tag-cecilia-miranda","tag-cipotanea","tag-cooperativa-de-trabalho","tag-cooperativa-mariense-de-artesanato","tag-coordenador-de-artesanato-do-nucleo-de-artesanato-da-secretaria-de-estado-extraordinaria-de-desenvolvimento-integrado-e-foruns-regionais","tag-destaque","tag-divino-ofhicio-artesanato","tag-divinopolis","tag-essamulher-acessorios-de-moda","tag-euzileia-oliveira","tag-fernanda-de-castro-carvalho","tag-fio-brasil","tag-gente-de-fibra","tag-joao-batista-ferreira-anjos-anjos","tag-jose-roberto-dos-santos","tag-lagoa-dourada","tag-maria-da-fe","tag-maria-de-lourdes-rosa-de-freitas","tag-mario-pereira-teles","tag-moises-silva","tag-muzambinho","tag-osvaldo-inacio-de-souza","tag-ouro-preto","tag-pab","tag-prados","tag-premio-sebrae-top-100-de-artesanato","tag-producao-e-comercializacao","tag-programa-do-artesanato-brasileiro","tag-santo-antonio-do-leite","tag-sebrae","tag-sebrae-mg","tag-sebrae-minas","tag-seedif","tag-sicab","tag-sistema-de-informacoes-cadastrais-do-artesanato-brasileiro","tag-thiago-tomaz-chaveiro","tag-tiradentes","tag-top-100-do-artesanato-mineiro","tag-tres-coracoes"],"_links":{"self":[{"href":"https:\/\/aconteceunovale.com.br\/portal\/index.php?rest_route=\/wp\/v2\/posts\/110578","targetHints":{"allow":["GET"]}}],"collection":[{"href":"https:\/\/aconteceunovale.com.br\/portal\/index.php?rest_route=\/wp\/v2\/posts"}],"about":[{"href":"https:\/\/aconteceunovale.com.br\/portal\/index.php?rest_route=\/wp\/v2\/types\/post"}],"author":[{"embeddable":true,"href":"https:\/\/aconteceunovale.com.br\/portal\/index.php?rest_route=\/wp\/v2\/users\/1"}],"replies":[{"embeddable":true,"href":"https:\/\/aconteceunovale.com.br\/portal\/index.php?rest_route=%2Fwp%2Fv2%2Fcomments&post=110578"}],"version-history":[{"count":0,"href":"https:\/\/aconteceunovale.com.br\/portal\/index.php?rest_route=\/wp\/v2\/posts\/110578\/revisions"}],"wp:featuredmedia":[{"embeddable":true,"href":"https:\/\/aconteceunovale.com.br\/portal\/index.php?rest_route=\/wp\/v2\/media\/110579"}],"wp:attachment":[{"href":"https:\/\/aconteceunovale.com.br\/portal\/index.php?rest_route=%2Fwp%2Fv2%2Fmedia&parent=110578"}],"wp:term":[{"taxonomy":"category","embeddable":true,"href":"https:\/\/aconteceunovale.com.br\/portal\/index.php?rest_route=%2Fwp%2Fv2%2Fcategories&post=110578"},{"taxonomy":"post_tag","embeddable":true,"href":"https:\/\/aconteceunovale.com.br\/portal\/index.php?rest_route=%2Fwp%2Fv2%2Ftags&post=110578"}],"curies":[{"name":"wp","href":"https:\/\/api.w.org\/{rel}","templated":true}]}}