{"id":110537,"date":"2017-03-15T20:12:54","date_gmt":"2017-03-15T22:12:54","guid":{"rendered":"http:\/\/aconteceunovale.com.br\/portal\/?p=110537"},"modified":"2017-03-15T20:12:54","modified_gmt":"2017-03-15T22:12:54","slug":"presidente-do-senado-defende-voto-em-lista-fechada-nas-eleicoes-de-2018","status":"publish","type":"post","link":"https:\/\/aconteceunovale.com.br\/portal\/?p=110537","title":{"rendered":"Presidente do Senado defende voto em lista fechada nas elei\u00e7\u00f5es de 2018"},"content":{"rendered":"<p>O presidente do Senado, Eun\u00edcio Oliveira (PMDB-CE), defendeu o voto em lista fechada para as elei\u00e7\u00f5es de 2018. Para Eun\u00edcio, \u00e9 necess\u00e1rio fazer uma reforma no modelo pol\u00edtico-partid\u00e1rio do pa\u00eds, que est\u00e1 ultrapassado. Pela lista fechada, o partido define uma ordem de prefer\u00eancia de candidatos, e o eleitor vota na legenda.<\/p>\n<p>Eun\u00edcio participou na manh\u00e3 de hoje (15) de uma reuni\u00e3o sobre a reforma pol\u00edtico-partid\u00e1ria no Pal\u00e1cio do Planalto, com o presidente Michel Temer, e os presidentes da C\u00e2mara dos Deputados, Rodrigo Maia (DEM-RJ), e do Tribunal Superior Eleitoral (TSE), Gilmar Mendes.<\/p>\n<p>\u201cSou favor\u00e1vel e n\u00e3o consigo entender como \u00e9 que vamos fazer financiamento de campanha p\u00fablico se n\u00e3o tiver lista fechada. Nesse modelo que est\u00e1 ai, de lista aberta na proporcionalidade, sem nenhum outro tipo de controle, n\u00e3o vejo como fazer financiamento p\u00fablico\u201d, disse Eun\u00edcio em entrevista a jornalistas.<\/p>\n<p><strong>Regra de transi\u00e7\u00e3o<\/strong><\/p>\n<p>O presidente do Senado defendeu uma regra de transi\u00e7\u00e3o para que o modelo seja aplicado j\u00e1 em 2018. \u201cDefendo tamb\u00e9m um modelo de transi\u00e7\u00e3o nesse per\u00edodo, mas defendo lista preordenada\u201d, disse.<\/p>\n<p>Ao final do encontro, no Pal\u00e1cio do Planalto, os participantes da reuni\u00e3o\u00a0divulgaram\u00a0 nota\u00a0em que afirmam que h\u00e1 um amplo consenso sobre a necessidade e a urg\u00eancia de uma reforma do sistema pol\u00edtico-eleitoral brasileiro. Eun\u00edcio disse que a discuss\u00e3o do tema cabe ao Congresso Nacional, mas \u00e9 que importante ouvir o TSE. Segundo o senador, as posi\u00e7\u00f5es dos participantes da reuni\u00e3o foram relativamente convergentes.<\/p>\n<p><strong>Lista da PGR<\/strong><\/p>\n<p>Questionado se a lista da Procuradoria-Geral da Rep\u00fablica (PGR) que pede a abertura de inqu\u00e9ritos com base em dela\u00e7\u00f5es de executivos da Odebrecht pode atrapalhar o ritmo dos trabalhos no Parlamento, Eun\u00edcio disse que \u00e9 poss\u00edvel separar as coisas. \u201cTemos um compromisso com o Brasil, com as reformas, em gerar emprego e renda. A economia brasileira come\u00e7a a dar sinaliza\u00e7\u00e3o. Essa Casa vai saber separar, a Justi\u00e7a vai cuidar da Justi\u00e7a, e a Casa vai cuidar do que precisamos fazer, que s\u00e3o as reformas, revogar leis arcaicas, aprovar leis novas para destravar o crescimento do Brasil\u201d, respondeu.<\/p>\n<p>Sobre not\u00edcias divulgadas na imprensa de que seu nome estaria na lista enviada pela procuradoria ao Supremo Tribunal Federal, Eun\u00edcio respondeu: \u201cconstar o nome na lista em um processo de investiga\u00e7\u00e3o n\u00e3o \u00e9 senten\u00e7a. Confio na Justi\u00e7a do meu Brasil.\u201d<\/p>\n<p><strong>VER PRIMEIRO<\/strong><\/p>\n<p><strong>Receba as not\u00edcias do Aconteceu no Vale em primeira m\u00e3o. Clique em curtir no endere\u00e7o <a href=\"https:\/\/www.facebook.com\/aconteceunovale\" target=\"_blank\"><font color=\"red\">www.facebook.com\/aconteceunovale<\/font><\/a> ou no box abaixo:<\/strong><\/p>\n<div class=\"fb-like\" data-href=\"https:\/\/www.facebook.com\/aconteceunovale\" data-width=\"120\" data-layout=\"standard\" data-action=\"like\" data-size=\"small\" data-show-faces=\"true\" data-share=\"true\"><\/div>\n<p><\/br><\/p>\n<p><em>(Fonte: Ag\u00eancia Brasil)<\/em><\/p>\n","protected":false},"excerpt":{"rendered":"<p>O presidente do Senado, Eun\u00edcio Oliveira (PMDB-CE), defendeu o voto em lista fechada para as elei\u00e7\u00f5es de 2018. Para Eun\u00edcio, \u00e9 necess\u00e1rio fazer uma reforma no modelo pol\u00edtico-partid\u00e1rio do pa\u00eds, que est\u00e1 ultrapassado. Pela lista fechada, o partido define uma ordem de prefer\u00eancia de candidatos, e o eleitor vota na legenda. Eun\u00edcio participou na manh\u00e3 [&hellip;]<\/p>\n","protected":false},"author":1,"featured_media":92935,"comment_status":"open","ping_status":"closed","sticky":false,"template":"","format":"standard","meta":{"amp_status":"","footnotes":""},"categories":[6,40240],"tags":[20922,142380,42445,47612,36503,142379,20181,61731,18096,31968,142377,20098,48373,94060,267,142378],"class_list":["post-110537","post","type-post","status-publish","format-standard","has-post-thumbnail","hentry","category-br","category-politica-2","tag-camara-dos-deputados","tag-eleicoes-de-2018","tag-eunicio-oliveira","tag-gilmar-mendes","tag-lista-de-janot","tag-lista-fechada-nas-eleicoes-de-2018","tag-michel-temer","tag-palacio-do-planalto","tag-pmdb","tag-presidente-do-senado","tag-presidente-do-senado-defende-voto-em-lista-fechada-nas-eleicoes-de-2018","tag-reforma-politica","tag-rodrigo-maia","tag-tribunal-superior-eleitoral","tag-tse","tag-voto-em-lista-fechada-nas-eleicoes-de-2018"],"_links":{"self":[{"href":"https:\/\/aconteceunovale.com.br\/portal\/index.php?rest_route=\/wp\/v2\/posts\/110537","targetHints":{"allow":["GET"]}}],"collection":[{"href":"https:\/\/aconteceunovale.com.br\/portal\/index.php?rest_route=\/wp\/v2\/posts"}],"about":[{"href":"https:\/\/aconteceunovale.com.br\/portal\/index.php?rest_route=\/wp\/v2\/types\/post"}],"author":[{"embeddable":true,"href":"https:\/\/aconteceunovale.com.br\/portal\/index.php?rest_route=\/wp\/v2\/users\/1"}],"replies":[{"embeddable":true,"href":"https:\/\/aconteceunovale.com.br\/portal\/index.php?rest_route=%2Fwp%2Fv2%2Fcomments&post=110537"}],"version-history":[{"count":0,"href":"https:\/\/aconteceunovale.com.br\/portal\/index.php?rest_route=\/wp\/v2\/posts\/110537\/revisions"}],"wp:featuredmedia":[{"embeddable":true,"href":"https:\/\/aconteceunovale.com.br\/portal\/index.php?rest_route=\/wp\/v2\/media\/92935"}],"wp:attachment":[{"href":"https:\/\/aconteceunovale.com.br\/portal\/index.php?rest_route=%2Fwp%2Fv2%2Fmedia&parent=110537"}],"wp:term":[{"taxonomy":"category","embeddable":true,"href":"https:\/\/aconteceunovale.com.br\/portal\/index.php?rest_route=%2Fwp%2Fv2%2Fcategories&post=110537"},{"taxonomy":"post_tag","embeddable":true,"href":"https:\/\/aconteceunovale.com.br\/portal\/index.php?rest_route=%2Fwp%2Fv2%2Ftags&post=110537"}],"curies":[{"name":"wp","href":"https:\/\/api.w.org\/{rel}","templated":true}]}}