{"id":110531,"date":"2017-03-15T18:51:57","date_gmt":"2017-03-15T20:51:57","guid":{"rendered":"http:\/\/aconteceunovale.com.br\/portal\/?p=110531"},"modified":"2017-03-15T18:51:57","modified_gmt":"2017-03-15T20:51:57","slug":"estado-nomeia-mais-1-500-professores-para-atuarem-nos-anos-finais-do-ensino-fundamental-e-no-ensino-medio","status":"publish","type":"post","link":"https:\/\/aconteceunovale.com.br\/portal\/?p=110531","title":{"rendered":"Estado nomeia mais 1.500 professores para atuarem nos anos finais do Ensino Fundamental e no Ensino M\u00e9dio"},"content":{"rendered":"<p>O\u00a0Governo de Minas Gerais\u00a0publicou no\u00a0<span style=\"color: #ff0000;\"><a href=\"http:\/\/www.iof.mg.gov.br\/\" target=\"_blank\"><span style=\"color: #ff0000;\">Di\u00e1rio Oficial<\/span><\/a><\/span>\u00a0desta quarta-feira (15\/3) mais uma lista de nomea\u00e7\u00e3o de servidores para atuarem na rede estadual de ensino. Esse \u00e9 o segundo lote de nomea\u00e7\u00f5es publicadas em 2017 e contempla 1.500 professores regentes de aula das v\u00e1rias disciplinas.<\/p>\n<p>Os professores nomeados ir\u00e3o atuar nos anos finais do Ensino Fundamental e no Ensino M\u00e9dio. A listagem contempla educadores de 508 munic\u00edpios mineiros e abrange todas as 47 Superintend\u00eancias Regionais de Ensino (SREs). \u00a0Os servidores nomeados s\u00e3o todos do Edital 04\/2014.<\/p>\n<p>Com essa nova lista de nomea\u00e7\u00e3o, o Estado atinge a marca de 41.051 trabalhadores da Educa\u00e7\u00e3o nomeados em pouco mais de dois anos. S\u00f3 entre os anos de 2015 e 2016 foram nomeados 37.051 novos servidores. Em janeiro de 2017, foram nomeados 2.500 professores para atuarem nos anos iniciais do Ensino Fundamental do edital 01\/2011, que teve sua vig\u00eancia encerrada no dia 30 de janeiro.<\/p>\n<p>A nomea\u00e7\u00e3o de servidores \u00e9 um dos itens do acordo assinado entre o Governo e o Sindicato \u00danico dos Trabalhadores em Educa\u00e7\u00e3o (Sind-UTE\/MG). Para a secret\u00e1ria de Estado de Educa\u00e7\u00e3o, Maca\u00e9 Evaristo, elas resultam no fortalecimento da educa\u00e7\u00e3o no Estado.<\/p>\n<p>\u201cMais que um passo para o cumprimento do acordo, com as nomea\u00e7\u00f5es dos servidores da educa\u00e7\u00e3o estamos caminhando para o fortalecimento pedag\u00f3gico das escolas e contribuindo para um quadro de profissionais efetivos com um maior v\u00ednculo com a institui\u00e7\u00e3o escolar e portanto com a aprendizagem dos alunos \u201d. Do total de nomea\u00e7\u00f5es realizadas entre 2015 e 2017, 80,6% s\u00e3o professores.<\/p>\n<p><strong>Exames<\/strong><\/p>\n<p>Uma vez publicada a nomea\u00e7\u00e3o, o aprovado deve submeter-se a exame m\u00e9dico pr\u00e9-admissional, a ser realizado pela Superintend\u00eancia Central de Per\u00edcia M\u00e9dica e Sa\u00fade Ocupacional (SCPMSO) da\u00a0Secretaria de Estado de Planejamento e Gest\u00e3o (Seplag), nas datas e hor\u00e1rios que ser\u00e3o publicados no site da Seplag no dia 17 de mar\u00e7o.<\/p>\n<p><strong>VER PRIMEIRO<\/strong><\/p>\n<p><strong>Receba as not\u00edcias do Aconteceu no Vale em primeira m\u00e3o. Clique em curtir no endere\u00e7o <a href=\"https:\/\/www.facebook.com\/aconteceunovale\" target=\"_blank\"><font color=\"red\">www.facebook.com\/aconteceunovale<\/font><\/a> ou no box abaixo:<\/strong><\/p>\n<div class=\"fb-like\" data-href=\"https:\/\/www.facebook.com\/aconteceunovale\" data-width=\"120\" data-layout=\"standard\" data-action=\"like\" data-size=\"small\" data-show-faces=\"true\" data-share=\"true\"><\/div>\n<p><\/br><\/p>\n<p><em>(Ag\u00eancia Minas)<\/em><\/p>\n","protected":false},"excerpt":{"rendered":"<p>O\u00a0Governo de Minas Gerais\u00a0publicou no\u00a0Di\u00e1rio Oficial\u00a0desta quarta-feira (15\/3) mais uma lista de nomea\u00e7\u00e3o de servidores para atuarem na rede estadual de ensino. Esse \u00e9 o segundo lote de nomea\u00e7\u00f5es publicadas em 2017 e contempla 1.500 professores regentes de aula das v\u00e1rias disciplinas. Os professores nomeados ir\u00e3o atuar nos anos finais do Ensino Fundamental e no [&hellip;]<\/p>\n","protected":false},"author":1,"featured_media":69034,"comment_status":"open","ping_status":"closed","sticky":false,"template":"","format":"standard","meta":{"amp_status":"","footnotes":""},"categories":[40238,123],"tags":[142369,142368,142363,131,142364,43418,142365,94800,142366,142367,142370],"class_list":["post-110531","post","type-post","status-publish","format-standard","has-post-thumbnail","hentry","category-educacao-2","category-gerais","tag-ensino-fundamental-minas-gerais","tag-ensino-medio-minas-gerais","tag-estado-nomeia-mais-1-500-professores-para-atuarem-nos-anos-finais-do-ensino-fundamental-e-no-ensino-medio","tag-minas-gerais","tag-nomeacao-de-professores-em-mg","tag-nomeacao-de-professores-em-minas-gerais","tag-professores-nomeados-em-mg","tag-professores-nomeados-em-minas-gerais","tag-professores-nomeados-para-o-ensino-fundamental-em-minas","tag-professores-nomeados-para-o-ensino-medio-em-minas-gerais","tag-rede-estadual-de-ensino-em-minas-gerais"],"_links":{"self":[{"href":"https:\/\/aconteceunovale.com.br\/portal\/index.php?rest_route=\/wp\/v2\/posts\/110531","targetHints":{"allow":["GET"]}}],"collection":[{"href":"https:\/\/aconteceunovale.com.br\/portal\/index.php?rest_route=\/wp\/v2\/posts"}],"about":[{"href":"https:\/\/aconteceunovale.com.br\/portal\/index.php?rest_route=\/wp\/v2\/types\/post"}],"author":[{"embeddable":true,"href":"https:\/\/aconteceunovale.com.br\/portal\/index.php?rest_route=\/wp\/v2\/users\/1"}],"replies":[{"embeddable":true,"href":"https:\/\/aconteceunovale.com.br\/portal\/index.php?rest_route=%2Fwp%2Fv2%2Fcomments&post=110531"}],"version-history":[{"count":0,"href":"https:\/\/aconteceunovale.com.br\/portal\/index.php?rest_route=\/wp\/v2\/posts\/110531\/revisions"}],"wp:featuredmedia":[{"embeddable":true,"href":"https:\/\/aconteceunovale.com.br\/portal\/index.php?rest_route=\/wp\/v2\/media\/69034"}],"wp:attachment":[{"href":"https:\/\/aconteceunovale.com.br\/portal\/index.php?rest_route=%2Fwp%2Fv2%2Fmedia&parent=110531"}],"wp:term":[{"taxonomy":"category","embeddable":true,"href":"https:\/\/aconteceunovale.com.br\/portal\/index.php?rest_route=%2Fwp%2Fv2%2Fcategories&post=110531"},{"taxonomy":"post_tag","embeddable":true,"href":"https:\/\/aconteceunovale.com.br\/portal\/index.php?rest_route=%2Fwp%2Fv2%2Ftags&post=110531"}],"curies":[{"name":"wp","href":"https:\/\/api.w.org\/{rel}","templated":true}]}}