{"id":110528,"date":"2017-03-15T11:40:02","date_gmt":"2017-03-15T13:40:02","guid":{"rendered":"http:\/\/aconteceunovale.com.br\/portal\/?p=110528"},"modified":"2017-03-15T11:40:02","modified_gmt":"2017-03-15T13:40:02","slug":"governo-libera-r-9-milhoes-para-obras-de-barragem-em-mato-verde-no-norte-de-minas","status":"publish","type":"post","link":"https:\/\/aconteceunovale.com.br\/portal\/?p=110528","title":{"rendered":"Governo libera R$ 9 milh\u00f5es para obras de barragem em Mato Verde, no Norte de Minas"},"content":{"rendered":"<p>Com a escassez h\u00eddrica dos \u00faltimos anos, o desafio continua sendo a seca que castiga a popula\u00e7\u00e3o do Norte do Estado. Para minimizar os efeitos da estiagem prolongada, o Governo de Minas Gerais, por meio da Secretaria de Estado de Desenvolvimento e Integra\u00e7\u00e3o do Norte e Nordeste de Minas Gerais (Sedinor), est\u00e1 investindo em obras para melhoria da infraestrutura h\u00eddrica da regi\u00e3o.<\/p>\n<p>O \u00faltimo ato foi a libera\u00e7\u00e3o de R$ 9 milh\u00f5es para a complementa\u00e7\u00e3o da Barragem Viam\u00e3o. A obra beneficiar\u00e1 cerca de 20 mil pessoas que residem nos munic\u00edpios de Mato Verde e Catuti. A\u00e7\u00e3o t\u00eam como interveniente executora a Companhia de Saneamento de Minas Gerais (Copasa).<\/p>\n<p>A Barragem de Mato Verde foi iniciada ao custo de R$ 48 milh\u00f5es e j\u00e1 recebeu investimentos de R$ 11.726.457,89. Com a libera\u00e7\u00e3o dessa nova parcela, a soma dos repasses j\u00e1 passa de R$ 20,7 milh\u00f5es. A obra tem previs\u00e3o de ser conclu\u00edda em dezembro de 2017, diante de um terno de compromisso firmado entre o Sistema Sedinor\/Idene e o Minist\u00e9rio da Integra\u00e7\u00e3o Nacional, no \u00e2mbito do Programa de Acelera\u00e7\u00e3o do Crescimento (PAC 2).<\/p>\n<p>O secret\u00e1rio da Sedinor, Gustavo Xavier, ressalta o emprenho do governador Fernando Pimentel para atender as demandas da popula\u00e7\u00e3o de Mato Verde e Catuti. \u201cO Norte de Minas \u00e9 uma regi\u00e3o bastante castigada pela falta d&#8217;\u00e1gua. E agora, com o apoio e empenho do Governador, a continuidade desta obra est\u00e1 garantida. \u00c9 um empreendimento de extrema import\u00e2ncia para levar qualidade de vida para essas pessoas que aguardam esta barragem h\u00e1 anos\u201d, disse ao lembrar que a obra poder\u00e1 acumular volume de \u00e1gua suficiente para atender a popula\u00e7\u00e3o das cidades de Mato Verde e Catuti, al\u00e9m de distritos hoje abastecidos com carros pipa.<\/p>\n<p>Segundo Xavier, a opera\u00e7\u00e3o pipa consome milh\u00f5es de reais todos os anos no Norte de Minas. Ele ressalta que o custo m\u00e9dio do aluguel de cada ve\u00edculo que transporta \u00e1gua para as fam\u00edlias desabastecidas \u00e9 de cerca de R$ 12 mil mensais.<\/p>\n<p>\u201cEsta barragem ser\u00e1 um grande passo para solucionarmos o problema da falta d&#8217;\u00e1gua e garantirmos economia para o estado. S\u00e3o projetos estruturantes como este que v\u00e3o promover o desenvolvimento regional que o Norte de Minas precisa\u201d, disse.<\/p>\n<p>De acordo com o projeto, a altura da Barragem ser\u00e1 elevada dos atuais 12 metros para 35 metros, o que vai garantir capacidade de fornecimento de 50 litros de \u00e1gua por segundo, afastando a possibilidade do desabastecimento no per\u00edodo de seca prolongada.<\/p>\n<p><img decoding=\"async\" src=\"http:\/\/aconteceunovale.com.br\/portal\/wp-content\/uploads\/2017\/03\/barragem_matoverde.jpg\" alt=\"\" \/><em>Altura da Barragem ser\u00e1 elevada dos atuais 12 metros para 35 metros (Divulga\u00e7\u00e3o\/Copasa)<\/em><br \/>\n<\/br><\/p>\n<p><strong>VER PRIMEIRO<\/strong><\/p>\n<p><strong>Receba as not\u00edcias do Aconteceu no Vale em primeira m\u00e3o. Clique em curtir no endere\u00e7o <a href=\"https:\/\/www.facebook.com\/aconteceunovale\" target=\"_blank\"><font color=\"red\">www.facebook.com\/aconteceunovale<\/font><\/a> ou no box abaixo:<\/strong><\/p>\n<div class=\"fb-like\" data-href=\"https:\/\/www.facebook.com\/aconteceunovale\" data-width=\"120\" data-layout=\"standard\" data-action=\"like\" data-size=\"small\" data-show-faces=\"true\" data-share=\"true\"><\/div>\n<p><\/br><\/p>\n<p><em>(Ag\u00eancia Minas)<\/em><\/p>\n","protected":false},"excerpt":{"rendered":"<p>Com a escassez h\u00eddrica dos \u00faltimos anos, o desafio continua sendo a seca que castiga a popula\u00e7\u00e3o do Norte do Estado. Para minimizar os efeitos da estiagem prolongada, o Governo de Minas Gerais, por meio da Secretaria de Estado de Desenvolvimento e Integra\u00e7\u00e3o do Norte e Nordeste de Minas Gerais (Sedinor), est\u00e1 investindo em obras [&hellip;]<\/p>\n","protected":false},"author":1,"featured_media":110529,"comment_status":"open","ping_status":"closed","sticky":false,"template":"","format":"standard","meta":{"amp_status":"","footnotes":""},"categories":[1236],"tags":[142358,122318,1800,27758,122315,179,1018,51191,142353,142362,142357,142355,1195,122314,142361,142356,142359,27249,60571,27248,142354,142360],"class_list":["post-110528","post","type-post","status-publish","format-standard","has-post-thumbnail","hentry","category-norte_de_minas","tag-barragem-de-mato-verde","tag-barragem-viamao","tag-catuti","tag-companhia-de-saneamento-de-minas-gerais","tag-construcao-de-barragem-em-mato-verde","tag-copasa","tag-destaque","tag-governo-de-minas-gerais","tag-governo-libera-r-9-milhoes-para-obras-de-barragem-em-mato-verde","tag-gustavo-xavier","tag-liberacao-de-recursos-para-barragem-de-mato-verde","tag-liberacao-de-verba-barragem-de-mato-verde","tag-mato-verde","tag-obras-de-barragem-em-mato-verde","tag-pac-2","tag-recursos-barragem-de-mato-verde","tag-recursos-barragem-viamao","tag-secretaria-de-estado-de-desenvolvimento-e-integracao-do-norte-e-nordeste-de-minas-gerais","tag-secretario-da-sedinor","tag-sedinor","tag-verba-barragem-mato-verde","tag-verba-barragem-viamao"],"_links":{"self":[{"href":"https:\/\/aconteceunovale.com.br\/portal\/index.php?rest_route=\/wp\/v2\/posts\/110528","targetHints":{"allow":["GET"]}}],"collection":[{"href":"https:\/\/aconteceunovale.com.br\/portal\/index.php?rest_route=\/wp\/v2\/posts"}],"about":[{"href":"https:\/\/aconteceunovale.com.br\/portal\/index.php?rest_route=\/wp\/v2\/types\/post"}],"author":[{"embeddable":true,"href":"https:\/\/aconteceunovale.com.br\/portal\/index.php?rest_route=\/wp\/v2\/users\/1"}],"replies":[{"embeddable":true,"href":"https:\/\/aconteceunovale.com.br\/portal\/index.php?rest_route=%2Fwp%2Fv2%2Fcomments&post=110528"}],"version-history":[{"count":0,"href":"https:\/\/aconteceunovale.com.br\/portal\/index.php?rest_route=\/wp\/v2\/posts\/110528\/revisions"}],"wp:featuredmedia":[{"embeddable":true,"href":"https:\/\/aconteceunovale.com.br\/portal\/index.php?rest_route=\/wp\/v2\/media\/110529"}],"wp:attachment":[{"href":"https:\/\/aconteceunovale.com.br\/portal\/index.php?rest_route=%2Fwp%2Fv2%2Fmedia&parent=110528"}],"wp:term":[{"taxonomy":"category","embeddable":true,"href":"https:\/\/aconteceunovale.com.br\/portal\/index.php?rest_route=%2Fwp%2Fv2%2Fcategories&post=110528"},{"taxonomy":"post_tag","embeddable":true,"href":"https:\/\/aconteceunovale.com.br\/portal\/index.php?rest_route=%2Fwp%2Fv2%2Ftags&post=110528"}],"curies":[{"name":"wp","href":"https:\/\/api.w.org\/{rel}","templated":true}]}}