{"id":110500,"date":"2017-03-14T22:16:32","date_gmt":"2017-03-15T00:16:32","guid":{"rendered":"http:\/\/aconteceunovale.com.br\/portal\/?p=110500"},"modified":"2017-03-14T22:16:32","modified_gmt":"2017-03-15T00:16:32","slug":"secretario-de-cultura-esporte-lazer-e-juventude-de-governador-valadares-pede-exoneracao","status":"publish","type":"post","link":"https:\/\/aconteceunovale.com.br\/portal\/?p=110500","title":{"rendered":"Secret\u00e1rio de Cultura, Esporte, Lazer e Juventude de Governador Valadares pede exonera\u00e7\u00e3o"},"content":{"rendered":"<p>O Secret\u00e1rio Municipal de Cultura, Esporte, Lazer e Juventude de Governador Valadares, Daniel R\u00f4mulo de Carvalho Rocha (PDT), pediu exonera\u00e7\u00e3o nessa segunda-feira (13\/3). Ele ocupa um cargo na Secretaria de Estado da Educa\u00e7\u00e3o e segundo a prefeitura, o \u00f3rg\u00e3o se negou a ceder o funcion\u00e1rio para prestar servi\u00e7os ao munic\u00edpio.<\/p>\n<p>A prefeitura informou ainda, que Daniel est\u00e1 em per\u00edodo probat\u00f3rio e n\u00e3o pode pedir licen\u00e7a do cargo estadual, fazendo com que ele optasse por permanecer como funcion\u00e1rio do estado. O prefeito Andr\u00e9 Merlo (PSDB) ainda n\u00e3o definiu quem vai assumir o lugar deixado na secretaria.<\/p>\n<p><img decoding=\"async\" src=\"http:\/\/aconteceunovale.com.br\/portal\/wp-content\/uploads\/2017\/03\/daniel_romulo.jpg\" alt=\"\" \/><em>Daniel R\u00f4mulo de Carvalho Rocha pediu exonera\u00e7\u00e3o (Divulga\u00e7\u00e3o)<\/em><br \/>\n<\/br><\/p>\n<p><strong>VER PRIMEIRO<\/strong><\/p>\n<p><strong>Receba as not\u00edcias do Aconteceu no Vale em primeira m\u00e3o. Clique em curtir no endere\u00e7o <a href=\"https:\/\/www.facebook.com\/aconteceunovale\" target=\"_blank\"><font color=\"red\">www.facebook.com\/aconteceunovale<\/font><\/a> ou no box abaixo:<\/strong><\/p>\n<div class=\"fb-like\" data-href=\"https:\/\/www.facebook.com\/aconteceunovale\" data-width=\"120\" data-layout=\"standard\" data-action=\"like\" data-size=\"small\" data-show-faces=\"true\" data-share=\"true\"><\/div>\n<p><\/br><\/p>\n<p><em>(Fonte: G1 dos Vales)<\/em><\/p>\n","protected":false},"excerpt":{"rendered":"<p>O Secret\u00e1rio Municipal de Cultura, Esporte, Lazer e Juventude de Governador Valadares, Daniel R\u00f4mulo de Carvalho Rocha (PDT), pediu exonera\u00e7\u00e3o nessa segunda-feira (13\/3). Ele ocupa um cargo na Secretaria de Estado da Educa\u00e7\u00e3o e segundo a prefeitura, o \u00f3rg\u00e3o se negou a ceder o funcion\u00e1rio para prestar servi\u00e7os ao munic\u00edpio. A prefeitura informou ainda, que [&hellip;]<\/p>\n","protected":false},"author":1,"featured_media":110501,"comment_status":"open","ping_status":"closed","sticky":false,"template":"","format":"standard","meta":{"amp_status":"","footnotes":""},"categories":[121,40240],"tags":[101405,142301,142302,247,114476,35082,142303,142304],"class_list":["post-110500","post","type-post","status-publish","format-standard","has-post-thumbnail","hentry","category-leste","category-politica-2","tag-andre-merlo","tag-daniel-romulo-de-carvalho-rocha","tag-exoneracao-daniel-romulo-de-carvalho-rocha","tag-governador-valadares","tag-pdt","tag-prefeitura-de-governador-valadares","tag-secretario-de-cultura-esporte-lazer-e-juventude-de-governador-valadares-pede-exoneracao","tag-smcel"],"_links":{"self":[{"href":"https:\/\/aconteceunovale.com.br\/portal\/index.php?rest_route=\/wp\/v2\/posts\/110500","targetHints":{"allow":["GET"]}}],"collection":[{"href":"https:\/\/aconteceunovale.com.br\/portal\/index.php?rest_route=\/wp\/v2\/posts"}],"about":[{"href":"https:\/\/aconteceunovale.com.br\/portal\/index.php?rest_route=\/wp\/v2\/types\/post"}],"author":[{"embeddable":true,"href":"https:\/\/aconteceunovale.com.br\/portal\/index.php?rest_route=\/wp\/v2\/users\/1"}],"replies":[{"embeddable":true,"href":"https:\/\/aconteceunovale.com.br\/portal\/index.php?rest_route=%2Fwp%2Fv2%2Fcomments&post=110500"}],"version-history":[{"count":0,"href":"https:\/\/aconteceunovale.com.br\/portal\/index.php?rest_route=\/wp\/v2\/posts\/110500\/revisions"}],"wp:featuredmedia":[{"embeddable":true,"href":"https:\/\/aconteceunovale.com.br\/portal\/index.php?rest_route=\/wp\/v2\/media\/110501"}],"wp:attachment":[{"href":"https:\/\/aconteceunovale.com.br\/portal\/index.php?rest_route=%2Fwp%2Fv2%2Fmedia&parent=110500"}],"wp:term":[{"taxonomy":"category","embeddable":true,"href":"https:\/\/aconteceunovale.com.br\/portal\/index.php?rest_route=%2Fwp%2Fv2%2Fcategories&post=110500"},{"taxonomy":"post_tag","embeddable":true,"href":"https:\/\/aconteceunovale.com.br\/portal\/index.php?rest_route=%2Fwp%2Fv2%2Ftags&post=110500"}],"curies":[{"name":"wp","href":"https:\/\/api.w.org\/{rel}","templated":true}]}}