{"id":110498,"date":"2017-03-14T22:04:12","date_gmt":"2017-03-15T00:04:12","guid":{"rendered":"http:\/\/aconteceunovale.com.br\/portal\/?p=110498"},"modified":"2017-03-14T22:04:12","modified_gmt":"2017-03-15T00:04:12","slug":"encontrado-corpo-de-jovem-que-se-afogou-no-municipio-de-sao-pedro-do-suacui","status":"publish","type":"post","link":"https:\/\/aconteceunovale.com.br\/portal\/?p=110498","title":{"rendered":"Encontrado corpo de jovem que se afogou no munic\u00edpio de S\u00e3o Pedro do Sua\u00e7u\u00ed"},"content":{"rendered":"<p>Foi encontrado o corpo da uma jovem de 21 anos que estava desparecida desde domingo (12), quando caiu em uma cachoeira no munic\u00edpio de S\u00e3o Pedro do Sua\u00e7u\u00ed, no Vale do Rio Doce. Segundo a Pol\u00edcia Militar (PM), as buscas foram retomadas na manh\u00e3 desta ter\u00e7a-feira (14) pelo Corpo de Bombeiros e a v\u00edtima Cleiciane Ferreira foi localizada.<\/p>\n<p>A jovem havia desaparecido no \u00faltimo domingo, quando estava pescando na Cachoeira dos Maretas, escorregou em uma pedra e caiu \u00e1gua. Ainda de acordo com a PM, o trecho do rio onde aconteceu o acidente \u00e9 muito perigoso, tendo pontos com seis metros de profundidade. Mais de 30 mortes j\u00e1 foram registradas nos local nos \u00faltimos 20 anos.<\/p>\n<p>A jovem residia em S\u00e3o Jo\u00e3o Evangelista. O corpo foi encaminhado para o Instituto M\u00e9dico Legal (IML) em Governador Valadares e ap\u00f3s os exames de praxe, ser\u00e1 liberado aos familiares.<\/p>\n<p><img decoding=\"async\" src=\"http:\/\/aconteceunovale.com.br\/portal\/wp-content\/uploads\/2017\/03\/cachoeira_maretas_sje_1.jpg\" alt=\"\" \/><em>Local do acidente \u00e9 muito perigoso (Foto: Pol\u00edcia Militar\/Divulga\u00e7\u00e3o)<\/em><br \/>\n<\/br><\/p>\n<p><strong>VER PRIMEIRO<\/strong><\/p>\n<p><strong>Receba as not\u00edcias do Aconteceu no Vale em primeira m\u00e3o. Clique em curtir no endere\u00e7o <a href=\"https:\/\/www.facebook.com\/aconteceunovale\" target=\"_blank\"><font color=\"red\">www.facebook.com\/aconteceunovale<\/font><\/a> ou no box abaixo:<\/strong><\/p>\n<div class=\"fb-like\" data-href=\"https:\/\/www.facebook.com\/aconteceunovale\" data-width=\"120\" data-layout=\"standard\" data-action=\"like\" data-size=\"small\" data-show-faces=\"true\" data-share=\"true\"><\/div>\n<p><\/br><\/p>\n<p><em>(Com informa\u00e7\u00f5es do G1 dos Vales)<\/em><\/p>\n","protected":false},"excerpt":{"rendered":"<p>Foi encontrado o corpo da uma jovem de 21 anos que estava desparecida desde domingo (12), quando caiu em uma cachoeira no munic\u00edpio de S\u00e3o Pedro do Sua\u00e7u\u00ed, no Vale do Rio Doce. Segundo a Pol\u00edcia Militar (PM), as buscas foram retomadas na manh\u00e3 desta ter\u00e7a-feira (14) pelo Corpo de Bombeiros e a v\u00edtima Cleiciane [&hellip;]<\/p>\n","protected":false},"author":1,"featured_media":110432,"comment_status":"open","ping_status":"closed","sticky":false,"template":"","format":"standard","meta":{"amp_status":"","footnotes":""},"categories":[121],"tags":[142188,142183,142190,142189,142300,142181,142299,142185,142182,142187,142184,142186,162,322],"class_list":["post-110498","post","type-post","status-publish","format-standard","has-post-thumbnail","hentry","category-leste","tag-afogamento-de-jovem-de-sao-joao-evangelista","tag-afogamento-em-sao-pedro-do-suacui","tag-afogamento-na-cachoeira-dos-maretas","tag-cachoeira-dos-maretas","tag-cleiciane-ferreira","tag-cleiciane-ferreira-ribeiro","tag-encontrado-corpo-de-jovem-que-se-afogou-no-municipio-de-sao-pedro-do-suacui","tag-jovem-afogada-em-sao-pedro-do-suacui","tag-jovem-de-sao-joao-evangelista-desaparece-em-cachoeira-no-municipio-de-sao-pedro-do-suacui","tag-morte-de-jovem-de-sao-joao-evangelista","tag-morte-em-sao-pedro-do-suacui","tag-morte-por-afogamento-em-sao-pedro-do-suacui","tag-sao-joao-evangelista","tag-sao-pedro-do-suacui"],"_links":{"self":[{"href":"https:\/\/aconteceunovale.com.br\/portal\/index.php?rest_route=\/wp\/v2\/posts\/110498","targetHints":{"allow":["GET"]}}],"collection":[{"href":"https:\/\/aconteceunovale.com.br\/portal\/index.php?rest_route=\/wp\/v2\/posts"}],"about":[{"href":"https:\/\/aconteceunovale.com.br\/portal\/index.php?rest_route=\/wp\/v2\/types\/post"}],"author":[{"embeddable":true,"href":"https:\/\/aconteceunovale.com.br\/portal\/index.php?rest_route=\/wp\/v2\/users\/1"}],"replies":[{"embeddable":true,"href":"https:\/\/aconteceunovale.com.br\/portal\/index.php?rest_route=%2Fwp%2Fv2%2Fcomments&post=110498"}],"version-history":[{"count":0,"href":"https:\/\/aconteceunovale.com.br\/portal\/index.php?rest_route=\/wp\/v2\/posts\/110498\/revisions"}],"wp:featuredmedia":[{"embeddable":true,"href":"https:\/\/aconteceunovale.com.br\/portal\/index.php?rest_route=\/wp\/v2\/media\/110432"}],"wp:attachment":[{"href":"https:\/\/aconteceunovale.com.br\/portal\/index.php?rest_route=%2Fwp%2Fv2%2Fmedia&parent=110498"}],"wp:term":[{"taxonomy":"category","embeddable":true,"href":"https:\/\/aconteceunovale.com.br\/portal\/index.php?rest_route=%2Fwp%2Fv2%2Fcategories&post=110498"},{"taxonomy":"post_tag","embeddable":true,"href":"https:\/\/aconteceunovale.com.br\/portal\/index.php?rest_route=%2Fwp%2Fv2%2Ftags&post=110498"}],"curies":[{"name":"wp","href":"https:\/\/api.w.org\/{rel}","templated":true}]}}